{"id":86170,"date":"2024-08-26T11:56:59","date_gmt":"2024-08-26T17:56:59","guid":{"rendered":"https:\/\/redsemlac.com\/semmexico\/?p=86170"},"modified":"2024-08-26T12:07:53","modified_gmt":"2024-08-26T18:07:53","slug":"literatura-femenina-una-demanda-social-una-conversacion-con-las-poetas-gabriela-ruiz-y-giordana-sojo","status":"publish","type":"post","link":"https:\/\/redsemlac.com\/semmexico\/literatura-femenina-una-demanda-social-una-conversacion-con-las-poetas-gabriela-ruiz-y-giordana-sojo\/","title":{"rendered":"Literatura femenina, una demanda social: una conversaci\u00f3n con las poetas Gabriela Ruiz y Giordana Sojo"},"content":{"rendered":"\n<p class=\"wp-block-paragraph\">Gabriela Ruiz Agila. Ilustraci\u00f3n: Daniel Rey<\/p>\n\n\n\n<p class=\"wp-block-paragraph\">Cada vez m\u00e1s visibles en el escenario de las letras, las escritoras latinoamericanas&nbsp;han ganado reflectores sobre su obra.<\/p>\n\n\n\n<p class=\"wp-block-paragraph\">Atzayacatl Cabrera , FinD, 3\u00aa&nbsp;&nbsp;&nbsp;&nbsp; y \u00faltima parte<\/p>\n\n\n\n<p class=\"wp-block-paragraph\">SemM\u00e9xico\/El Sol de M\u00e9xico, Cd. de M\u00e9xico, 25 de agosto, 2024.- Gabriela Ruiz Aguila, poeta y periodista ecuatoriana; y&nbsp;Giordana Garc\u00eda Sojo, poeta y editora venezolana, coinciden en que en la actualidad&nbsp;hay un auge de las mujeres en el mundo literario.<\/p>\n\n\n\n<p class=\"wp-block-paragraph\">\u201cPor supuesto estamos ahora disfrutando de un nuevo boom porque adem\u00e1s de que la industria lo demanda, la sociedad lo requiere y&nbsp;busca literatura escrita por mujeres\u201d, considera Ruiz Agila, mientras que Garc\u00eda Sojo evita la palabra \u201cboom\u201d y opta por \u201cavanzada\u201d.<\/p>\n\n\n\n<p class=\"wp-block-paragraph\">Sus razones son que llamar \u201cboom\u201d al auge de autoras, nos traslada al Boom Latinoamericano de los a\u00f1os 60 y 70, cuando s\u00f3lo destacaron figuras masculinas y&nbsp;no hubo representaci\u00f3n de mujeres.<\/p>\n\n\n\n<p class=\"wp-block-paragraph\">\u201cHoy en d\u00eda, m\u00e1s que un boom, hay un cambio epist\u00e9mico, dir\u00eda yo (&#8230;)&nbsp;Ya son muchas m\u00e1s las mujeres que se publican&nbsp;porque tambi\u00e9n hay mujeres editoras, y gestoras culturales, y acad\u00e9micas, y lectoras (&#8230;) eso estimula a las escritoras\u201d, celebra Giordana.<\/p>\n\n\n\n<p class=\"wp-block-paragraph\">No obstante, ambas poetas son claras sobre la necesidad de que las personas lectoras se cuestionen qu\u00e9 y c\u00f3mo consumen la&nbsp;literatura hecha por mujeres, debido a que los intereses de la industria y el marketing suelen aprovechar la avanzada de autoras.<\/p>\n\n\n\n<p class=\"wp-block-paragraph\"><strong><em>Escribir desde los sue\u00f1os y proyectar un mejor futuro<\/em><\/strong><\/p>\n\n\n\n<p class=\"wp-block-paragraph\">A sus 41 a\u00f1os Gabriela Ruiz es y ha sido lo que siempre quiso ser \u201csoy una cronista, soy poeta (&#8230;)&nbsp;me he preparado toda la vida para poder escribir de las historias que yo elijo\u201d, las cuales nacen de la ense\u00f1oraci\u00f3n; \u201csoy adem\u00e1s una escritora on\u00edrica, yo tengo muchos de mis temas, fuentes y mensajes a trav\u00e9s de mis sue\u00f1os\u201d.<\/p>\n\n\n\n<p class=\"wp-block-paragraph\">Como poeta y escritora busco que quien me lea pueda vivir un poco de estas emociones; escuchar estas palabras en resistencia de las comunidades<\/p>\n\n\n\n<p class=\"wp-block-paragraph\"><strong>Gabriela Ruiz, poeta y periodista ecuatoriana<\/strong><\/p>\n\n\n\n<p class=\"wp-block-paragraph\">Para la oriunda de Ecuador, quien tambi\u00e9n ha vivido en M\u00e9xico, \u201cescribir es como respirar, aunque suene como un clich\u00e9\u201d. Sus versos, cr\u00f3nicas y reportajes abordan temas sociales y de cr\u00edtica. Incursion\u00f3 en el campo editorial con&nbsp;\u201cRelato de una for\u00e1nea\u201d (2007)&nbsp;cuando gan\u00f3 el primer lugar en Cr\u00f3nica, en el cincuentenario de la Universidad Aut\u00f3noma de Baja California; y una d\u00e9cada despu\u00e9s con&nbsp;\u201cMadame Ho. Escrituras de Viaje\u201d (2017), y con el que&nbsp;gan\u00f3 el Concurso Nacional de Poes\u00eda Ismael P\u00e9rez Pazmi\u00f1o.<\/p>\n\n\n\n<p class=\"wp-block-paragraph\">Pero Ruiz Agila no se concibe a s\u00ed misma sin la que califica como la obra a la que m\u00e1s amor le tiene:&nbsp;\u201cCaminar como Mujeres Amaz\u00f3nicas\u201d (2022). Al escribir, po\u00e9tica y period\u00edsticamente, sobre pueblos originarios y ancestrales del Ecuador y otras regiones de Am\u00e9rica Latina, es contundente y subraya que sin folclorizar ni hacer marketing, \u201ccomo poeta y escritora busco que quien me lea pueda vivir un poco de estas emociones; escuchar estas palabras en resistencia de las comunidades\u201d.<\/p>\n\n\n\n<p class=\"wp-block-paragraph\">Asidua lectora desde su adolescencia,&nbsp;Giordana Garc\u00eda, por su parte, decidi\u00f3 estudiar Letras y \u201cah\u00ed termin\u00e9 de constatar mi amor por la lectura (&#8230;) creo que antes de cualquier otra cosa soy lectora y quiero seguir si\u00e9ndolo\u201d.<\/p>\n\n\n\n<p class=\"wp-block-paragraph\">Fue justo su amor por la lectura, la que la llev\u00f3 a la edici\u00f3n y a su propia escritura, sobre todo \u201catravesada por experiencias particulares como todas, en mi caso la maternidad fue muy importante, pero tambi\u00e9n el contexto pol\u00edtico, el contexto social que vive Venezuela, que vivimos en el mundo (&#8230;) creo que hay que trabajar por un mejor futuro y proyectar un mejor futuro (&#8230;) yo me empe\u00f1o en tratar de abonar trabajo, en este caso desde la literatura, desde la promoci\u00f3n cultural\u201d.<\/p>\n\n\n\n<p class=\"wp-block-paragraph\">En medio de una&nbsp;\u201cuna explosi\u00f3n de pol\u00edticas p\u00fablicas editoriales\u201d&nbsp;en Venezuela, en donde \u201cse imprimieron millones de libros que se regalaban\u201d, Garc\u00eda Sojo hizo trayectoria en su trabajo como editora en la Fundaci\u00f3n Editorial El Perro y La Rana del Ministerio de la Cultura de Venezuela. \u201cAmo el trabajo de editar a otros, de promover a otros, s\u00e9 lo dif\u00edcil que es escribir y publicar y ser le\u00eddo en este campo tan minado por el marketing y los intereses netamente comerciales\u201d.<\/p>\n\n\n\n<figure class=\"wp-block-image size-full\"><a href=\"https:\/\/redsemlac.com\/semmexico\/wp-content\/uploads\/2024\/08\/literatura-femenina-02.png\"><img loading=\"lazy\" decoding=\"async\" width=\"720\" height=\"453\" src=\"https:\/\/redsemlac.com\/semmexico\/wp-content\/uploads\/2024\/08\/literatura-femenina-02.png\" alt=\"\" class=\"wp-image-86172\"\/><\/a><\/figure>\n\n\n\n<p class=\"wp-block-paragraph\">Giordana Garc\u00eda Sojo. Ilustraci\u00f3n: Daniel Rey<\/p>\n\n\n\n<p class=\"wp-block-paragraph\"><strong><em>Voces desde la marginalidad y un auge que seguir\u00e1 vigente<\/em><\/strong><\/p>\n\n\n\n<p class=\"wp-block-paragraph\">Ambas poetas coinciden en que el auge de&nbsp;escritoras latinoamericanas&nbsp;va de la mano con la avanzada de movimientos sociales como el&nbsp;feminismo en Latinoam\u00e9rica&nbsp;y el mundo, cuyo paradigma abre la puerta a cada vez m\u00e1s mujeres. En su editorial, Nila Ediciones, Giordana Garc\u00eda rescata el trabajo de venezolanas del siglo XX como&nbsp;Enriqueta Arvelo Larriva, Luz Machado, Mar\u00eda Calca\u00f1o, Lydda Franco, Ana Enriqueta Ter\u00e1n, entre otras.<\/p>\n\n\n\n<p class=\"wp-block-paragraph\">No creo que esperemos una lectura en masa, que todos me reconozcan y me lean; nosotros escribimos porque es nuestra naturaleza escribir Gabriela Ruiz Aguila, poeta y periodista ecuatoriana<\/p>\n\n\n\n<p class=\"wp-block-paragraph\">\u201cY en cuanto a poetas, a escritoras j\u00f3venes, contempor\u00e1neas, si lo circunscribimos a Am\u00e9rica Latina, aqu\u00ed en Venezuela, en narrativa mencionar\u00eda a Esmeralda Torres y a Sol Linares (&#8230;) creo que hay poetas fundamentales (&#8230;) por ejemplo, de las m\u00e1s j\u00f3venes, Elo\u00edsa Soto, Mar\u00eda Alejandra Rend\u00f3n, Vielsi Arias\u201d.<\/p>\n\n\n\n<figure class=\"wp-block-image size-full\"><a href=\"https:\/\/redsemlac.com\/semmexico\/wp-content\/uploads\/2024\/08\/literatura-femenina-03.png\"><img loading=\"lazy\" decoding=\"async\" width=\"720\" height=\"453\" src=\"https:\/\/redsemlac.com\/semmexico\/wp-content\/uploads\/2024\/08\/literatura-femenina-03.png\" alt=\"\" class=\"wp-image-86171\"\/><\/a><\/figure>\n\n\n\n<p class=\"wp-block-paragraph\">Fernanda Melchor. Ilustraci\u00f3n: Daniel Rey<\/p>\n\n\n\n<p class=\"wp-block-paragraph\">A nivel regional hay \u201cnombres muy importantes que ponen la vara muy alta de la escritura de mujeres (&#8230;) como Cristina Rivera Garza, que gan\u00f3 recientemente el Pulitzer (&#8230;) por supuesto, Mariana Enr\u00edquez, la maestra del terror, Samantha Schoebling, que me encanta. Ah, y hace poco le\u00ed una novela que se llama Limpia, de Al\u00eda Trabuco, que me fascin\u00f3 tambi\u00e9n por ese uso de la primera persona que impugna y que logra expresar una rabia de siglos\u201d.<\/p>\n\n\n\n<p class=\"wp-block-paragraph\">Para Ruiz Agila tambi\u00e9n hay nombres que se est\u00e1n citando mucho en este&nbsp;auge literario de mujeres&nbsp;como el de M\u00f3nica Ojeda, pero contrasta \u201chay otras compa\u00f1eras y autoras que est\u00e1n all\u00ed, que no se publicar\u00e1n sus libros en cientos y miles de copias, pero que tambi\u00e9n forman parte de un ecosistema, de un bosque en donde yo puedo encontrar sus voces y sentirme muy identificada en temas, quiz\u00e1s, vistos desde la marginalidad. Me gusta mucho el trabajo de mi amiga y poeta Luc\u00eda Moscoso (&#8230;) y de otras cronistas, como el trabajo de Carmen Noro\u00f1a\u201d.<\/p>\n\n\n\n<p class=\"wp-block-paragraph\">\u201cPero en esas otras formas de escritura y desde la marginalidad hay otros g\u00e9neros, de hecho partiendo desde la oralidad, o sea&nbsp;la capacidad que tienen muchas mujeres de ser narradoras&nbsp;pero en sus comunidades y en lenguas originarias, ancestrales, o aquellas que son trovadoras, que hacen sus creaciones musicales\u201d, revela la poeta y periodista.<\/p>\n\n\n\n<p class=\"wp-block-paragraph\">Para la&nbsp;camada de escritoras desde la marginalidad, entre las que se incluye ella misma, Gabriela Ruiz Agila remata \u201cno creo que esperemos una lectura en masa, que todos me reconozcan y me lean; nosotros escribimos porque es nuestra naturaleza escribir\u201d.<\/p>\n\n\n\n<p class=\"wp-block-paragraph\">La avanzada de&nbsp;escritoras latinoamericanas&nbsp;seguir\u00e1 vigente, conf\u00edan ambas poetas. \u201cYo misma trabajo para que eso sea as\u00ed, como editora, m\u00e1s all\u00e1 de mi trabajo como escritora (&#8230;) abrimos esta serie \u2018Yo misma fui mi ruta\u2019 -en editorial Fundarte- y creo que, como yo, hay muchas editoras y promotoras, editoras culturales, abonando hacia ese camino de robustecimiento (&#8230;) Hay muy buenas escritoras, de gran calidad (&#8230;) difundir y divulgar la escritura y la literatura escrita por mujeres; en eso trabajamos\u201d, concluye Garc\u00eda Sojo.<\/p>\n","protected":false},"excerpt":{"rendered":"<p>Gabriela Ruiz Agila. Ilustraci\u00f3n: Daniel Rey Cada vez m\u00e1s visibles en el escenario de las letras, las escritoras latinoamericanas&nbsp;han ganado reflectores sobre su obra. Atzayacatl Cabrera , FinD, 3\u00aa&nbsp;&nbsp;&nbsp;&nbsp; y \u00faltima parte SemM\u00e9xico\/El Sol de M\u00e9xico, Cd. de M\u00e9xico, 25 de agosto, 2024.- Gabriela Ruiz Aguila, poeta y periodista ecuatoriana; y&nbsp;Giordana Garc\u00eda Sojo, poeta y [&hellip;]<\/p>\n","protected":false},"author":3,"featured_media":86173,"comment_status":"open","ping_status":"open","sticky":false,"template":"","format":"standard","meta":{"_monsterinsights_skip_tracking":false,"footnotes":""},"categories":[694,54],"tags":[],"class_list":["post-86170","post","type-post","status-publish","format-standard","has-post-thumbnail","category-destacadas","category-mujeres"],"_links":{"self":[{"href":"https:\/\/redsemlac.com\/semmexico\/wp-json\/wp\/v2\/posts\/86170","targetHints":{"allow":["GET"]}}],"collection":[{"href":"https:\/\/redsemlac.com\/semmexico\/wp-json\/wp\/v2\/posts"}],"about":[{"href":"https:\/\/redsemlac.com\/semmexico\/wp-json\/wp\/v2\/types\/post"}],"author":[{"embeddable":true,"href":"https:\/\/redsemlac.com\/semmexico\/wp-json\/wp\/v2\/users\/3"}],"replies":[{"embeddable":true,"href":"https:\/\/redsemlac.com\/semmexico\/wp-json\/wp\/v2\/comments?post=86170"}],"version-history":[{"count":0,"href":"https:\/\/redsemlac.com\/semmexico\/wp-json\/wp\/v2\/posts\/86170\/revisions"}],"wp:featuredmedia":[{"embeddable":true,"href":"https:\/\/redsemlac.com\/semmexico\/wp-json\/wp\/v2\/media\/86173"}],"wp:attachment":[{"href":"https:\/\/redsemlac.com\/semmexico\/wp-json\/wp\/v2\/media?parent=86170"}],"wp:term":[{"taxonomy":"category","embeddable":true,"href":"https:\/\/redsemlac.com\/semmexico\/wp-json\/wp\/v2\/categories?post=86170"},{"taxonomy":"post_tag","embeddable":true,"href":"https:\/\/redsemlac.com\/semmexico\/wp-json\/wp\/v2\/tags?post=86170"}],"curies":[{"name":"wp","href":"https:\/\/api.w.org\/{rel}","templated":true}]}}