{"id":8615,"date":"2019-06-15T23:17:36","date_gmt":"2019-06-15T23:17:36","guid":{"rendered":"https:\/\/redsemlac.com\/semmexico\/?p=8615"},"modified":"2023-07-21T14:49:13","modified_gmt":"2023-07-21T19:49:13","slug":"mutilan-espectacular-donde-se-exige-justicia-para-sol","status":"publish","type":"post","link":"https:\/\/redsemlac.com\/semmexico\/mutilan-espectacular-donde-se-exige-justicia-para-sol\/","title":{"rendered":"Mutilan espectacular donde se exige Justicia para Sol"},"content":{"rendered":"\n<p class=\"wp-block-paragraph\"><strong><em>Fueron arrancadas las fotograf\u00edas del gobernador de Oaxaca y del Fiscal del Estado<\/em><\/strong><\/p>\n\n\n\n<p class=\"wp-block-paragraph\"><strong>Redacci\u00f3n<\/strong><\/p>\n\n\n\n<p class=\"wp-block-paragraph\">SemM\u00e9xico.\nOaxaca, 11 de junio de 2019.- Uno de los tres espectaculares colocados el\npasado 1 de junio para visibilizar el reclamo de Justicia para Mar\u00eda del Sol\nCruz Jarqu\u00edn, asesinada en Juchit\u00e1n de Zaragoza el pasado 2 de junio de 2018,\nfue vandalizado durante la madrugada de este lunes.<\/p>\n\n\n\n<p class=\"wp-block-paragraph\">Los\nespectaculares colocados con la aportaci\u00f3n financiera de activistas feministas\ny del movimiento amplio de mujeres de Oaxaca, cumpl\u00eda la demanda de visibilizar\nla falta de justicia para una de las tres v\u00edctimas del asesinato ocurrido en la\nregi\u00f3n del Istmo de Tehuantepec, sin que hasta ahora exista la aplicaci\u00f3n real\nde la justicia.<\/p>\n\n\n\n<p class=\"wp-block-paragraph\">El\nespectacular vandalizado est\u00e1 colocado sobre la carretera internacional,\nconocida como cerro del Fort\u00edn, donde fueron mutiladas las fotograf\u00edas del\ngobernador de Oaxaca Alejandro Murat y del fiscal General de Justicia, Rub\u00e9n\nVasconcelos M\u00e9ndez, que al igual que la fiscal especializada en Delitos\nElectorales, Araceli Pinelo L\u00f3pez, y los hermanos Francisco Javier y Hageo\nMontero L\u00f3pez, el primero ex secretario de Asuntos Ind\u00edgenas y el segundo ex\ncandidato a la presidencia municipal de Juchit\u00e1n de Zaragoza, hoy regidor de\nese municipio, son se\u00f1alados como parte de una red de complicidades.<\/p>\n\n\n\n<p class=\"wp-block-paragraph\">De\nigual forma, la Fiscal\u00eda General de Justicia del Estado retir\u00f3 de manera unilateral\nla guardia que desde junio pasado ten\u00eda la madre de Mar\u00eda del Sol Cruz Jarqu\u00edn,\nla periodista y defensora de Derechos Humanos, Soledad Jarqu\u00edn Edgar, dej\u00e1ndola\nen un estado de vulnerabilidad.<\/p>\n","protected":false},"excerpt":{"rendered":"<p>Fueron arrancadas las fotograf\u00edas del gobernador de Oaxaca y del Fiscal del Estado Redacci\u00f3n SemM\u00e9xico. Oaxaca, 11 de junio de 2019.- Uno de los tres espectaculares colocados el pasado 1 de junio para visibilizar el reclamo de Justicia para Mar\u00eda del Sol Cruz Jarqu\u00edn, asesinada en Juchit\u00e1n de Zaragoza el pasado 2 de junio de [&hellip;]<\/p>\n","protected":false},"author":3,"featured_media":8616,"comment_status":"open","ping_status":"open","sticky":false,"template":"","format":"standard","meta":{"_monsterinsights_skip_tracking":false,"footnotes":""},"categories":[690,54],"tags":[],"class_list":["post-8615","post","type-post","status-publish","format-standard","has-post-thumbnail","category-690","category-mujeres"],"_links":{"self":[{"href":"https:\/\/redsemlac.com\/semmexico\/wp-json\/wp\/v2\/posts\/8615","targetHints":{"allow":["GET"]}}],"collection":[{"href":"https:\/\/redsemlac.com\/semmexico\/wp-json\/wp\/v2\/posts"}],"about":[{"href":"https:\/\/redsemlac.com\/semmexico\/wp-json\/wp\/v2\/types\/post"}],"author":[{"embeddable":true,"href":"https:\/\/redsemlac.com\/semmexico\/wp-json\/wp\/v2\/users\/3"}],"replies":[{"embeddable":true,"href":"https:\/\/redsemlac.com\/semmexico\/wp-json\/wp\/v2\/comments?post=8615"}],"version-history":[{"count":0,"href":"https:\/\/redsemlac.com\/semmexico\/wp-json\/wp\/v2\/posts\/8615\/revisions"}],"wp:featuredmedia":[{"embeddable":true,"href":"https:\/\/redsemlac.com\/semmexico\/wp-json\/wp\/v2\/media\/8616"}],"wp:attachment":[{"href":"https:\/\/redsemlac.com\/semmexico\/wp-json\/wp\/v2\/media?parent=8615"}],"wp:term":[{"taxonomy":"category","embeddable":true,"href":"https:\/\/redsemlac.com\/semmexico\/wp-json\/wp\/v2\/categories?post=8615"},{"taxonomy":"post_tag","embeddable":true,"href":"https:\/\/redsemlac.com\/semmexico\/wp-json\/wp\/v2\/tags?post=8615"}],"curies":[{"name":"wp","href":"https:\/\/api.w.org\/{rel}","templated":true}]}}