{"id":8605,"date":"2019-06-15T23:05:19","date_gmt":"2019-06-15T23:05:19","guid":{"rendered":"https:\/\/redsemlac.com\/semmexico\/?p=8605"},"modified":"2023-07-21T14:49:13","modified_gmt":"2023-07-21T19:49:13","slug":"reinstalan-a-academica-en-la-uqroo-despedida-por-feminista","status":"publish","type":"post","link":"https:\/\/redsemlac.com\/semmexico\/reinstalan-a-academica-en-la-uqroo-despedida-por-feminista\/","title":{"rendered":"Reinstalan a acad\u00e9mica en la UQROO, despedida por feminista"},"content":{"rendered":"\n<p class=\"wp-block-paragraph\"><strong>Intervienen organizaciones y establecen di\u00e1logo con la rector\u00eda.<\/strong><\/p>\n\n\n\n<p class=\"wp-block-paragraph\"><strong>Graciela Machuca Mart\u00ednez<\/strong><\/p>\n\n\n\n<p class=\"wp-block-paragraph\">SemM\u00e9xico, Canc\u00fan, Q.R., 11 junio 2019.- Organizaciones de esta entidad y del pa\u00eds se congratulan con la reinstalaci\u00f3n de la Dra. Yunitzilin Rodr\u00edguez Pedraza, en la m\u00e1xima casa de estudios Universidad de Quintana Roo, para la continuidad de sus actividades acad\u00e9micas.<\/p>\n\n\n\n<p class=\"wp-block-paragraph\">La acad\u00e9mica de la UQROO Yuniltzilin Rodr\u00edguez Pedraza, hab\u00eda denunciado despido injustificado, acto cometido, dijo en su argumentaci\u00f3n derivado de sus actividades como activista, a lo que la UQROO en su portal Web, dio cuenta que la rescisi\u00f3n del contrato laboral obedec\u00eda a temas estrictamente universitarios.<\/p>\n\n\n\n<p class=\"wp-block-paragraph\">En este sentido, el rector de la Universidad de Quintana Roo, Dr. \u00c1ngel Rivero Palomo, reiter\u00f3 que las relaciones laborales en la instituci\u00f3n se definen estrictamente por la legislaci\u00f3n universitaria en donde se respetan las diversas maneras de pensamiento y expresi\u00f3n.<\/p>\n\n\n\n<p class=\"wp-block-paragraph\">El pronunciamiento suscrito por \u201cMaya sin Fronteras AC\u201d, organizaci\u00f3n impulsora de la equidad e igualdad de Derechos Humanos; integrantes del Observatorio Ciudadano Nacional del Feminicidio, y la Red de Feministas Peninsulares,&nbsp;&nbsp;reconocen la decisi\u00f3n tomada por el rector de la Universidad de Quintana Roo, \u201cque en un ejercicio de di\u00e1logo interesante y fruct\u00edfero donde queda de manifiesto la madurez de las partes quedando como un ejemplo de mecanismos alternos de soluci\u00f3n de conflictos y que en respeto a los derechos humanos y apegado a los t\u00e9rminos de legalidad se decidi\u00f3 la reinstalaci\u00f3n Rodr\u00edguez Pedraza, en su actividades acad\u00e9micas.<\/p>\n\n\n\n<p class=\"wp-block-paragraph\">La reinstalaci\u00f3n de Rodr\u00edguez Pedraza en la UQROO se da luego de un encuentro sostenido este lunes 10 de junio, entre las partes considerado como un mecanismo conciliatorio que busca el beneficio de la universidad y en una nueva oportunidad para la profesora, por parte de la rector\u00eda de la universidad de Quintana Roo que privilegi\u00f3 sus principios de disciplina, legalidad, objetividad, profesionalismo, honradez, lealtad, imparcialidad, integridad, rendici\u00f3n de cuentas, eficacia y eficiencia&nbsp;&nbsp;que rigen el servicio p\u00fablico, acorde a las acciones del respeto de los derechos humanos y a la igualdad de g\u00e9nero.<\/p>\n\n\n\n<p class=\"wp-block-paragraph\">En el di\u00e1logo cordial las organizaciones sociales defensoras de los derechos humanos de las mujeres, ven cumplidas la demanda plateada ante rector Dr. \u00c1ngel Rivero Palomo, para garantizar el respeto al libre pensamiento de las personas, donde la acad\u00e9mica se comprometi\u00f3 a respetar la legislaci\u00f3n universitaria, los programas de trabajo, a sus compa\u00f1eros, alumnos y \u00f3rganos colegiados institucionales y a mantener una comunicaci\u00f3n respetuosa dentro de la instituci\u00f3n.<\/p>\n\n\n\n<p class=\"wp-block-paragraph\">Yuniltzilin Rodr\u00edguez Pedroza es acad\u00e9mica de la UQROO, formadora de generaciones de universitarios y universitarias. Es una defensora de los derechos de las mujeres, es integrante del grupo de trabajo de la Alerta de Violencia de G\u00e9nero contra las Mujeres en Quintana Roo (AVGM) e integrante de Marea Verde Quintana Roo, entre otras actividades.<\/p>\n\n\n\n<p class=\"wp-block-paragraph\">El acto de negociaci\u00f3n y resoluci\u00f3n de conflictos en el marco de paz, privilegia la postura universitaria, para impulsar desde la academia el respeto a los derechos humanos y una vida libre de violencia.<\/p>\n\n\n\n<p class=\"wp-block-paragraph\">Bienvenido el dialogo amistoso desde la Universidad de Quintana Roo. En especial al rector Rivero Palomo, que privilegio el derecho alternativo con una muestra de voluntad para apostar a la continuidad de progreso y paz al interior de la m\u00e1xima casa de estudios y al mismo tiempo por parte de la profesora Yunitzilin Rodr\u00edguez Pedraza, de asumir y renovar su compromiso en pro de la Universidad de Quintana Roo.<\/p>\n\n\n\n<p class=\"wp-block-paragraph\">SEM\/gm\/sj<\/p>\n","protected":false},"excerpt":{"rendered":"<p>Intervienen organizaciones y establecen di\u00e1logo con la rector\u00eda. Graciela Machuca Mart\u00ednez SemM\u00e9xico, Canc\u00fan, Q.R., 11 junio 2019.- Organizaciones de esta entidad y del pa\u00eds se congratulan con la reinstalaci\u00f3n de la Dra. Yunitzilin Rodr\u00edguez Pedraza, en la m\u00e1xima casa de estudios Universidad de Quintana Roo, para la continuidad de sus actividades acad\u00e9micas. La acad\u00e9mica de [&hellip;]<\/p>\n","protected":false},"author":3,"featured_media":8606,"comment_status":"open","ping_status":"open","sticky":false,"template":"","format":"standard","meta":{"_monsterinsights_skip_tracking":false,"footnotes":""},"categories":[690,51],"tags":[],"class_list":["post-8605","post","type-post","status-publish","format-standard","has-post-thumbnail","category-690","category-ejecutivo"],"_links":{"self":[{"href":"https:\/\/redsemlac.com\/semmexico\/wp-json\/wp\/v2\/posts\/8605","targetHints":{"allow":["GET"]}}],"collection":[{"href":"https:\/\/redsemlac.com\/semmexico\/wp-json\/wp\/v2\/posts"}],"about":[{"href":"https:\/\/redsemlac.com\/semmexico\/wp-json\/wp\/v2\/types\/post"}],"author":[{"embeddable":true,"href":"https:\/\/redsemlac.com\/semmexico\/wp-json\/wp\/v2\/users\/3"}],"replies":[{"embeddable":true,"href":"https:\/\/redsemlac.com\/semmexico\/wp-json\/wp\/v2\/comments?post=8605"}],"version-history":[{"count":0,"href":"https:\/\/redsemlac.com\/semmexico\/wp-json\/wp\/v2\/posts\/8605\/revisions"}],"wp:featuredmedia":[{"embeddable":true,"href":"https:\/\/redsemlac.com\/semmexico\/wp-json\/wp\/v2\/media\/8606"}],"wp:attachment":[{"href":"https:\/\/redsemlac.com\/semmexico\/wp-json\/wp\/v2\/media?parent=8605"}],"wp:term":[{"taxonomy":"category","embeddable":true,"href":"https:\/\/redsemlac.com\/semmexico\/wp-json\/wp\/v2\/categories?post=8605"},{"taxonomy":"post_tag","embeddable":true,"href":"https:\/\/redsemlac.com\/semmexico\/wp-json\/wp\/v2\/tags?post=8605"}],"curies":[{"name":"wp","href":"https:\/\/api.w.org\/{rel}","templated":true}]}}