{"id":86041,"date":"2024-08-22T10:21:03","date_gmt":"2024-08-22T16:21:03","guid":{"rendered":"https:\/\/redsemlac.com\/semmexico\/?p=86041"},"modified":"2024-08-22T10:21:05","modified_gmt":"2024-08-22T16:21:05","slug":"pide-comision-permanente-a-economia-fortalecer-programas-de-apoyo-para-mujeres-emprendedoras","status":"publish","type":"post","link":"https:\/\/redsemlac.com\/semmexico\/pide-comision-permanente-a-economia-fortalecer-programas-de-apoyo-para-mujeres-emprendedoras\/","title":{"rendered":"Pide Comisi\u00f3n Permanente a Econom\u00eda fortalecer programas de apoyo para mujeres emprendedoras"},"content":{"rendered":"\n<ul class=\"wp-block-list\">\n<li>Senadores y diputados solicitaron fortalecer las estrategias de inclusi\u00f3n para las mujeres y ni\u00f1as ind\u00edgenas<\/li>\n<\/ul>\n\n\n\n<p class=\"wp-block-paragraph\">SemM\u00e9xico, Cd. de M\u00e9xico, 22 de agosto, 2024.-La Comisi\u00f3n Permanente del Congreso de la Uni\u00f3n aprob\u00f3 un dictamen para exhortar a la Secretar\u00eda de Econom\u00eda y a sus hom\u00f3logas en las entidades federativas, para que fortalezcan los programas y pol\u00edticas p\u00fablicas para brindar oportunidades de desarrollo para las mujeres.<\/p>\n\n\n\n<p class=\"wp-block-paragraph\">De acuerdo con la Encuesta Nacional de Ocupaci\u00f3n y Empleo, el promedio en el ingreso mensual real de las mujeres para 2018 fue de tres mil 557 pesos, mientras que en el caso de los hombres fue de cuatro mil 446, una diferencia de 25 por ciento.<\/p>\n\n\n\n<p class=\"wp-block-paragraph\">Los legisladores coincidieron en el documento, en que es necesario fomentar la autonom\u00eda econ\u00f3mica de las mujeres, para cerrar brechas hist\u00f3ricas de desigualdad. Pues atender esta situaci\u00f3n ser\u00e1 un logro para alcanzar la paridad entre mujeres y hombres.<\/p>\n\n\n\n<p class=\"wp-block-paragraph\">Para presentar el dictamen, la diputada Alejandra Pani Barrag\u00e1n, de Morena, sostuvo que las condiciones de vida de las mujeres y ni\u00f1as, en M\u00e9xico, presentan rezagos en \u00e1reas como salud, educaci\u00f3n, ingresos y propiedad de la tierra, lo que afecta su bienestar general.<\/p>\n\n\n\n<p class=\"wp-block-paragraph\">\u201cCualquier pol\u00edtica que aspire en impactar en la igualdad entre mujeres y hombres, debe centrarse en transformar estos factores estructurales de desigualdad\u201d, agreg\u00f3.\u00a0<\/p>\n\n\n\n<p class=\"wp-block-paragraph\">Los legisladores destacaron que, en el \u00e1mbito rural, las mujeres hacen frente a condiciones desfavorables para una participaci\u00f3n reconocida y valorada, pues enfrentan un limitado acceso a guarder\u00edas, a cr\u00e9ditos productivos y a bienes de producci\u00f3n, estos factores se agravan por la exclusi\u00f3n cultural sobre la propiedad de la tierra y de la toma de decisiones en espacios comunitarios para el desarrollo, dijeron.<\/p>\n\n\n\n<p class=\"wp-block-paragraph\">Por ello, dentro del dictamen aprobado, tambi\u00e9n solicitaron al Instituto Nacional de los Pueblos Ind\u00edgenas y al Instituto Nacional de las Mujeres, a fortalecer las estrategias de inclusi\u00f3n para las mujeres y ni\u00f1as ind\u00edgenas con discapacidad en condiciones de igualdad y sin discriminaci\u00f3n.<\/p>\n\n\n\n<p class=\"wp-block-paragraph\">El reconocimiento y la protecci\u00f3n de los derechos de la mujer, se debe atender por varios flancos, no solamente como una comprensi\u00f3n efectiva, sino a rango constitucional, convencional y legal, expresaron las y los legisladores.<\/p>\n\n\n\n<p class=\"wp-block-paragraph\"><strong>RGS<\/strong><\/p>\n\n\n\n<p class=\"wp-block-paragraph\"><strong><em>0-0-0<\/em><\/strong><\/p>\n\n\n\n<p class=\"wp-block-paragraph\">&#8230;<\/p>\n","protected":false},"excerpt":{"rendered":"<p>SemM\u00e9xico, Cd. de M\u00e9xico, 22 de agosto, 2024.-La Comisi\u00f3n Permanente del Congreso de la Uni\u00f3n aprob\u00f3 un dictamen para exhortar a la Secretar\u00eda de Econom\u00eda y a sus hom\u00f3logas en las entidades federativas, para que fortalezcan los programas y pol\u00edticas p\u00fablicas para brindar oportunidades de desarrollo para las mujeres. De acuerdo con la Encuesta Nacional [&hellip;]<\/p>\n","protected":false},"author":3,"featured_media":86043,"comment_status":"open","ping_status":"open","sticky":false,"template":"","format":"standard","meta":{"_monsterinsights_skip_tracking":false,"footnotes":""},"categories":[50],"tags":[1101,68,807,1102,149,1103],"class_list":["post-86041","post","type-post","status-publish","format-standard","has-post-thumbnail","category-congreso","tag-apoyo","tag-congreso","tag-economia","tag-emprendedoras","tag-mujeres","tag-politicas-publicas"],"_links":{"self":[{"href":"https:\/\/redsemlac.com\/semmexico\/wp-json\/wp\/v2\/posts\/86041","targetHints":{"allow":["GET"]}}],"collection":[{"href":"https:\/\/redsemlac.com\/semmexico\/wp-json\/wp\/v2\/posts"}],"about":[{"href":"https:\/\/redsemlac.com\/semmexico\/wp-json\/wp\/v2\/types\/post"}],"author":[{"embeddable":true,"href":"https:\/\/redsemlac.com\/semmexico\/wp-json\/wp\/v2\/users\/3"}],"replies":[{"embeddable":true,"href":"https:\/\/redsemlac.com\/semmexico\/wp-json\/wp\/v2\/comments?post=86041"}],"version-history":[{"count":0,"href":"https:\/\/redsemlac.com\/semmexico\/wp-json\/wp\/v2\/posts\/86041\/revisions"}],"wp:featuredmedia":[{"embeddable":true,"href":"https:\/\/redsemlac.com\/semmexico\/wp-json\/wp\/v2\/media\/86043"}],"wp:attachment":[{"href":"https:\/\/redsemlac.com\/semmexico\/wp-json\/wp\/v2\/media?parent=86041"}],"wp:term":[{"taxonomy":"category","embeddable":true,"href":"https:\/\/redsemlac.com\/semmexico\/wp-json\/wp\/v2\/categories?post=86041"},{"taxonomy":"post_tag","embeddable":true,"href":"https:\/\/redsemlac.com\/semmexico\/wp-json\/wp\/v2\/tags?post=86041"}],"curies":[{"name":"wp","href":"https:\/\/api.w.org\/{rel}","templated":true}]}}