{"id":8596,"date":"2019-06-15T22:51:41","date_gmt":"2019-06-15T22:51:41","guid":{"rendered":"https:\/\/redsemlac.com\/semmexico\/?p=8596"},"modified":"2023-07-21T14:49:13","modified_gmt":"2023-07-21T19:49:13","slug":"desconocen-en-guerrero-contenido-de-spotlight","status":"publish","type":"post","link":"https:\/\/redsemlac.com\/semmexico\/desconocen-en-guerrero-contenido-de-spotlight\/","title":{"rendered":"Desconocen en Guerrero contenido de Spotlight"},"content":{"rendered":"\n<p class=\"wp-block-paragraph\"><strong><em>Chilpancingo es uno de los cinco municipios que se anunci\u00f3 beneficiar\u00e1 el programa.<\/em><\/strong><\/p>\n\n\n\n<p class=\"wp-block-paragraph\"><strong>Josefina Aguilar Pastor\u00a0<\/strong>\u00a0\u00a0\u00a0\u00a0 <\/p>\n\n\n\n<p class=\"wp-block-paragraph\">SemM\u00e9xico, Chilpancingo,\nGro., 10 junio 2019.- La iniciativa europea, \u201cSpotlight\u201d, es una oportunidad\npara el gobierno del Estado de dar continuidad a las pol\u00edticas p\u00fablicas que\nhasta el momento ha venido implementando en la atenci\u00f3n del problema de la violencia\ncontra las mujeres, al menos en el municipio de Chilpancingo, inform\u00f3 el\nSecretario General de Gobierno, Florencio Salazar Adame.<\/p>\n\n\n\n<p class=\"wp-block-paragraph\">El funcionario\nestatal coment\u00f3 que a\u00fan no hay una claridad sobre la operaci\u00f3n e implementaci\u00f3n\nde dicho programa, dado a conocer el pasado 29 de mayo por el presidente de la\nrep\u00fablica, Andr\u00e9s Manuel L\u00f3pez Obrador.<\/p>\n\n\n\n<p class=\"wp-block-paragraph\">\u201cEs un programa\nbienvenido, est\u00e1 incluyendo a Chilpancingo, dentro del programa inicial, lo\ncual nos parece que ser\u00e1 un apoyo m\u00e1s para que nosotros podamos continuar estas\npol\u00edticas\u201d, refiri\u00f3 el tambi\u00e9n presidente del Sistema Estatal para Prevenir,\nAtender, Sancionar y Erradicar la Violencia en contra de las Mujeres.<\/p>\n\n\n\n<p class=\"wp-block-paragraph\">Salazar Adame dijo\nque a\u00fan desconoc\u00eda la coordinaci\u00f3n que se establecer\u00eda tanto entre el gobierno\nfederal, estatal y municipal para la aplicaci\u00f3n de los recursos, las\nestrategias a implementar \u201cno lo s\u00e9, lo \u00fanico que sabemos es el anuncio del\nprograma, pero no sabemos del contenido\u201d.<\/p>\n\n\n\n<p class=\"wp-block-paragraph\">Lo prioritario es\nconocer el contenido del programa, sus alcances y metas, insisti\u00f3 el secretario\nGeneral de Gobierno, antes de pensar en ampliarlo a otros municipios, al\nreferir que, en este momento, solo Chilpancingo ha sido incluido en el mismo.<\/p>\n\n\n\n<p class=\"wp-block-paragraph\">En 2017, la Comisi\u00f3n\nNacional para Prevenir y Erradicar la Violencia Contra las Mujeres (Conavim),\ndeclar\u00f3 Alerta de Violencia de G\u00e9nero (AVG), para ocho municipios del Estado de\nGuerrero, en los que de acuerdo al estudio presentado en la solicitud de las\npeticionarias, se registran los m\u00e1s altos \u00edndices de feminicidio.<\/p>\n\n\n\n<p class=\"wp-block-paragraph\">Seg\u00fan el seguimiento que\norganizaciones, durante el 2018 la cifra de homicidios dolosos de mujeres con\npresunci\u00f3n de feminicidios lleg\u00f3 a 230, mientras que en el 2017 los casos\nfueron 170, y en lo que va del 2019, suman poco m\u00e1s de 100.<\/p>\n\n\n\n<p class=\"wp-block-paragraph\">De acuerdo a la\ndefinici\u00f3n oficial de la iniciativa Spotlight, se nombra as\u00ed \u201cporque llama la\natenci\u00f3n sobre esta cuesti\u00f3n, sac\u00e1ndola a la luz p\u00fablica y convirti\u00e9ndola en el\ncentro de todos los esfuerzos encaminados a hacer realidad la igualdad de\ng\u00e9nero y el empoderamiento de la mujer, en consonancia con la Agenda 2030 para\nel Desarrollo Sostenible\u201d. <\/p>\n\n\n\n<p class=\"wp-block-paragraph\">SEM\/jap\/sj<\/p>\n","protected":false},"excerpt":{"rendered":"<p>Chilpancingo es uno de los cinco municipios que se anunci\u00f3 beneficiar\u00e1 el programa. Josefina Aguilar Pastor\u00a0\u00a0\u00a0\u00a0\u00a0 SemM\u00e9xico, Chilpancingo, Gro., 10 junio 2019.- La iniciativa europea, \u201cSpotlight\u201d, es una oportunidad para el gobierno del Estado de dar continuidad a las pol\u00edticas p\u00fablicas que hasta el momento ha venido implementando en la atenci\u00f3n del problema de la [&hellip;]<\/p>\n","protected":false},"author":3,"featured_media":8597,"comment_status":"open","ping_status":"open","sticky":false,"template":"","format":"standard","meta":{"_monsterinsights_skip_tracking":false,"footnotes":""},"categories":[690,51],"tags":[],"class_list":["post-8596","post","type-post","status-publish","format-standard","has-post-thumbnail","category-690","category-ejecutivo"],"_links":{"self":[{"href":"https:\/\/redsemlac.com\/semmexico\/wp-json\/wp\/v2\/posts\/8596","targetHints":{"allow":["GET"]}}],"collection":[{"href":"https:\/\/redsemlac.com\/semmexico\/wp-json\/wp\/v2\/posts"}],"about":[{"href":"https:\/\/redsemlac.com\/semmexico\/wp-json\/wp\/v2\/types\/post"}],"author":[{"embeddable":true,"href":"https:\/\/redsemlac.com\/semmexico\/wp-json\/wp\/v2\/users\/3"}],"replies":[{"embeddable":true,"href":"https:\/\/redsemlac.com\/semmexico\/wp-json\/wp\/v2\/comments?post=8596"}],"version-history":[{"count":0,"href":"https:\/\/redsemlac.com\/semmexico\/wp-json\/wp\/v2\/posts\/8596\/revisions"}],"wp:featuredmedia":[{"embeddable":true,"href":"https:\/\/redsemlac.com\/semmexico\/wp-json\/wp\/v2\/media\/8597"}],"wp:attachment":[{"href":"https:\/\/redsemlac.com\/semmexico\/wp-json\/wp\/v2\/media?parent=8596"}],"wp:term":[{"taxonomy":"category","embeddable":true,"href":"https:\/\/redsemlac.com\/semmexico\/wp-json\/wp\/v2\/categories?post=8596"},{"taxonomy":"post_tag","embeddable":true,"href":"https:\/\/redsemlac.com\/semmexico\/wp-json\/wp\/v2\/tags?post=8596"}],"curies":[{"name":"wp","href":"https:\/\/api.w.org\/{rel}","templated":true}]}}