{"id":8593,"date":"2019-06-15T22:41:16","date_gmt":"2019-06-15T22:41:16","guid":{"rendered":"https:\/\/redsemlac.com\/semmexico\/?p=8593"},"modified":"2023-07-21T14:49:13","modified_gmt":"2023-07-21T19:49:13","slug":"justicia-para-feminicidio-de-su-mama-pide-diputada-infantil-en-oaxaca","status":"publish","type":"post","link":"https:\/\/redsemlac.com\/semmexico\/justicia-para-feminicidio-de-su-mama-pide-diputada-infantil-en-oaxaca\/","title":{"rendered":"Justicia para feminicidio de su mam\u00e1 pide Diputada infantil en Oaxaca"},"content":{"rendered":"\n<ul class=\"wp-block-list\"><li><strong><em>Pide a Rub\u00e9n Vasconcelos\u00a0 y Alejandro Murat dar cifras de hu\u00e9rfanos por feminicidio<\/em><\/strong><\/li><\/ul>\n\n\n\n<p class=\"wp-block-paragraph\"><strong>Redacci\u00f3n<\/strong><\/p>\n\n\n\n<p class=\"wp-block-paragraph\">SemM\u00e9xico, San Raymundo Jalpan, Oax., 10 junio 2019.- A\nlos ni\u00f1os y ni\u00f1as hu\u00e9rfanas de feminicidio en Oaxaca el Estado nos falla m\u00e1s de\nuna vez; lo hizo cuando no supo garantizar la seguridad de mam\u00e1 y lo vuelve\nhacer con su incompetencia para garantizarles justicia; as\u00ed lo denunci\u00f3\nVer\u00f3nica Ramos Garc\u00eda, Diputada infantil por el Distrito 15, Santa Cruz\nXoxocotl\u00e1n. <\/p>\n\n\n\n<p class=\"wp-block-paragraph\">La legisladora infantil pidi\u00f3 a las instancias de\nprocuraci\u00f3n e impartici\u00f3n de justicia terminar con la impunidad en la que\npermanecen &nbsp;las muertes de mujeres en\nOaxaca, tal como lo corrobora el caso de su madre, asesinada hace cinco a\u00f1os. <\/p>\n\n\n\n<p class=\"wp-block-paragraph\">\u201cSon criminales los que mataron a mam\u00e1 y los que hasta\nhoy, cinco a\u00f1os despu\u00e9s, esconden la cara para otorgarnos justicia\u201d, se\u00f1al\u00f3.<\/p>\n\n\n\n<p class=\"wp-block-paragraph\">Rosal\u00eda Garc\u00eda Garc\u00eda fue asesinada el 10 de julio del\n2014 en Santa Cruz Xoxocotl\u00e1n, crimen que hasta la fecha permanece en la\nimpunidad dado que solo fue detenido uno de los dos implicados en el delito. <\/p>\n\n\n\n<p class=\"wp-block-paragraph\">\u201cMi mam\u00e1 fue asesinada en el 2014 y hasta el d\u00eda de hoy\nesperamos justicia y sentencia al \u00fanico detenido; son criminales los que\nmataron a mam\u00e1 y los que hasta hoy, cinco a\u00f1os despu\u00e9s, esconden la cara para\notorgarnos justicia\u201d. Denunci\u00f3. <\/p>\n\n\n\n<p class=\"wp-block-paragraph\">La ni\u00f1a de nueve a\u00f1os de edad, solicit\u00f3 al Ejecutivo\nEstatal, al titular de la Fiscal\u00eda General del Estado y a la Secretaria de la\nMujer Oaxaque\u00f1a hacer p\u00fablico las cifras de las y los ni\u00f1os que en Oaxaca se\nhan quedado hu\u00e9rfanos a causa del feminicidio de su mam\u00e1. <\/p>\n\n\n\n<p class=\"wp-block-paragraph\">En lo que va de la presente administraci\u00f3n que encabeza\nAlejandro Murat Hinojosa, diversos colectivos han denunciado que la cifra de\nmujeres asesinadas supera los trecientos casos. <\/p>\n\n\n\n<p class=\"wp-block-paragraph\">SEM\/sj<\/p>\n","protected":false},"excerpt":{"rendered":"<p>Pide a Rub\u00e9n Vasconcelos\u00a0 y Alejandro Murat dar cifras de hu\u00e9rfanos por feminicidio Redacci\u00f3n SemM\u00e9xico, San Raymundo Jalpan, Oax., 10 junio 2019.- A los ni\u00f1os y ni\u00f1as hu\u00e9rfanas de feminicidio en Oaxaca el Estado nos falla m\u00e1s de una vez; lo hizo cuando no supo garantizar la seguridad de mam\u00e1 y lo vuelve hacer con [&hellip;]<\/p>\n","protected":false},"author":3,"featured_media":8594,"comment_status":"open","ping_status":"open","sticky":false,"template":"","format":"standard","meta":{"_monsterinsights_skip_tracking":false,"footnotes":""},"categories":[690,50],"tags":[],"class_list":["post-8593","post","type-post","status-publish","format-standard","has-post-thumbnail","category-690","category-congreso"],"_links":{"self":[{"href":"https:\/\/redsemlac.com\/semmexico\/wp-json\/wp\/v2\/posts\/8593","targetHints":{"allow":["GET"]}}],"collection":[{"href":"https:\/\/redsemlac.com\/semmexico\/wp-json\/wp\/v2\/posts"}],"about":[{"href":"https:\/\/redsemlac.com\/semmexico\/wp-json\/wp\/v2\/types\/post"}],"author":[{"embeddable":true,"href":"https:\/\/redsemlac.com\/semmexico\/wp-json\/wp\/v2\/users\/3"}],"replies":[{"embeddable":true,"href":"https:\/\/redsemlac.com\/semmexico\/wp-json\/wp\/v2\/comments?post=8593"}],"version-history":[{"count":0,"href":"https:\/\/redsemlac.com\/semmexico\/wp-json\/wp\/v2\/posts\/8593\/revisions"}],"wp:featuredmedia":[{"embeddable":true,"href":"https:\/\/redsemlac.com\/semmexico\/wp-json\/wp\/v2\/media\/8594"}],"wp:attachment":[{"href":"https:\/\/redsemlac.com\/semmexico\/wp-json\/wp\/v2\/media?parent=8593"}],"wp:term":[{"taxonomy":"category","embeddable":true,"href":"https:\/\/redsemlac.com\/semmexico\/wp-json\/wp\/v2\/categories?post=8593"},{"taxonomy":"post_tag","embeddable":true,"href":"https:\/\/redsemlac.com\/semmexico\/wp-json\/wp\/v2\/tags?post=8593"}],"curies":[{"name":"wp","href":"https:\/\/api.w.org\/{rel}","templated":true}]}}