{"id":8590,"date":"2019-06-15T22:38:03","date_gmt":"2019-06-15T22:38:03","guid":{"rendered":"https:\/\/redsemlac.com\/semmexico\/?p=8590"},"modified":"2023-07-21T14:49:13","modified_gmt":"2023-07-21T19:49:13","slug":"la-paridad-no-es-prioritaria-para-murat","status":"publish","type":"post","link":"https:\/\/redsemlac.com\/semmexico\/la-paridad-no-es-prioritaria-para-murat\/","title":{"rendered":"La paridad no es prioritaria para Murat"},"content":{"rendered":"\n<p class=\"wp-block-paragraph\"><strong><em>Designa a 9 nuevos funcionarios, s\u00f3lo tres son mujeres.<\/em><\/strong><\/p>\n\n\n\n<p class=\"wp-block-paragraph\"><strong>Redacci\u00f3n <\/strong><\/p>\n\n\n\n<p class=\"wp-block-paragraph\">SemM\u00e9xico, Oaxaca, 10 junio 2019.- Diputadas\nfederales por Oaxaca y locales se\u00f1alaron aqu\u00ed que el gobernador Alejandro Murat\nHinojosa perdi\u00f3 la oportunidad de ser vanguardia en el cumplimiento de la\nReforma Constitucional que establece la Paridad en los cargos de designaci\u00f3n de\nprimer orden, como lo es el Gabinete del Ejecutivo.<\/p>\n\n\n\n<p class=\"wp-block-paragraph\">Esto luego de que esta ma\u00f1ana se dieran a\nconocer el nombramiento de nuevos funcionarios del Gabinete de Murat Hinojosa,\ndonde de nueve nombramientos, solo tres corresponden a mujeres dentro de su\nestructura de gobierno, por lo que explicaron:<\/p>\n\n\n\n<p class=\"wp-block-paragraph\">\u201cMurat sepulta la idea de tener una visi\u00f3n\nprogresista, se pierde la oportunidad de ser vanguardia en el reconocimiento de\nlas capacidades y logros de las mujeres por encima de la concertaci\u00f3n o\ncompromisos pol\u00edticos.<\/p>\n\n\n\n<p class=\"wp-block-paragraph\">\u201cEs claro que, a partir de ahora, cualquier nombramiento\nque realice estar\u00e1 bajo la decepci\u00f3n moral de que lo hace solo por cumplir y no\npor convicci\u00f3n democr\u00e1tica. Es una verg\u00fcenza, Oaxaca crece en feminicidios, en\nviolencia pol\u00edtica y conductas regresivas no abonan al crecimiento que todas y\ntodos merecemos\u201d.<\/p>\n\n\n\n<p class=\"wp-block-paragraph\">En conferencia de prensa, las legisladoras sostienen que perdi\u00f3 la enorme\noportunidad de dar un paso hist\u00f3rico en materia de Igualdad, equilibrando el\nn\u00famero de mujeres y hombres que integran su Gabinete. Garantizar iguales\nderechos y oportunidades a las mujeres no solo es justo, sino que adem\u00e1s\nimpulsa el desarrollo de la sociedad igualitaria que necesitamos.<\/p>\n\n\n\n<p class=\"wp-block-paragraph\">Las diputadas federales oaxaque\u00f1as e impulsoras\nde esta hist\u00f3rica reforma aprobada en mayo pasado y que expresaron su molestia\nson Maribel Mart\u00ednez Ruiz, Margarita Garc\u00eda Garc\u00eda, Natividad D\u00edaz Jim\u00e9nez y\nRosalinda Dom\u00ednguez Flores; las diputadas locales Aleida Serrano Rosado y Elim\nAntonio Aquino, as\u00ed como la regidora del Ayuntamiento de Oaxaca de Ju\u00e1rez,\nMiriam V\u00e1zquez Ruiz.<\/p>\n\n\n\n<p class=\"wp-block-paragraph\">De acuerdo a un comunicado, explican que la\n\u00faltima Reforma Constitucional Federal que obliga a todo el Sistema\nConstitucional de Competencias a la igualdad sustantiva entre mujeres y hombres\nsignifica el reconocimiento de los Derechos para construir la toma de decisiones\ny el espacio de poder de manera responsable y compartida en cada uno de los\nPoderes y \u00d3rganos Constitucionales Aut\u00f3nomos y en los tres \u00f3rdenes de Gobierno.<\/p>\n\n\n\n<p class=\"wp-block-paragraph\">La construcci\u00f3n de liderazgo del pa\u00eds y las\nentidades federativas no ser\u00e1 m\u00e1s de un solo g\u00e9nero, dijeron enf\u00e1ticas las\nlegisladoras de la bancada oaxaque\u00f1a en el Congreso de la Uni\u00f3n y la C\u00e1mara\nLocal, as\u00ed como la regidora capitalina, todas activas promoventes de dicha\nReforma.<\/p>\n\n\n\n<p class=\"wp-block-paragraph\">\u201cEst\u00e1\ncomprobado que la presencia de mujeres en cargos directivos es fundamental,\nporque es ah\u00ed donde se toman las decisiones y donde se debe demostrar que tener\ngabinetes paritarios hace una diferencia, mejora la vida de las mujeres y de\nlos hombres y crea un sentido de corresponsabilidad; esto en Oaxaca est\u00e1 muy\nclaro, por ello el poder Legislativo del Estado de Oaxaca tambi\u00e9n aprob\u00f3 la\nReforma para que esto sucediera y as\u00ed deber\u00eda acatarse, m\u00e1s all\u00e1 del periodo de\ngracia concedido\u201d.<\/p>\n\n\n\n<p class=\"wp-block-paragraph\">SEM\/sj<\/p>\n","protected":false},"excerpt":{"rendered":"<p>Designa a 9 nuevos funcionarios, s\u00f3lo tres son mujeres. Redacci\u00f3n SemM\u00e9xico, Oaxaca, 10 junio 2019.- Diputadas federales por Oaxaca y locales se\u00f1alaron aqu\u00ed que el gobernador Alejandro Murat Hinojosa perdi\u00f3 la oportunidad de ser vanguardia en el cumplimiento de la Reforma Constitucional que establece la Paridad en los cargos de designaci\u00f3n de primer orden, como [&hellip;]<\/p>\n","protected":false},"author":3,"featured_media":8591,"comment_status":"open","ping_status":"open","sticky":false,"template":"","format":"standard","meta":{"_monsterinsights_skip_tracking":false,"footnotes":""},"categories":[690,50],"tags":[],"class_list":["post-8590","post","type-post","status-publish","format-standard","has-post-thumbnail","category-690","category-congreso"],"_links":{"self":[{"href":"https:\/\/redsemlac.com\/semmexico\/wp-json\/wp\/v2\/posts\/8590","targetHints":{"allow":["GET"]}}],"collection":[{"href":"https:\/\/redsemlac.com\/semmexico\/wp-json\/wp\/v2\/posts"}],"about":[{"href":"https:\/\/redsemlac.com\/semmexico\/wp-json\/wp\/v2\/types\/post"}],"author":[{"embeddable":true,"href":"https:\/\/redsemlac.com\/semmexico\/wp-json\/wp\/v2\/users\/3"}],"replies":[{"embeddable":true,"href":"https:\/\/redsemlac.com\/semmexico\/wp-json\/wp\/v2\/comments?post=8590"}],"version-history":[{"count":0,"href":"https:\/\/redsemlac.com\/semmexico\/wp-json\/wp\/v2\/posts\/8590\/revisions"}],"wp:featuredmedia":[{"embeddable":true,"href":"https:\/\/redsemlac.com\/semmexico\/wp-json\/wp\/v2\/media\/8591"}],"wp:attachment":[{"href":"https:\/\/redsemlac.com\/semmexico\/wp-json\/wp\/v2\/media?parent=8590"}],"wp:term":[{"taxonomy":"category","embeddable":true,"href":"https:\/\/redsemlac.com\/semmexico\/wp-json\/wp\/v2\/categories?post=8590"},{"taxonomy":"post_tag","embeddable":true,"href":"https:\/\/redsemlac.com\/semmexico\/wp-json\/wp\/v2\/tags?post=8590"}],"curies":[{"name":"wp","href":"https:\/\/api.w.org\/{rel}","templated":true}]}}