{"id":85860,"date":"2024-08-19T19:41:17","date_gmt":"2024-08-20T01:41:17","guid":{"rendered":"https:\/\/redsemlac.com\/semmexico\/?p=85860"},"modified":"2024-08-19T19:41:18","modified_gmt":"2024-08-20T01:41:18","slug":"en-la-ciudad-de-mexico-clara-brugada-anuncia-gabinete-que-dice-gobernaran-con-perspectiva-feminista-11-mujeres-y-10-hombres","status":"publish","type":"post","link":"https:\/\/redsemlac.com\/semmexico\/en-la-ciudad-de-mexico-clara-brugada-anuncia-gabinete-que-dice-gobernaran-con-perspectiva-feminista-11-mujeres-y-10-hombres\/","title":{"rendered":"En la Ciudad de M\u00e9xico, Clara Brugada anuncia gabinete, que dice gobernar\u00e1n con perspectiva feminista:\u00a0 11 mujeres, y 10 hombres"},"content":{"rendered":"\n<p class=\"wp-block-paragraph\">Mujeres interesantes, no se sabe porque la de INMUJERES va a salud y en la Secretar\u00eda de las Mujeres vieja luchadora<br>En trabajo designa a la coordinadora de la Red de Mujeres Sindicalistas; nombra a deudor alimentario<\/p>\n\n\n\n<p class=\"wp-block-paragraph\">Elda Montiel<\/p>\n\n\n\n<p class=\"wp-block-paragraph\">SemM\u00e9xico, Ciudad de M\u00e9xico, 19 de agosto, 2024.- Clara Brugada Molina, la jefa electa de la Ciudad de M\u00e9xico, al dar a conocer este lunes a las mujeres y hombres que integran su gabinete, 12 mujeres y 10 hombres, prometi\u00f3 que todas las secretar\u00edas tendr\u00e1n una perspectiva feminista, y que van a trabajar muy de cerca para lograr que sea un gobierno para todas, para todos y para todes.<\/p>\n\n\n\n<p class=\"wp-block-paragraph\">En el nombramiento de las mujeres destacan dos feministas Daptnhe Cuevas Ortiz, economista ha sido directoras de Consorcio para el Dialogo Parlamentario y la Equidad, y promotora de leyes y pol\u00edticas p\u00fablicas con perspectiva de g\u00e9nero, e In\u00e9s Gonz\u00e1lez, soci\u00f3loga, reconocida sindicalista que ha dedicado su carrera a la defensa de los derechos laborales con perspectiva de g\u00e9nero.<\/p>\n\n\n\n<p class=\"wp-block-paragraph\">Dijo que las bases que rigen al gabinete paritario son experiencia, conocimiento, formaci\u00f3n acad\u00e9mica, sensibilidad, honestidad y compromiso con la transformaci\u00f3n. Tambi\u00e9n confirm\u00f3 la creaci\u00f3n de tres nuevas secretar\u00edas.<\/p>\n\n\n\n<p class=\"wp-block-paragraph\">El evento se llev\u00f3 a cabo en el Anfiteatro Sim\u00f3n Bol\u00edvar del Antiguo Colegio de San Ildefonso.<\/p>\n\n\n\n<p class=\"wp-block-paragraph\">Presento primero a las mujeres y se\u00f1alo \u201cAqu\u00ed est\u00e1 el gabinete legal, pr\u00f3ximamente daremos a conocer el gabinete ampliado, tambi\u00e9n con la integraci\u00f3n de muchas compa\u00f1eras y compa\u00f1eros que van a ayudarnos a que esta ciudad contin\u00fae. Vamos a presentar las reformas legales necesarias para las tres nuevas secretar\u00edas que hemos presentado hoy\u201d.<\/p>\n\n\n\n<p class=\"wp-block-paragraph\">Los nombramientos de las mujeres:<\/p>\n\n\n\n<p class=\"wp-block-paragraph\">Secretar\u00eda de las Mujeres: Daptnhe Cuevas Ortiz<br>Secretar\u00eda de Trabajo y Fomento al Empleo: In\u00e9s Gonz\u00e1lez Nicol\u00e1s<br>Secretar\u00eda de Turismo: Alejandra Frausto Guerrero<br>Secretar\u00eda de Bienestar e Inclusi\u00f3n Social: Araceli Dami\u00e1n Gonz\u00e1lez<br>Secretar\u00eda de Salud: Nadine Gasman Zylbermann<br>Secretar\u00eda de Cultura: Ana Francis Mor<br>Secretar\u00eda de Medio Ambiente: Julia \u00c1lvarez Icaza Ram\u00edrez<br>Secretar\u00eda de Gesti\u00f3n Integral de Riesgos y Protecci\u00f3n Civil: Myriam Urz\u00faa Venegas<br>Secretar\u00eda de Trabajo y Fomento al Empleo: In\u00e9s Gonz\u00e1lez Nicol\u00e1s<br>Secretar\u00eda de Pueblos y Barrios Originarios y Comunidades Ind\u00edgenas Residentes: Nelly Ju\u00e1rez Audelo<br>Secretar\u00eda de Desarrollo Econ\u00f3mico: Manola Zabalza Aldama<br>Consejera Jur\u00eddica y de Servicios Legales: Er\u00e9ndira Cruzvillegas Fuentes<br>Los hombres en el gabinete:<br>Secretar\u00eda de Planeaci\u00f3n y Ordenamiento Territorial y de Metr\u00f3polis (antes Desarrollo Urbano y Vivienda): Alejandro Encinas Rodr\u00edguez<br>Secretar\u00eda de Gobierno: C\u00e9sar Cravioto Romero<br>Secretar\u00eda de Educaci\u00f3n, Ciencia y Tecnolog\u00eda: Pablo Yanes Rizo<br>Secretar\u00eda de Seguridad Ciudadana, Pablo V\u00e1zquez Camacho<br>Secretar\u00eda de Administraci\u00f3n y Finanzas: Juan Pablo de Botton Falc\u00f3n<br>Secretar\u00eda de Obras y Servicios: Ra\u00fal Basulto Luviano<br>Secretar\u00eda de Atenci\u00f3n Ciudadana (nueva dependencia): Tom\u00e1s Pliego Calvo<br>Secretar\u00eda de Movilidad: H\u00e9ctor Ulises Garc\u00eda Nieto<br>Secretar\u00eda de Vivienda (nueva dependencia): Inti Mu\u00f1oz Santini<br>Secretar\u00eda de Agua y de Gesti\u00f3n Sustentable (nueva dependencia): Mario Esparza Hern\u00e1ndez<\/p>\n\n\n\n<p class=\"wp-block-paragraph\">Descuento en n\u00f3mina la deuda de pensi\u00f3n alimenticia a C\u00e9sar Cravioto para que pudiera integrarse al gabinete de la Ciudad de M\u00e9xico.<\/p>\n\n\n\n<p class=\"wp-block-paragraph\">Por otra parte, para que C\u00e9sar Cravioto Romero pudiera ocupar la Secretar\u00eda de Gobierno, la periodista Lourdes Mendoza, en su columna de El Financiero, dio a conocer que v\u00eda n\u00f3mina se le descont\u00f3 como deudor alimenticio la pensi\u00f3n para su hija, con la cual no hab\u00eda cumplido.<\/p>\n\n\n\n<p class=\"wp-block-paragraph\">La periodista refiri\u00f3 que el 17 de agosto del 2010, en el expediente n\u00famero 1255\/2010, se decret\u00f3 la disoluci\u00f3n del v\u00ednculo matrimonial entre Paola Ojeda y con C\u00e9sar Cravioto, aprob\u00e1ndose un convenio mediante el cual Cravioto depositaba pensi\u00f3n alimenticia para su hija, equivalente al 33% de su salario integrado y las colegiaturas.<\/p>\n\n\n\n<p class=\"wp-block-paragraph\">Como no cumpli\u00f3 Paola Ojeda lo denunci\u00f3 en la Procuradur\u00eda del Distrito Federal, por lo que se inici\u00f3 la averiguaci\u00f3n previa n\u00famero FPMPF\/75\/T1\/00969\/11-11, misma que finalmente fue archivada por abstenci\u00f3n del ejercicio de la acci\u00f3n penal, por considerarse que se trataba de un asunto \u201ccivil\u201d que no penal.<\/p>\n\n\n\n<p class=\"wp-block-paragraph\"><\/p>\n\n\n\n<p class=\"wp-block-paragraph\"><\/p>\n","protected":false},"excerpt":{"rendered":"<p>Mujeres interesantes, no se sabe porque la de INMUJERES va a salud y en la Secretar\u00eda de las Mujeres vieja luchadoraEn trabajo designa a la coordinadora de la Red de Mujeres Sindicalistas; nombra a deudor alimentario Elda Montiel SemM\u00e9xico, Ciudad de M\u00e9xico, 19 de agosto, 2024.- Clara Brugada Molina, la jefa electa de la Ciudad [&hellip;]<\/p>\n","protected":false},"author":3,"featured_media":85862,"comment_status":"open","ping_status":"open","sticky":false,"template":"","format":"standard","meta":{"_monsterinsights_skip_tracking":false,"footnotes":""},"categories":[682],"tags":[],"class_list":["post-85860","post","type-post","status-publish","format-standard","has-post-thumbnail","category-noticias"],"_links":{"self":[{"href":"https:\/\/redsemlac.com\/semmexico\/wp-json\/wp\/v2\/posts\/85860","targetHints":{"allow":["GET"]}}],"collection":[{"href":"https:\/\/redsemlac.com\/semmexico\/wp-json\/wp\/v2\/posts"}],"about":[{"href":"https:\/\/redsemlac.com\/semmexico\/wp-json\/wp\/v2\/types\/post"}],"author":[{"embeddable":true,"href":"https:\/\/redsemlac.com\/semmexico\/wp-json\/wp\/v2\/users\/3"}],"replies":[{"embeddable":true,"href":"https:\/\/redsemlac.com\/semmexico\/wp-json\/wp\/v2\/comments?post=85860"}],"version-history":[{"count":0,"href":"https:\/\/redsemlac.com\/semmexico\/wp-json\/wp\/v2\/posts\/85860\/revisions"}],"wp:featuredmedia":[{"embeddable":true,"href":"https:\/\/redsemlac.com\/semmexico\/wp-json\/wp\/v2\/media\/85862"}],"wp:attachment":[{"href":"https:\/\/redsemlac.com\/semmexico\/wp-json\/wp\/v2\/media?parent=85860"}],"wp:term":[{"taxonomy":"category","embeddable":true,"href":"https:\/\/redsemlac.com\/semmexico\/wp-json\/wp\/v2\/categories?post=85860"},{"taxonomy":"post_tag","embeddable":true,"href":"https:\/\/redsemlac.com\/semmexico\/wp-json\/wp\/v2\/tags?post=85860"}],"curies":[{"name":"wp","href":"https:\/\/api.w.org\/{rel}","templated":true}]}}