{"id":8586,"date":"2019-06-15T22:32:05","date_gmt":"2019-06-15T22:32:05","guid":{"rendered":"https:\/\/redsemlac.com\/semmexico\/?p=8586"},"modified":"2023-07-21T14:49:13","modified_gmt":"2023-07-21T19:49:13","slug":"marchan-preparatorianas-de-la-uady-contra-el-acoso","status":"publish","type":"post","link":"https:\/\/redsemlac.com\/semmexico\/marchan-preparatorianas-de-la-uady-contra-el-acoso\/","title":{"rendered":"Marchan preparatorianas de la UADY contra el acoso"},"content":{"rendered":"\n<p class=\"wp-block-paragraph\"><em><strong>Que la universidad se haga cargo y responsable de estos casos, demandan.<\/strong><\/em><\/p>\n\n\n\n<p class=\"wp-block-paragraph\"><strong>Lorena Castellanos Rinc\u00f3n<\/strong><\/p>\n\n\n\n<p class=\"wp-block-paragraph\">SemM\u00e9xico, M\u00e9rida, Yuc.,\n10 junio 2019.- Acompa\u00f1ados del colectivo UADY Sin Acoso, alumnas y alumnos de\nla escuela Preparatoria Uno de la Universidad Aut\u00f3noma de Yucat\u00e1n (UADY)\nmarcharon hoy en apoyo a una estudiante, quien en d\u00edas anteriores denunci\u00f3\np\u00fablica y legalmente a uno de sus profesores por el delito de acoso sexual.<\/p>\n\n\n\n<p class=\"wp-block-paragraph\">El pasado s\u00e1bado, la\nestudiante de nombre Paola, public\u00f3 en sus redes sociales la historia de c\u00f3mo\nsu maestro, Carlos Enrique C.R. aprovech\u00f3 para tocarle la pierna, mientras ella\nacud\u00eda a aclarar su calificaci\u00f3n, la cual no concordaba con la que aparec\u00eda en\nel sistema.<\/p>\n\n\n\n<p class=\"wp-block-paragraph\">\u201cYo decid\u00ed alzar la voz y\nhacerlo p\u00fablico, porque ninguna ni\u00f1a merece pasar por algo as\u00ed, no pienso\nquedarme sentada y ver c\u00f3mo siguen ocurriendo este tipo de situaciones. Ning\u00fan\nmaestro tiene derecho a tocarme\u201d, es lo que dec\u00eda la publicaci\u00f3n, acompa\u00f1ada de\nla invitaci\u00f3n a la manifestaci\u00f3n de este lunes.<\/p>\n\n\n\n<p class=\"wp-block-paragraph\">Con una manta roja que\ndec\u00eda \u201cUniversidades libres de violencia. UADY sin acoso\u201d, el contingente de\nj\u00f3venes parti\u00f3 desde las instalaciones de la preparatoria, ubicada en la\ncolonia industrial de la capital yucateca, hasta el edificio central de la UADY\nen el Centro Hist\u00f3rico, y al ritmo de la batucada coreaban consignas feministas\ny en especial \u201cUADY sin acoso\u201d.<\/p>\n\n\n\n<p class=\"wp-block-paragraph\">Durante la protesta, Rosa\nCruz Pech, estudiante de la Facultad de Antropolog\u00eda de la UADY y una de las\nfundadoras del colectivo, invit\u00f3 a las v\u00edctimas a alzar la voz en contra de\nestos casos y a la universidad a romper el silencio, ya que ocurren en todos\nlos campus y las tres preparatorias pertenecientes a esta.<\/p>\n\n\n\n<p class=\"wp-block-paragraph\">\u201cExigimos que la\nuniversidad se haga cargo y responsable en este tipo de agresiones, sobre todo\ncuando viene de docentes. De nada va a servir que todas las v\u00edctimas alcen la\nvoz si como instituci\u00f3n educativa no tiene el compromiso de atender estos\ncasos\u201d, asever\u00f3.<\/p>\n\n\n\n<p class=\"wp-block-paragraph\">En este sentido, detall\u00f3\nque, a partir del caso de Paola, otras tres estudiantes revelaron que tambi\u00e9n\nfueron v\u00edctimas del mismo maestro, adem\u00e1s que tienen noci\u00f3n de al menos 17\ncasos m\u00e1s de acoso sexual dentro de las instalaciones de la m\u00e1xima casa de estudios,\ncometidos tanto por alumnos como por acad\u00e9micos.<\/p>\n\n\n\n<p class=\"wp-block-paragraph\">\u201cExigimos tambi\u00e9n\ntransparencia ante este tipo de acosos, que dejen de encubrir a los profesores,\nque dejen de encubrir este tipo de agresi\u00f3n. Pedimos la resoluci\u00f3n inmediata,\nporque sabemos que hay much\u00edsimos casos dentro de la universidad de personas\nque se han acercado a nosotros y que no deciden hablar por miedo a su camino y\nsu carrera acad\u00e9mica\u201d.<\/p>\n\n\n\n<p class=\"wp-block-paragraph\">Asimismo, expres\u00f3 la\nimportancia y urgencia de que se apruebe el Protocolo sobre Violencia de G\u00e9nero\nen la universidad, mismo que pronto ser\u00e1 sometido a votaci\u00f3n ante el Consejo\nUniversitario.<\/p>\n\n\n\n<p class=\"wp-block-paragraph\">Por su parte, y tal como\nlo expres\u00f3 en redes, Paola ya interpuso su denuncia en la Agencia Investigadora\nEspecial en Delitos Sexuales de la Fiscal\u00eda General del Estado y se abri\u00f3 la\ncarpeta de investigaci\u00f3n 229\/2019.<\/p>\n\n\n\n<p class=\"wp-block-paragraph\"><strong>La respuesta de la UADY<\/strong><\/p>\n\n\n\n<p class=\"wp-block-paragraph\">Ante la manifestaci\u00f3n, la\ninstituci\u00f3n envi\u00f3 un comunicado donde se\u00f1ala que ha iniciado un procedimiento\npara dar soluci\u00f3n a este caso. El documento dice lo siguiente:<\/p>\n\n\n\n<p class=\"wp-block-paragraph\">\u201cEn seguimiento a los\nrecientes sucesos sobre la denuncia de una alumna de la Escuela Preparatoria\nUno de la Universidad Aut\u00f3noma de Yucat\u00e1n, esta instituci\u00f3n refrenda su total\nrespeto a la libertad de expresi\u00f3n y a los Derechos Humanos.<\/p>\n\n\n\n<p class=\"wp-block-paragraph\">\u201cComo se ha informado,\nesta Casa de Estudios inici\u00f3 un procedimiento que, de acuerdo con la normativa\nuniversitaria, no exceder\u00e1 los 30 d\u00edas.<\/p>\n\n\n\n<p class=\"wp-block-paragraph\">\u201cAsimismo, la instituci\u00f3n\nreitera su compromiso con la justicia y el debido proceso, por lo que\ncoadyuvar\u00e1 con las investigaciones que se lleven a cabo en la Fiscal\u00eda General\ndel Estado, cuando le sea solicitado.<\/p>\n\n\n\n<p class=\"wp-block-paragraph\">\u201cLa Universidad Aut\u00f3noma\nde Yucat\u00e1n reitera su compromiso con la cultura de la denuncia y la legalidad\npara la prevenci\u00f3n, atenci\u00f3n y sanci\u00f3n de los casos de violencia de g\u00e9nero,\ndiscriminaci\u00f3n, hostigamiento y acoso sexual, que se relacionan con integrantes\nde la comunidad universitaria\u201d.<\/p>\n\n\n\n<p class=\"wp-block-paragraph\">SEM\/lc\/sj<\/p>\n","protected":false},"excerpt":{"rendered":"<p>Que la universidad se haga cargo y responsable de estos casos, demandan. Lorena Castellanos Rinc\u00f3n SemM\u00e9xico, M\u00e9rida, Yuc., 10 junio 2019.- Acompa\u00f1ados del colectivo UADY Sin Acoso, alumnas y alumnos de la escuela Preparatoria Uno de la Universidad Aut\u00f3noma de Yucat\u00e1n (UADY) marcharon hoy en apoyo a una estudiante, quien en d\u00edas anteriores denunci\u00f3 p\u00fablica [&hellip;]<\/p>\n","protected":false},"author":3,"featured_media":8587,"comment_status":"open","ping_status":"open","sticky":false,"template":"","format":"standard","meta":{"_monsterinsights_skip_tracking":false,"footnotes":""},"categories":[690,54],"tags":[],"class_list":["post-8586","post","type-post","status-publish","format-standard","has-post-thumbnail","category-690","category-mujeres"],"_links":{"self":[{"href":"https:\/\/redsemlac.com\/semmexico\/wp-json\/wp\/v2\/posts\/8586","targetHints":{"allow":["GET"]}}],"collection":[{"href":"https:\/\/redsemlac.com\/semmexico\/wp-json\/wp\/v2\/posts"}],"about":[{"href":"https:\/\/redsemlac.com\/semmexico\/wp-json\/wp\/v2\/types\/post"}],"author":[{"embeddable":true,"href":"https:\/\/redsemlac.com\/semmexico\/wp-json\/wp\/v2\/users\/3"}],"replies":[{"embeddable":true,"href":"https:\/\/redsemlac.com\/semmexico\/wp-json\/wp\/v2\/comments?post=8586"}],"version-history":[{"count":0,"href":"https:\/\/redsemlac.com\/semmexico\/wp-json\/wp\/v2\/posts\/8586\/revisions"}],"wp:featuredmedia":[{"embeddable":true,"href":"https:\/\/redsemlac.com\/semmexico\/wp-json\/wp\/v2\/media\/8587"}],"wp:attachment":[{"href":"https:\/\/redsemlac.com\/semmexico\/wp-json\/wp\/v2\/media?parent=8586"}],"wp:term":[{"taxonomy":"category","embeddable":true,"href":"https:\/\/redsemlac.com\/semmexico\/wp-json\/wp\/v2\/categories?post=8586"},{"taxonomy":"post_tag","embeddable":true,"href":"https:\/\/redsemlac.com\/semmexico\/wp-json\/wp\/v2\/tags?post=8586"}],"curies":[{"name":"wp","href":"https:\/\/api.w.org\/{rel}","templated":true}]}}