{"id":85842,"date":"2024-08-19T15:24:05","date_gmt":"2024-08-19T21:24:05","guid":{"rendered":"https:\/\/redsemlac.com\/semmexico\/?p=85842"},"modified":"2024-08-19T15:24:07","modified_gmt":"2024-08-19T21:24:07","slug":"imss-encabeza-quejas-por-esterilizacion-forzada-contra-mujeres","status":"publish","type":"post","link":"https:\/\/redsemlac.com\/semmexico\/imss-encabeza-quejas-por-esterilizacion-forzada-contra-mujeres\/","title":{"rendered":"IMSS encabeza quejas por esterilizaci\u00f3n forzada contra mujeres"},"content":{"rendered":"\n<p class=\"wp-block-paragraph\">Con enga\u00f1os, amenazas y condicionando la atenci\u00f3n m\u00e9dica, para realizarle una Oclusi\u00f3n Tubaria Bilateral<\/p>\n\n\n\n<p class=\"wp-block-paragraph\">Desde 2012 se han presentado 16 quejas ante la CNDH contra los hospitales p\u00fablicos del sistema de salud por la esterilizaci\u00f3n forzada que han cometido contra mujeres.<\/p>\n\n\n\n<p class=\"wp-block-paragraph\">Sandra Rojas<\/p>\n\n\n\n<p class=\"wp-block-paragraph\">SemM\u00e9xico\/La Cadera de Eva, 19 de agosto, 2024.- Sandra, una joven de 31 a\u00f1os, estuvo internada en 2017 en el Hospital General de Zona No. 9 del IMSS por fuertes dolores de parto que no le pararon durante varios d\u00edas. Con enga\u00f1os, amenazas y condicionando la atenci\u00f3n m\u00e9dica, el personal m\u00e9dico de la cl\u00ednica recab\u00f3 su consentimiento para realizarle una Oclusi\u00f3n Tubaria Bilateral (OTB) como&nbsp;m\u00e9todo anticonceptivo&nbsp;permanente.<\/p>\n\n\n\n<p class=\"wp-block-paragraph\">La Oclusi\u00f3n Tubaria Bilateral es un m\u00e9todo de anticonceptivo definitivo que se realiza en aquellas mujeres que no desean tener m\u00e1s hijos. Este no era el caso de Sandra, pues ella firm\u00f3 el&nbsp;consentimiento&nbsp;informado para la&nbsp;esterilizaci\u00f3n&nbsp;bajo presi\u00f3n.<\/p>\n\n\n\n<p class=\"wp-block-paragraph\">Se define&nbsp;esterilizaci\u00f3n forzada&nbsp;al acto de realizarle a una persona un procedimiento quir\u00fargico que imposibilite su capacidad biol\u00f3gica de reproducci\u00f3n, sin su consentimiento o sin brindarle informaci\u00f3n necesaria. Lo cual es una forma de violencia obst\u00e9trica..<\/p>\n\n\n\n<p class=\"wp-block-paragraph\">De enero de 2012 a julio de 2024, la Comisi\u00f3n Nacional de Derecho Humanos (CNDH) recibi\u00f3 16 quejas por esta violaci\u00f3n a los&nbsp;derechos reproductivos&nbsp;y sexuales tambi\u00e9n conocida como&nbsp;contracepci\u00f3n forzada, de las cuales&nbsp; el Instituto Mexicano del Seguro Social (IMSS) acumula 14 de las denuncias, de acuerdo con informaci\u00f3n obtenida v\u00eda transparencia por La Cadera de Eva.<\/p>\n\n\n\n<figure class=\"wp-block-image size-large\"><a href=\"https:\/\/redsemlac.com\/semmexico\/wp-content\/uploads\/2024\/08\/imss-esterilizacion-forzada-02.png\"><img decoding=\"async\" src=\"https:\/\/redsemlac.com\/semmexico\/wp-content\/uploads\/2024\/08\/imss-esterilizacion-forzada-02-1024x853.png\" alt=\"\" class=\"wp-image-85844\"\/><\/a><\/figure>\n\n\n\n<p class=\"wp-block-paragraph\"><strong><em>La invisibilizaci\u00f3n frena el reconocimiento de esta pr\u00e1ctica<\/em><\/strong><\/p>\n\n\n\n<p class=\"wp-block-paragraph\">Aunque el n\u00famero de casos de&nbsp;esterilizaci\u00f3n forzada&nbsp;podr\u00eda ser mayor, esto se debe a que existe un subregistro de casos de&nbsp;violencia obst\u00e9trica, ya que algunas situaciones pueden ser registradas bajo otros rubros, como mala pr\u00e1ctica m\u00e9dica, explic\u00f3 Camila Riva Palacio, investigadora jur\u00eddica del Grupo en Informaci\u00f3n de Reproducci\u00f3n Elegida (GIRE) en entrevista para La Cadera de Eva.<\/p>\n\n\n\n<p class=\"wp-block-paragraph\">Por ejemplo, las quejas que llegan a la CNDH por estas pr\u00e1cticas tienen diferentes definiciones como \u00abcontracepci\u00f3n forzada\u00bb, \u00abhisterectom\u00eda\u00bb, \u00abligadura de trompas\u00bb o \u00absalpingoclasia\u00bb, por lo que es dif\u00edcil conocer cu\u00e1ntos casos hay en total en nuestro pa\u00eds.<\/p>\n\n\n\n<p class=\"wp-block-paragraph\">Aunque su definici\u00f3n no es el principal problema. La falta de reconocimiento de esta&nbsp;<strong>violencia<\/strong>&nbsp;por parte de las mujeres y personas gestantes tambi\u00e9n contribuye a que los casos no sean denunciados ni documentados por la CNDH ni por las autoridades sanitarias, explica Camila Riva Palacio.<\/p>\n\n\n\n<p class=\"wp-block-paragraph\">\u00abSi las mujeres o las personas gestantes que est\u00e1n presentando la queja no lo nombran necesariamente como&nbsp;violencia obst\u00e9trica, sino como alg\u00fan otro tipo de violencia, pues no se va a clasificar de esa manera\u00bb (Camila Riva Palacio, investigadora jur\u00eddica GIRE)<\/p>\n\n\n\n<p class=\"wp-block-paragraph\"><strong><em>Estas son las razones por las que no se denuncia la&nbsp;violencia obst\u00e9trica<\/em><\/strong>:<\/p>\n\n\n\n<ol start=\"1\" class=\"wp-block-list\">\n<li><strong>Desconocimiento:<\/strong>\u00a0las mujeres y personas gestantes no saben que est\u00e1n siendo v\u00edctimas de\u00a0violencia obst\u00e9trica\u00a0o no conocen sus derechos.<\/li>\n\n\n\n<li><strong>Miedo:<\/strong>\u00a0temor a represalias, a no ser cre\u00eddas o a ser estigmatizadas.<\/li>\n\n\n\n<li><strong>Sentimiento de verg\u00fcenza<\/strong>\u00a0o culpa por lo que les ha sucedido.<\/li>\n\n\n\n<li><strong>Desconfianza en las instituciones<\/strong>\u00a0y en el sistema de justicia.<\/li>\n\n\n\n<li><strong>Falta de apoyo:<\/strong>\u00a0no tienen un sistema de apoyo emocional o social que les permita denunciar.<\/li>\n\n\n\n<li><strong>Normalizaci\u00f3n:<\/strong>\u00a0la\u00a0<strong>violencia obst\u00e9trica<\/strong>\u00a0es vista como algo normal o como parte de la experiencia de dar a luz.<\/li>\n\n\n\n<li><strong>Falta de mecanismos de denuncia:\u00a0<\/strong>no hay mecanismos claros o accesibles para denunciar la\u00a0<strong>violencia obst\u00e9trica<\/strong>.<\/li>\n\n\n\n<li><strong>Desconocimiento del personal de salud:<\/strong>\u00a0el personal de salud no est\u00e1 capacitado para identificar y abordar la\u00a0<strong>violencia obst\u00e9trica<\/strong>, lo que hace que no se reconozca ni se denuncie.\u00a0<\/li>\n<\/ol>\n\n\n\n<p class=\"wp-block-paragraph\"><strong><em>Mujeres ind\u00edgenas, las m\u00e1s vulnerables<\/em><\/strong><\/p>\n\n\n\n<p class=\"wp-block-paragraph\">De las 16 denuncias por&nbsp;<strong>esterilizaci\u00f3n forzada<\/strong>&nbsp;presentadas ante la CNDH, cinco concluyeron por no existir materia para que continuara el proceso de denuncia, cuatro durante el tr\u00e1mite respectivo y s\u00f3lo una termin\u00f3 en la Recomendaci\u00f3n 33\/2016.<\/p>\n\n\n\n<p class=\"wp-block-paragraph\">Esta Recomendaci\u00f3n fue emitida al gobierno de Oaxaca en 2016&nbsp; por&nbsp;violencia obst\u00e9trica&nbsp;y violaciones a los derechos, protecci\u00f3n y acceso a informaci\u00f3n en materia de salud por los casos de Oricel de 18 a\u00f1os y Juana de 40 a\u00f1os, mujeres ind\u00edgenas zapotecas que parieron en ba\u00f1os de hospitales de la Secretar\u00eda de Salud en aquel estado, porque no recibieron la atenci\u00f3n m\u00e9dica adecuada.<\/p>\n\n\n\n<p class=\"wp-block-paragraph\">Los casos de Oricel y Juana no son los \u00fanicos en los que se han vulnerado los&nbsp;derechos reproductivos&nbsp;de mujeres ind\u00edgenas,&nbsp;de las 16 quejas presentadas ante la CNDH, 12 fueron atendidas por la Cuarta Visitadur\u00eda de la Comisi\u00f3n, la cual se encarga de proteger y defender los derechos humanos de los pueblos y comunidades ind\u00edgenas.<\/p>\n\n\n\n<p class=\"wp-block-paragraph\"><strong><em>Otras Recomendaciones sobre&nbsp;contracepci\u00f3n<\/em><\/strong><\/p>\n\n\n\n<p class=\"wp-block-paragraph\">El Monitor de Salud Reproductiva desarrollado por GIRE para dar seguimiento&nbsp; y evaluar las recomendaciones que ha emitido la CNDH en materia de&nbsp;salud reproductiva, contabilizan 91 recomendaciones por violencia obst\u00e9trica&nbsp;y&nbsp;muerte materna&nbsp;del 2014 a 2022. De estas recomendaciones siete son por&nbsp;contracepci\u00f3n, la mayor\u00eda fueron emitidas durante 2016.<\/p>\n\n\n\n<p class=\"wp-block-paragraph\">Es importante mencionar que&nbsp;las Recomendaciones de la CNDH sobre&nbsp;esterilizaci\u00f3n forzada&nbsp;no aparecen como tal con ese t\u00e9rmino, si no como casos de violaci\u00f3n a la libertad y autonom\u00eda reproductiva, al consentimiento informado en servicios de anticoncepci\u00f3n, a elegir el n\u00famero y espaciamiento de los hijos as\u00ed como al proyecto de vida.<\/p>\n\n\n\n<p class=\"wp-block-paragraph\">Al respecto, Camila Riva Palacio explic\u00f3 que todas las&nbsp;contracepciones forzadas&nbsp;y la negaci\u00f3n a procedimientos de anticoncepci\u00f3n son una violaci\u00f3n a la&nbsp;autonom\u00eda reproductiva. Sin embargo, este derecho no solamente se limita a estos casos, pues tiene que ver con todos los aspectos donde no se permite ejercer algo relacionado con la reproducci\u00f3n.<\/p>\n\n\n\n<p class=\"wp-block-paragraph\">\u00abEsto tiene que ver por ejemplo desde la negativa de un servicio de aborto, o cuando quiero embarazarme y no se me da acceso a t\u00e9cnicas de reproducci\u00f3n humana asistida, otra de ellas es cuando hay esterilizaci\u00f3n forzada o cuando se me niega el acceso a p\u00edldoras anticonceptivas\u00bb (Camila Riva Palacio, investigadora jur\u00eddica GIRE)<\/p>\n\n\n\n<p class=\"wp-block-paragraph\"><strong><em>\u00bfQu\u00e9 dice la ley sobre la&nbsp;violencia obst\u00e9trica?<\/em><\/strong><\/p>\n\n\n\n<p class=\"wp-block-paragraph\">En M\u00e9xico, varias entidades federativas han optado por incluir la violencia obst\u00e9trica&nbsp;como un delito en sus c\u00f3digos penales: Chiapas, Estado de M\u00e9xico, Guerrero, Puebla, Quintana Roo, Yucat\u00e1n, Veracruz y Aguascalientes (no utiliza expl\u00edcitamente el t\u00e9rmino&nbsp;violencia obst\u00e9trica).<\/p>\n\n\n\n<p class=\"wp-block-paragraph\">Al respecto, Camila Riva Palacio dijo que es fundamental pensar en el acceso a la justicia desde una perspectiva que no tenga como opci\u00f3n el derecho penal, pues las sanciones no necesariamente cubren las expectativas de quienes han sobrevivido a la&nbsp;violencia obst\u00e9trica.<\/p>\n\n\n\n<p class=\"wp-block-paragraph\">\u00abHemos identificado que nuestras acompa\u00f1adas buscan que el Estado reconozca esas experiencias que vivieron y que asuman la responsabilidad de sus acciones, por ejemplo, mediante disculpas p\u00fablicas y que garanticen que esta violencia no se vuelva a repetir\u00bb (Camila Riva Palacio, investigadora jur\u00eddica GIRE)<\/p>\n\n\n\n<p class=\"wp-block-paragraph\">Ejemplo de esto es el caso de Sandra, quien despu\u00e9s de la&nbsp;contracepci\u00f3n&nbsp;que vivi\u00f3 en 2017 logr\u00f3 gracias al acompa\u00f1amiento de GIRE que el 26 de mayo de 2021, la&nbsp;Suprema Corte de Justicia de la Naci\u00f3n&nbsp;(SCJN) resolviera su caso determinando que el consentimiento recabado por el personal de salud del IMSS, firmado por Sandra y sus familiares para la realizaci\u00f3n de la OTB, no era previo, libre, pleno ni informado.<\/p>\n\n\n\n<p class=\"wp-block-paragraph\">En ese sentido, las y los ministros concluyeron que Sandra fue v\u00edctima de&nbsp;esterilizaci\u00f3n no consentida&nbsp;como una forma de tortura, tambi\u00e9n de violencia de g\u00e9nero,&nbsp;violencia obst\u00e9trica&nbsp;y de tratos crueles, inhumanos y degradantes.<\/p>\n\n\n\n<p class=\"wp-block-paragraph\">Cuatro meses despu\u00e9s de esa sentencia, la CNDH emiti\u00f3 la Recomendaci\u00f3n 45\/2021, dirigida al Director General del IMSS por la violaci\u00f3n a los derechos a la protecci\u00f3n de la salud, a una vida libre de&nbsp;violencia obst\u00e9trica, a la libertad y autonom\u00eda reproductiva con relaci\u00f3n al consentimiento informado en servicios de&nbsp;anticoncepci\u00f3n, a elegir el n\u00famero y espaciamiento de los hijos y al proyecto de vida.<\/p>\n\n\n\n<figure class=\"wp-block-image size-large\"><a href=\"https:\/\/redsemlac.com\/semmexico\/wp-content\/uploads\/2024\/08\/imss-esterilizacion-forzada-03.png\"><img decoding=\"async\" src=\"https:\/\/redsemlac.com\/semmexico\/wp-content\/uploads\/2024\/08\/imss-esterilizacion-forzada-03-1024x853.png\" alt=\"\" class=\"wp-image-85843\"\/><\/a><\/figure>\n\n\n\n<p class=\"wp-block-paragraph\"><strong><em>\u00bfC\u00f3mo cambiar esta realidad?<\/em><\/strong><\/p>\n\n\n\n<p class=\"wp-block-paragraph\">Camila Riva Palacio se\u00f1al\u00f3 que para hacer frente a la&nbsp;violencia obst\u00e9trica&nbsp;es necesario enfocarse en la implementaci\u00f3n de medidas dirigidas a resolver las condiciones estructurales del sistema de salud en todos sus niveles, as\u00ed como un enfoque integral y estructural para abordar la&nbsp;violenciaobst\u00e9trica, que incluya:<\/p>\n\n\n\n<ol start=\"1\" class=\"wp-block-list\">\n<li><strong>Reconocer que la violencia obst\u00e9trica es un problema sist\u00e9mico:\u00a0<\/strong>entender que la\u00a0violencia obst\u00e9trica\u00a0no es solo un problema individual, sino que es resultado de una estructura de poder y una cultura que perpet\u00faa la discriminaci\u00f3n y la violencia contra las mujeres y personas gestantes.<\/li>\n\n\n\n<li><strong>Identificaci\u00f3n de mujeres y personas vulnerables:<\/strong>\u00a0reconocer que las mujeres y personas gestantes tienen el derecho a tomar decisiones sobre sus propios cuerpos y partos y que las mujeres menores de 30 a\u00f1os y las personas con discapacidad son m\u00e1s propensas a sufrir\u00a0violencia obst\u00e9trica.<\/li>\n\n\n\n<li><strong>Cambiar las pol\u00edticas y procedimientos:\u00a0<\/strong>revisar y cambiar las pol\u00edticas y procedimientos en los servicios de salud para garantizar que sean respetuosos y seguros para las mujeres y personas gestantes.<\/li>\n\n\n\n<li><strong>Fortalecer la capacitaci\u00f3n del personal de salud:<\/strong>\u00a0no criminalizar al personal m\u00e9dico. En lugar de eso, formar aliados para eliminar cualquier forma de violencia a trav\u00e9s de la capacitaci\u00f3n y educaci\u00f3n continua al personal de salud para que entiendan la\u00a0violencia obst\u00e9trica\u00a0y su impacto en las mujeres y personas gestantes.<\/li>\n\n\n\n<li><strong>Promover la participaci\u00f3n ciudadana:<\/strong>\u00a0fomentar la participaci\u00f3n ciudadana y la vigilancia comunitaria para garantizar que los servicios de salud sean responsables y respetuosos.<\/li>\n\n\n\n<li><strong>Abordar las desigualdades:\u00a0<\/strong>abordar las desigualdades y las brechas en la atenci\u00f3n a las mujeres y personas gestantes, especialmente aquellas que son m\u00e1s vulnerables.<\/li>\n\n\n\n<li><strong>Monitorear y evaluar\u00a0<\/strong>constantemente los servicios de salud para garantizar que est\u00e9n cumpliendo con los est\u00e1ndares de atenci\u00f3n respetuosa y segura.<\/li>\n<\/ol>\n","protected":false},"excerpt":{"rendered":"<p>Con enga\u00f1os, amenazas y condicionando la atenci\u00f3n m\u00e9dica, para realizarle una Oclusi\u00f3n Tubaria Bilateral Desde 2012 se han presentado 16 quejas ante la CNDH contra los hospitales p\u00fablicos del sistema de salud por la esterilizaci\u00f3n forzada que han cometido contra mujeres. Sandra Rojas SemM\u00e9xico\/La Cadera de Eva, 19 de agosto, 2024.- Sandra, una joven de [&hellip;]<\/p>\n","protected":false},"author":3,"featured_media":85845,"comment_status":"open","ping_status":"open","sticky":false,"template":"","format":"standard","meta":{"_monsterinsights_skip_tracking":false,"footnotes":""},"categories":[694,63],"tags":[],"class_list":["post-85842","post","type-post","status-publish","format-standard","has-post-thumbnail","category-destacadas","category-reportajes"],"_links":{"self":[{"href":"https:\/\/redsemlac.com\/semmexico\/wp-json\/wp\/v2\/posts\/85842","targetHints":{"allow":["GET"]}}],"collection":[{"href":"https:\/\/redsemlac.com\/semmexico\/wp-json\/wp\/v2\/posts"}],"about":[{"href":"https:\/\/redsemlac.com\/semmexico\/wp-json\/wp\/v2\/types\/post"}],"author":[{"embeddable":true,"href":"https:\/\/redsemlac.com\/semmexico\/wp-json\/wp\/v2\/users\/3"}],"replies":[{"embeddable":true,"href":"https:\/\/redsemlac.com\/semmexico\/wp-json\/wp\/v2\/comments?post=85842"}],"version-history":[{"count":0,"href":"https:\/\/redsemlac.com\/semmexico\/wp-json\/wp\/v2\/posts\/85842\/revisions"}],"wp:featuredmedia":[{"embeddable":true,"href":"https:\/\/redsemlac.com\/semmexico\/wp-json\/wp\/v2\/media\/85845"}],"wp:attachment":[{"href":"https:\/\/redsemlac.com\/semmexico\/wp-json\/wp\/v2\/media?parent=85842"}],"wp:term":[{"taxonomy":"category","embeddable":true,"href":"https:\/\/redsemlac.com\/semmexico\/wp-json\/wp\/v2\/categories?post=85842"},{"taxonomy":"post_tag","embeddable":true,"href":"https:\/\/redsemlac.com\/semmexico\/wp-json\/wp\/v2\/tags?post=85842"}],"curies":[{"name":"wp","href":"https:\/\/api.w.org\/{rel}","templated":true}]}}