{"id":85839,"date":"2024-08-19T15:38:55","date_gmt":"2024-08-19T21:38:55","guid":{"rendered":"https:\/\/redsemlac.com\/semmexico\/?p=85839"},"modified":"2024-08-19T15:38:57","modified_gmt":"2024-08-19T21:38:57","slug":"hay-que-dar-un-giro-en-la-atencion-a-la-salud-mental","status":"publish","type":"post","link":"https:\/\/redsemlac.com\/semmexico\/hay-que-dar-un-giro-en-la-atencion-a-la-salud-mental\/","title":{"rendered":"Hay que dar un giro en la atenci\u00f3n a la salud mental"},"content":{"rendered":"\n<p class=\"wp-block-paragraph\">Ricardo Trujillo Correa detall\u00f3 que en un nuevo modelo el paciente deja de ser el portador de un trastorno<\/p>\n\n\n\n<p class=\"wp-block-paragraph\">Ese nuevo modelo har\u00e1 del paciente &nbsp;un agente m\u00e1s de la sociedad, con interacci\u00f3n y necesidad de reintegraci\u00f3n<\/p>\n\n\n\n<p class=\"wp-block-paragraph\">&nbsp;Redacci\u00f3n<\/p>\n\n\n\n<p class=\"wp-block-paragraph\">SemM\u00e9xico, Cd. de M\u00e9xico, 19 de agosto, 2024.- En materia de atenci\u00f3n a la salud mental, en el modelo de participaci\u00f3n comunitaria hay una sustituci\u00f3n progresiva del esquema psiqui\u00e1trico tradicional por uno donde se busca comprometer al paciente, la familia, a los profesionales de salud y las instituciones; se aplica en pa\u00edses como Canad\u00e1, Espa\u00f1a o Brasil. \u201cNo es sencillo porque hay que cambiar todo el sistema de salud, pero se est\u00e1 logrando\u201d.&nbsp;<\/p>\n\n\n\n<p class=\"wp-block-paragraph\">Lo anterior, de acuerdo con el acad\u00e9mico de la Facultad de Psicolog\u00eda de la UNAM, Ricardo Trujillo Correa, quien explic\u00f3 que bajo este enfoque la persona pasa de ser el portador de un trastorno para constituirse en un agente m\u00e1s de la sociedad, con interacci\u00f3n y necesidad de reintegraci\u00f3n.&nbsp;<\/p>\n\n\n\n<p class=\"wp-block-paragraph\">La propuesta incluye unificaci\u00f3n de presupuestos y espacios, y la modificaci\u00f3n de pr\u00e1cticas de atenci\u00f3n: el psic\u00f3logo debe dejar de dar consulta en su consultorio. La realidad est\u00e1 all\u00e1 afuera y \u201ca la psicolog\u00eda le hace falta calle\u201d, enfatiz\u00f3 el universitario.&nbsp;<\/p>\n\n\n\n<p class=\"wp-block-paragraph\">Rehabilitar a partir de la inclusi\u00f3n social tambi\u00e9n significa fortalecer y garantizar el acceso a los derechos de ciudadan\u00eda. Hay que iniciar el replanteamiento de la profesi\u00f3n partiendo de principios de car\u00e1cter pol\u00edtico y \u00e9tico de reconocimiento del otro, y de solidaridad, abund\u00f3 Ricardo Trujillo durante la conferencia \u201cLa salud mental es colectiva. Solidaridad y ciudadan\u00eda\u201d.&nbsp;<\/p>\n\n\n\n<p class=\"wp-block-paragraph\">Tambi\u00e9n romper con la idea de que la salud mental es un bien sujeto a reglas o adaptaciones de manera individual; la estrategia principal debe ser la aproximaci\u00f3n \u00edntegra de las garant\u00edas fundamentales a la salud mental, en lugar de la victimizaci\u00f3n o revictimizaci\u00f3n del paciente, constituida por comunidades de curaci\u00f3n a peque\u00f1a escala que fomenten la conexi\u00f3n y el soporte, provean la resiliencia colectiva para enfrentar desaf\u00edos. El objetivo no es la reducci\u00f3n del s\u00edntoma, sino la participaci\u00f3n social y la integraci\u00f3n existencial, precis\u00f3.&nbsp;<\/p>\n\n\n\n<p class=\"wp-block-paragraph\">La psicolog\u00eda sin perspectiva de justicia social solo busca adaptar a la persona a los contextos normativos, incluso si eso implica mantenerla en situaciones de opresi\u00f3n, exclusi\u00f3n y violencia, dijo el universitario al citar a su colega Mayne\u00e9 Cort\u00e9s. \u201cPor eso, la salud mental es pol\u00edtica, siempre\u201d.&nbsp;<\/p>\n\n\n\n<p class=\"wp-block-paragraph\"><strong><em>Estamos en interrelaci\u00f3n<\/em><\/strong><em><\/em><\/p>\n\n\n\n<p class=\"wp-block-paragraph\">&nbsp;Al participar en el ciclo UNAMirada desde la Psicolog\u00eda, Trujillo Correa record\u00f3 que en Latinoam\u00e9rica los accesos a la salud mental son limitados; el personal no est\u00e1 bien capacitado, los tratamientos m\u00e1s usados son psicofarmacol\u00f3gicos y se considera nula importancia a la experiencia del paciente. Sin embargo, los problemas siguen.&nbsp;<\/p>\n\n\n\n<p class=\"wp-block-paragraph\">Tenemos, apunt\u00f3, una sociedad hipervigilante en la materia, raz\u00f3n por la cual estamos saturados de sobrediagn\u00f3sticos y etiquetas que acompa\u00f1an la connotaci\u00f3n de desviaci\u00f3n social, y hasta moda se volvi\u00f3. \u201cHay gente que dice: \u2018soy neurodivergente\u2019\u201d, cuando en realidad todo cerebro lo es.&nbsp;<\/p>\n\n\n\n<p class=\"wp-block-paragraph\">Mencion\u00f3 que hay un problema en la ense\u00f1anza de la psicolog\u00eda, un hueco en la formaci\u00f3n \u201cque nos hace pensar que trabajamos con gente aislada, sola, como Robinson Crusoe, cuando en realidad siempre estamos en interrelaci\u00f3n\u201d. &nbsp;<\/p>\n\n\n\n<p class=\"wp-block-paragraph\">La dimensi\u00f3n de lo que es salud y lo que no lo es depende del contexto sociocultural en el que nos movemos, por eso la frase \u201cla autonom\u00eda no es un esfuerzo individual; toda autonom\u00eda es relacional\u201d, representa un reto para los psic\u00f3logos.<\/p>\n\n\n\n<p class=\"wp-block-paragraph\">El experto ejemplific\u00f3 un caso real, el de una mujer con ideaci\u00f3n suicida. Se trat\u00f3 de una extranjera a quien el esposo le impidi\u00f3 salir, mantener relaciones sociales y su independencia econ\u00f3mica, adem\u00e1s de violentarla junto con su familia.&nbsp;<\/p>\n\n\n\n<p class=\"wp-block-paragraph\">Al entrar en crisis casi lleg\u00f3 al psiquiatra para que le dieran medicamentos; su problema no era sus cogniciones, sino la invisibilizaci\u00f3n de una agresi\u00f3n constante y la p\u00e9rdida de toda red de apoyo. \u201cLa intervenci\u00f3n no deber\u00eda ser un an\u00e1lisis conductual o decirle que su inconsciente no funciona, sino acercarle esas redes\u201d.&nbsp;<\/p>\n\n\n\n<p class=\"wp-block-paragraph\">M\u00e1s adelante, Trujillo Correa aclar\u00f3 que es un error decir que la depresi\u00f3n es un diagn\u00f3stico, porque en realidad es una descripci\u00f3n. \u201cEs como preguntar por qu\u00e9 un coche no camina y responder que se debe a que las llantas no se mueven, y eso es lo que estamos haciendo\u201d.&nbsp;<\/p>\n\n\n\n<p class=\"wp-block-paragraph\">Utilizarla para explicar un bajo estado de \u00e1nimo es como decir que \u201cun dolor de cabeza est\u00e1 causado por un dolor de cabeza\u201d, pero no nos damos cuenta de eso y se usa como un \u201ccaj\u00f3n\u201d para meter lo que sea: \u201cestoy triste\u201d, \u201cdorm\u00ed mal\u201d, etc\u00e9tera.&nbsp;<\/p>\n\n\n\n<p class=\"wp-block-paragraph\">De acuerdo con el especialista, se lleg\u00f3 a la idea de \u201clo-cura social\u201d, propuesta que a\u00fana al reconocimiento del otro, donde hay un giro en la atenci\u00f3n que consta de la inclusi\u00f3n social, de la des-estigmatizaci\u00f3n que acarrea el diagn\u00f3stico, y el empoderamiento de la persona vulnerable.&nbsp;<\/p>\n\n\n\n<p class=\"wp-block-paragraph\">Ese giro modifica el enfoque t\u00e9cnico del \u201cqu\u00e9\u201d a uno relacional del \u201cc\u00f3mo\u201d, donde el tratamiento se considera un ritual que modifica integralmente a la persona. Ah\u00ed el s\u00edntoma psicol\u00f3gico deja de tener peso para considerar la situaci\u00f3n como un todo, siendo ahora la pauta atender el proceso y no los efectos, puntualiz\u00f3.<\/p>\n","protected":false},"excerpt":{"rendered":"<p>Ricardo Trujillo Correa detall\u00f3 que en un nuevo modelo el paciente deja de ser el portador de un trastorno Ese nuevo modelo har\u00e1 del paciente &nbsp;un agente m\u00e1s de la sociedad, con interacci\u00f3n y necesidad de reintegraci\u00f3n &nbsp;Redacci\u00f3n SemM\u00e9xico, Cd. de M\u00e9xico, 19 de agosto, 2024.- En materia de atenci\u00f3n a la salud mental, en [&hellip;]<\/p>\n","protected":false},"author":3,"featured_media":85840,"comment_status":"open","ping_status":"open","sticky":false,"template":"","format":"standard","meta":{"_monsterinsights_skip_tracking":false,"footnotes":""},"categories":[682],"tags":[],"class_list":["post-85839","post","type-post","status-publish","format-standard","has-post-thumbnail","category-noticias"],"_links":{"self":[{"href":"https:\/\/redsemlac.com\/semmexico\/wp-json\/wp\/v2\/posts\/85839","targetHints":{"allow":["GET"]}}],"collection":[{"href":"https:\/\/redsemlac.com\/semmexico\/wp-json\/wp\/v2\/posts"}],"about":[{"href":"https:\/\/redsemlac.com\/semmexico\/wp-json\/wp\/v2\/types\/post"}],"author":[{"embeddable":true,"href":"https:\/\/redsemlac.com\/semmexico\/wp-json\/wp\/v2\/users\/3"}],"replies":[{"embeddable":true,"href":"https:\/\/redsemlac.com\/semmexico\/wp-json\/wp\/v2\/comments?post=85839"}],"version-history":[{"count":0,"href":"https:\/\/redsemlac.com\/semmexico\/wp-json\/wp\/v2\/posts\/85839\/revisions"}],"wp:featuredmedia":[{"embeddable":true,"href":"https:\/\/redsemlac.com\/semmexico\/wp-json\/wp\/v2\/media\/85840"}],"wp:attachment":[{"href":"https:\/\/redsemlac.com\/semmexico\/wp-json\/wp\/v2\/media?parent=85839"}],"wp:term":[{"taxonomy":"category","embeddable":true,"href":"https:\/\/redsemlac.com\/semmexico\/wp-json\/wp\/v2\/categories?post=85839"},{"taxonomy":"post_tag","embeddable":true,"href":"https:\/\/redsemlac.com\/semmexico\/wp-json\/wp\/v2\/tags?post=85839"}],"curies":[{"name":"wp","href":"https:\/\/api.w.org\/{rel}","templated":true}]}}