{"id":8583,"date":"2019-06-15T22:24:48","date_gmt":"2019-06-15T22:24:48","guid":{"rendered":"https:\/\/redsemlac.com\/semmexico\/?p=8583"},"modified":"2023-07-21T14:49:13","modified_gmt":"2023-07-21T19:49:13","slug":"rechazan-decision-de-conavim-de-no-declarar-avgm-en-cdmx","status":"publish","type":"post","link":"https:\/\/redsemlac.com\/semmexico\/rechazan-decision-de-conavim-de-no-declarar-avgm-en-cdmx\/","title":{"rendered":"Rechazan decisi\u00f3n de CONAVIM de no declarar AVGM en CDMX"},"content":{"rendered":"\n<p class=\"wp-block-paragraph\"><strong><em>Fue una simulaci\u00f3n, advierten organizaciones peticionarias<\/em><\/strong><\/p>\n\n\n\n<p class=\"wp-block-paragraph\"><em>Elda Montiel <\/em><\/p>\n\n\n\n<p class=\"wp-block-paragraph\">SemM\u00e9xico, Cd. de\nM\u00e9xico, 10 junio 2019.- A pesar de que era inminente la declaratoria de Alerta\nde Violencia de G\u00e9nero para la Ciudad de M\u00e9xico debido a la violencia\nfeminicida en la capital del pa\u00eds, la CONAVIM de manera in\u00e9dita, sin sustento\nlegal y sin la participaci\u00f3n del grupo de trabajo, decidi\u00f3 no emitir el decreto\ncorrespondiente.<\/p>\n\n\n\n<p class=\"wp-block-paragraph\">Las organizaciones\npeticionarias analizar\u00e1n si interponen un amparo ante tal resoluci\u00f3n, esta\nsemana, ya que fueron notificadas el pasado 7 de junio y les informaron de 17\nacciones adicionales a las recomendaciones y medidas establecidas por el grupo\nde trabajo, lo que calificaron como una simulaci\u00f3n y prop\u00f3sito de invisibilizar\nel problema, toda vez que nunca incluyen el t\u00e9rmino \u201cdesaparici\u00f3n\u201d en sus\nresoluciones y acciones. <\/p>\n\n\n\n<p class=\"wp-block-paragraph\">Tal pareciera que\nes \u201cuna Alerta sin decreto\u201d, se\u00f1alo Anayeli P\u00e9rez Garrido, de Justicia Pro Persona\nA.C., quien preciso que lo consideran una simulaci\u00f3n.<\/p>\n\n\n\n<p class=\"wp-block-paragraph\">Sin embargo, en una\nmuestra de apertura y di\u00e1logo le hacen a la jefa de gobierno de la Ciudad de\nM\u00e9xico, Claudia Sheimbaum, la petici\u00f3n para que presente un Plan Estrat\u00e9gico\npara la prevenci\u00f3n, atenci\u00f3n, sanci\u00f3n y erradicaci\u00f3n de la violencia feminicida\nen la Ciudad de M\u00e9xico, que considere las medidas pertinentes presentadas por\nel grupo de trabajo en la solicitud de la AVG del 7 de septiembre de 2017. <\/p>\n\n\n\n<p class=\"wp-block-paragraph\">Por ello, pidieron\nque convoque a una mesa de di\u00e1logo en la que participen las organizaciones\npeticionarias, que atienda las preocupaciones de las organizaciones de la\nsociedad civil sobre las fallas estructurales que toleran la violencia\nfeminicida y obstaculizan el acceso a la justicia para las v\u00edctimas y sus\nfamilias. <\/p>\n\n\n\n<p class=\"wp-block-paragraph\">Por su parte,\nAraceli Osorio, mam\u00e1 de Lesvy Rivera Osorio, quien fue v\u00edctima de feminicidio\npor parte de su novio en 2017, presente en la conferencia de prensa, en una\nparticipaci\u00f3n emotiva indic\u00f3 que \u201cNo tiene nada que perder\u201d, y a las\nautoridades les dijo que \u201cno contar\u00e1n con la comodidad de su silencio\u201d, y a\nnombre personal, dijo que si es necesario acudir\u00e1n a movilizaciones para\nobtener la Alerta de Violencia de G\u00e9nero en la Ciudad de M\u00e9xico. <\/p>\n\n\n\n<p class=\"wp-block-paragraph\">Las organizaciones\npeticionarias demandan a la Secretar\u00eda de Gobernaci\u00f3n, que proporcione la\nevidencia presentada por el gobierno de la Ciudad de M\u00e9xico por las cuales consideraron\nno decretar la AVG y, asimismo, que instale una mesa t\u00e9cnica de alto nivel con\nparticipaci\u00f3n de las organizaciones de la sociedad civil peticionarias y la\nOficina en M\u00e9xico de la Alta Comisionada de las Naciones Unidas para los\nDerechos Humanos (OACNDH) para que se constituya en una Contralor\u00eda con\nparticipaci\u00f3n ciudadana para el seguimiento y evaluaci\u00f3n de las acciones que\nejecute el gobierno de la Ciudad de M\u00e9xico.<\/p>\n\n\n\n<p class=\"wp-block-paragraph\">Se establezca una\nmesa para evaluar los procedimientos del mecanismo de la Alerta de Violencia de\nGenero contra las Mujeres, para subsanar los vac\u00edos en el Reglamento de la Ley\nGeneral de Acceso a las Mujeres a una Vida Libre de Violencia.<\/p>\n\n\n\n<p class=\"wp-block-paragraph\">Precisaron que solo\ncon estas medidas urgentes se podr\u00e1 tener la certeza de que el trabajo para\nerradicar la violencia contra las mujeres ser\u00e1 revisado, adecuado y ajustado\nconforme a las necesidades que organizaciones y v\u00edctimas han documentado en\nesta problem\u00e1tica y que se present\u00f3 en la Solicitud de la Alerta en el a\u00f1o de\n2017. <\/p>\n\n\n\n<p class=\"wp-block-paragraph\">Presentes en la\nconferencia de prensa, Selene Gonz\u00e1lez Luna, del Centro de Derechos Humanos\nFray Francisco Victoria, y representantes de la Red Nacional de Organismos\nCiviles de Derechos Humanos Todos los Derechos para Todas y Todos, conformada\npor 87 organizaciones en 23 estados del pa\u00eds, indicaron que estar\u00e1n pendientes\nde la repuesta del gobierno Federal y local para revisar a fondo los alcances\nde esta resoluci\u00f3n in\u00e9dita, que se da en medio de coyunturas pol\u00edticas y con\nserias lagunas legales en la reglamentaci\u00f3n de la AVG que debe ser fortalecido.\n<\/p>\n\n\n\n<p class=\"wp-block-paragraph\">SEM\/em\/sj<\/p>\n","protected":false},"excerpt":{"rendered":"<p>Fue una simulaci\u00f3n, advierten organizaciones peticionarias Elda Montiel SemM\u00e9xico, Cd. de M\u00e9xico, 10 junio 2019.- A pesar de que era inminente la declaratoria de Alerta de Violencia de G\u00e9nero para la Ciudad de M\u00e9xico debido a la violencia feminicida en la capital del pa\u00eds, la CONAVIM de manera in\u00e9dita, sin sustento legal y sin la [&hellip;]<\/p>\n","protected":false},"author":3,"featured_media":8584,"comment_status":"open","ping_status":"open","sticky":false,"template":"","format":"standard","meta":{"_monsterinsights_skip_tracking":false,"footnotes":""},"categories":[690,54],"tags":[],"class_list":["post-8583","post","type-post","status-publish","format-standard","has-post-thumbnail","category-690","category-mujeres"],"_links":{"self":[{"href":"https:\/\/redsemlac.com\/semmexico\/wp-json\/wp\/v2\/posts\/8583","targetHints":{"allow":["GET"]}}],"collection":[{"href":"https:\/\/redsemlac.com\/semmexico\/wp-json\/wp\/v2\/posts"}],"about":[{"href":"https:\/\/redsemlac.com\/semmexico\/wp-json\/wp\/v2\/types\/post"}],"author":[{"embeddable":true,"href":"https:\/\/redsemlac.com\/semmexico\/wp-json\/wp\/v2\/users\/3"}],"replies":[{"embeddable":true,"href":"https:\/\/redsemlac.com\/semmexico\/wp-json\/wp\/v2\/comments?post=8583"}],"version-history":[{"count":0,"href":"https:\/\/redsemlac.com\/semmexico\/wp-json\/wp\/v2\/posts\/8583\/revisions"}],"wp:featuredmedia":[{"embeddable":true,"href":"https:\/\/redsemlac.com\/semmexico\/wp-json\/wp\/v2\/media\/8584"}],"wp:attachment":[{"href":"https:\/\/redsemlac.com\/semmexico\/wp-json\/wp\/v2\/media?parent=8583"}],"wp:term":[{"taxonomy":"category","embeddable":true,"href":"https:\/\/redsemlac.com\/semmexico\/wp-json\/wp\/v2\/categories?post=8583"},{"taxonomy":"post_tag","embeddable":true,"href":"https:\/\/redsemlac.com\/semmexico\/wp-json\/wp\/v2\/tags?post=8583"}],"curies":[{"name":"wp","href":"https:\/\/api.w.org\/{rel}","templated":true}]}}