{"id":85822,"date":"2024-08-19T13:37:19","date_gmt":"2024-08-19T19:37:19","guid":{"rendered":"https:\/\/redsemlac.com\/semmexico\/?p=85822"},"modified":"2024-08-19T13:37:20","modified_gmt":"2024-08-19T19:37:20","slug":"cuba-parejas-o-exparejas-84-de-quienes-ejercen-violencia-contra-las-mujeres","status":"publish","type":"post","link":"https:\/\/redsemlac.com\/semmexico\/cuba-parejas-o-exparejas-84-de-quienes-ejercen-violencia-contra-las-mujeres\/","title":{"rendered":"Cuba: Parejas o exparejas, 84% de quienes ejercen violencia contra las mujeres"},"content":{"rendered":"\n<p class=\"wp-block-paragraph\">Foto: SemLac, cuba<\/p>\n\n\n\n<p class=\"wp-block-paragraph\">&nbsp;Redacci\u00f3n<\/p>\n\n\n\n<p class=\"wp-block-paragraph\">SemM\u00e9xico\/SemLAC, La Habana, Cuba, 19 de agosto, 2024.- &nbsp;El 84 por ciento de los victimarios de violencia contra las mujeres en 2023 en Cuba fueron sus parejas o exparejas y el 75 por ciento de los casos ocurri\u00f3 en las viviendas, inform\u00f3 la fiscal general de la Rep\u00fablica, Yamila Pe\u00f1a Ojeda, seg\u00fan reportes de prensa difundidos el 29 de julio.<\/p>\n\n\n\n<p class=\"wp-block-paragraph\">La funcionaria ofreci\u00f3 estos datos durante una sesi\u00f3n del Consejo de Ministros, en la cual fue presentado y aprobado el Sistema nacional de registro, atenci\u00f3n, seguimiento y monitoreo a los hechos de violencia de g\u00e9nero en el escenario familiar, que suple un vac\u00edo importante de informaci\u00f3n oficial y de alcance nacional.<\/p>\n\n\n\n<p class=\"wp-block-paragraph\">&nbsp;Con este registro sobre hechos de violencia de g\u00e9nero se dispondr\u00e1 de informaci\u00f3n estad\u00edstica actualizada para prevenir y atender estos casos, dijo la funcionaria, citada por medios locales. Aunque no trascendi\u00f3 el n\u00famero total de hechos de violencia de g\u00e9nero ocurridos en 2023 captados por el registro, se inform\u00f3 que 75 por ciento de ellos se produjo en las viviendas, una tendencia que contin\u00faa en el actual a\u00f1o.<\/p>\n\n\n\n<p class=\"wp-block-paragraph\">En cuanto a las v\u00edctimas, 72 por ciento tienen entre 25 y 59 a\u00f1os y 45 por ciento son trabajadoras no remuneradas. Igualmente, la nota difundida por Cubadebate refiere que fueron identificadas las sobrevivientes que sufrieron maltratos durante la relaci\u00f3n y las que hicieron denuncias previas por amenazas o lesiones, en ocasiones retiradas como parte del ciclo de la violencia, aunque tampoco se precisan estad\u00edsticas sobre estos aspectos.<\/p>\n\n\n\n<p class=\"wp-block-paragraph\">Respecto a los victimarios, 84 por ciento fueron sus parejas o exparejas, poco menos de la mitad (46%) ten\u00eda noveno grado de escolaridad, 40 por ciento manten\u00eda v\u00ednculo laboral y 31 por ciento contaba con antecedentes penales de hechos violentos, inform\u00f3 la fiscal general en el Consejo de Ministros.<\/p>\n\n\n\n<p class=\"wp-block-paragraph\">De acuerdo con el reporte de prensa, Pe\u00f1a Ojeda detall\u00f3, como caracter\u00edsticas indicativas de violencia de g\u00e9nero, que los autores de los hechos actuaron en posici\u00f3n de dominio, algunos estaban inconformes con la ruptura de relaciones, se aprovech\u00f3 la presencia de hijos para infligir m\u00e1s sufrimiento y se hizo empleo de armas blancas o de fuego, o las propias manos de los agresores.<\/p>\n\n\n\n<p class=\"wp-block-paragraph\">&nbsp;La creaci\u00f3n del sistema nacional de registro, atenci\u00f3n, seguimiento y monitoreo a los hechos de violencia de g\u00e9nero en el escenario familiar es resultado del trabajo conjunto del Ministerio del Interior y el Tribunal Supremo Popular, con un equipo de 25 expertos, precisa la prensa.<\/p>\n","protected":false},"excerpt":{"rendered":"<p>Foto: SemLac, cuba &nbsp;Redacci\u00f3n SemM\u00e9xico\/SemLAC, La Habana, Cuba, 19 de agosto, 2024.- &nbsp;El 84 por ciento de los victimarios de violencia contra las mujeres en 2023 en Cuba fueron sus parejas o exparejas y el 75 por ciento de los casos ocurri\u00f3 en las viviendas, inform\u00f3 la fiscal general de la Rep\u00fablica, Yamila Pe\u00f1a Ojeda, [&hellip;]<\/p>\n","protected":false},"author":3,"featured_media":85823,"comment_status":"open","ping_status":"open","sticky":false,"template":"","format":"standard","meta":{"_monsterinsights_skip_tracking":false,"footnotes":""},"categories":[53],"tags":[],"class_list":["post-85822","post","type-post","status-publish","format-standard","has-post-thumbnail","category-internacional"],"_links":{"self":[{"href":"https:\/\/redsemlac.com\/semmexico\/wp-json\/wp\/v2\/posts\/85822","targetHints":{"allow":["GET"]}}],"collection":[{"href":"https:\/\/redsemlac.com\/semmexico\/wp-json\/wp\/v2\/posts"}],"about":[{"href":"https:\/\/redsemlac.com\/semmexico\/wp-json\/wp\/v2\/types\/post"}],"author":[{"embeddable":true,"href":"https:\/\/redsemlac.com\/semmexico\/wp-json\/wp\/v2\/users\/3"}],"replies":[{"embeddable":true,"href":"https:\/\/redsemlac.com\/semmexico\/wp-json\/wp\/v2\/comments?post=85822"}],"version-history":[{"count":0,"href":"https:\/\/redsemlac.com\/semmexico\/wp-json\/wp\/v2\/posts\/85822\/revisions"}],"wp:featuredmedia":[{"embeddable":true,"href":"https:\/\/redsemlac.com\/semmexico\/wp-json\/wp\/v2\/media\/85823"}],"wp:attachment":[{"href":"https:\/\/redsemlac.com\/semmexico\/wp-json\/wp\/v2\/media?parent=85822"}],"wp:term":[{"taxonomy":"category","embeddable":true,"href":"https:\/\/redsemlac.com\/semmexico\/wp-json\/wp\/v2\/categories?post=85822"},{"taxonomy":"post_tag","embeddable":true,"href":"https:\/\/redsemlac.com\/semmexico\/wp-json\/wp\/v2\/tags?post=85822"}],"curies":[{"name":"wp","href":"https:\/\/api.w.org\/{rel}","templated":true}]}}