{"id":85815,"date":"2024-08-19T13:25:41","date_gmt":"2024-08-19T19:25:41","guid":{"rendered":"https:\/\/redsemlac.com\/semmexico\/?p=85815"},"modified":"2024-08-19T13:25:44","modified_gmt":"2024-08-19T19:25:44","slug":"cifra-de-feminicidios-en-colombia-sigue-creciendo-cada-dos-dias-una-mujer-es-asesinada","status":"publish","type":"post","link":"https:\/\/redsemlac.com\/semmexico\/cifra-de-feminicidios-en-colombia-sigue-creciendo-cada-dos-dias-una-mujer-es-asesinada\/","title":{"rendered":"Cifra de feminicidios en Colombia sigue creciendo: cada dos d\u00edas una mujer es asesinada"},"content":{"rendered":"\n<p class=\"wp-block-paragraph\">Redacci\u00f3n*<\/p>\n\n\n\n<p class=\"wp-block-paragraph\">&nbsp;SemM\u00e9xico\/SemLAC, Bogot\u00e1, 19 de agosto, 2024.- Colombia se ha posiciona como el tercer pa\u00eds de Latinoam\u00e9rica, tras Brasil y Guatemala, con la mayor cantidad de feminicidios.<\/p>\n\n\n\n<p class=\"wp-block-paragraph\">&nbsp;Esta informaci\u00f3n fue difundida por el Mapa Latinoamericano de Feminicidios (MLF), que monitorea la violencia hacia las mujeres en la regi\u00f3n.<\/p>\n\n\n\n<p class=\"wp-block-paragraph\">El Observatorio Feminicidios Colombia report\u00f3 417 asesinatos en el primer semestre de 2024, lo que equivale a uno cada dos d\u00edas, public\u00f3 el 14 de agosto Voz de Am\u00e9rica. Este incremento en los casos de feminicidio ha reactivado el debate sobre la violencia de g\u00e9nero en el pa\u00eds.<\/p>\n\n\n\n<p class=\"wp-block-paragraph\">Mar\u00eda Fernanda Sa\u00f1udo, docente investigadora del Instituto Pensar, de la Universidad Javeriana, afirm\u00f3 que la violencia contra las mujeres es cotidiana y representativa de riesgos permanentes, a pesar de los avances normativos.<\/p>\n\n\n\n<p class=\"wp-block-paragraph\">Colombia cuenta con la Ley Rosa Elvira Cely, que tipifica el feminicidio como un delito aut\u00f3nomo y la Ley 2356 de 2024, que aumenta las penas eliminando beneficios penales para los condenados.<\/p>\n\n\n\n<p class=\"wp-block-paragraph\">&nbsp;Sin embargo, Sa\u00f1udo destaca que las leyes son insuficientes y deben abordar las estructuras que perpet\u00faan la violencia.<\/p>\n\n\n\n<p class=\"wp-block-paragraph\">Las mujeres no enfrentan las mismas violencias y existe un aumento de riesgos en \u00e1reas rurales y barrios populares. Seg\u00fan Sa\u00f1udo, los feminicidios est\u00e1n relacionados con relaciones violentas estructuradas en la sociedad y con din\u00e1micas de poder que perpet\u00faan la violencia.<\/p>\n\n\n\n<p class=\"wp-block-paragraph\">&nbsp;Este fen\u00f3meno se enmarca dentro de un contexto de violencia cotidiana y sistem\u00e1tica, como lo se\u00f1ala ONU Mujeres. Antioquia, Valle del Cauca, Santander, Atl\u00e1ntico y Bogot\u00e1 son las regiones con m\u00e1s casos de feminicidios en Colombia, donde, seg\u00fan la Procuradur\u00eda, una mujer es asesinada cada cuatro d\u00edas por su pareja o expareja.<\/p>\n\n\n\n<p class=\"wp-block-paragraph\">Viviana Mora, procuradora delegada para la Defensa de la Mujer, conden\u00f3 los recientes feminicidios y anunci\u00f3 seguimientos a casos espec\u00edficos.<\/p>\n\n\n\n<p class=\"wp-block-paragraph\">La Fiscal\u00eda colombiana report\u00f3 630 casos de feminicidio entre mayo de 2023 y mayo de 2024 y est\u00e1 implementando cuatro estrategias preventivas.<\/p>\n\n\n\n<p class=\"wp-block-paragraph\">&nbsp;A pesar de las pol\u00edticas implementadas, Sa\u00f1udo advierte que no existe suficiente capacidad en los territorios para responder adecuadamente a los problemas de las mujeres en riesgo, lo que podr\u00eda continuar alimentando el aumento de estas cifras.<\/p>\n\n\n\n<p class=\"wp-block-paragraph\">Reciente<\/p>\n\n\n\n<p class=\"wp-block-paragraph\">En las \u00faltimas semanas en Bogot\u00e1, se supo de la muerte de tres mujeres presuntamente a manos de sus parejas sentimentales, lo que volvi\u00f3 a poner el foco en la violencia contra las mujeres en el pa\u00eds sudamericano. Dos de ellas fueron asesinadas a pu\u00f1aladas y la otra a tiros.<\/p>\n\n\n\n<p class=\"wp-block-paragraph\">Explic\u00f3 Mar\u00eda Fernanda Sa\u00f1udo, docente investigadora del Instituto Pensar de la Universidad Javeriana de Bogot\u00e1.<\/p>\n\n\n\n<p class=\"wp-block-paragraph\">\u00abEntonces, saltan las alarmas porque las normas no est\u00e1n resolviendo el problema. Si bien tenemos avances normativos, las violencias no cesan\u201d, agreg\u00f3.<\/p>\n\n\n\n<figure class=\"wp-block-image size-full\"><a href=\"https:\/\/redsemlac.com\/semmexico\/wp-content\/uploads\/2024\/08\/feminicidios-colombia-02.jpg\"><img loading=\"lazy\" decoding=\"async\" width=\"650\" height=\"366\" src=\"https:\/\/redsemlac.com\/semmexico\/wp-content\/uploads\/2024\/08\/feminicidios-colombia-02.jpg\" alt=\"\" class=\"wp-image-85816\"\/><\/a><\/figure>\n\n\n\n<p class=\"wp-block-paragraph\"><strong><em>El \u201cfeminicidio se ancla en una sociedad violenta\u201d<\/em><\/strong><\/p>\n\n\n\n<p class=\"wp-block-paragraph\">\u201cEl feminicidio es un crimen, que es la m\u00e1xima expresi\u00f3n de las violencias contra las mujeres. Son violencias cotidianas, naturalizadas, normalizadas, y como lo establece ONU Mujeres, el feminicidio hace parte de esta cadena de continua violencia que experimentan las mujeres durante toda su vida\u201d, declar\u00f3.<\/p>\n\n\n\n<p class=\"wp-block-paragraph\">Las regiones de Colombia con m\u00e1s casos de violencia de este tipo son Antioquia, Valle del Cauca, Santander, Atl\u00e1ntico y Bogot\u00e1. En ese contexto, revel\u00f3 la Procuradur\u00eda, que cada cuatro d\u00edas una mujer es asesinada en el pa\u00eds por su pareja o expareja sentimental.<\/p>\n\n\n\n<p class=\"wp-block-paragraph\">\u201cLa Procuradur\u00eda General de la Naci\u00f3n rechaza los recientes y lamentables hechos de feminicidio y de violencia sexual contra menores de edad en el pa\u00eds, y adelantamos seguimiento a casos como el de una joven de 22 a\u00f1os en Silvia, Cauca\u201d, dijo Viviana Mora, procuradora delegada para la Defensa de la Mujer, frente a la ola de asesinatos contra las mujeres.<\/p>\n\n\n\n<p class=\"wp-block-paragraph\">Por \u00faltimo, Sa\u00f1udo se\u00f1al\u00f3 que, a pesar de las pol\u00edticas robustas, \u201cno hay una capacidad instalada en los territorios para poder dar respuestas a las demandas de las mujeres que est\u00e1n en riesgo, y para entender la complejidad que puede suponer un feminicidio e impactar este problema, porque si no se impacta, las cifras van a seguir aumentando\u201d.<\/p>\n\n\n\n<p class=\"wp-block-paragraph\">De nuestro servicio No a la Violencia, solicitar mayor informaci\u00f3n<\/p>\n","protected":false},"excerpt":{"rendered":"<p>Redacci\u00f3n* &nbsp;SemM\u00e9xico\/SemLAC, Bogot\u00e1, 19 de agosto, 2024.- Colombia se ha posiciona como el tercer pa\u00eds de Latinoam\u00e9rica, tras Brasil y Guatemala, con la mayor cantidad de feminicidios. &nbsp;Esta informaci\u00f3n fue difundida por el Mapa Latinoamericano de Feminicidios (MLF), que monitorea la violencia hacia las mujeres en la regi\u00f3n. El Observatorio Feminicidios Colombia report\u00f3 417 asesinatos [&hellip;]<\/p>\n","protected":false},"author":3,"featured_media":85817,"comment_status":"open","ping_status":"open","sticky":false,"template":"","format":"standard","meta":{"_monsterinsights_skip_tracking":false,"footnotes":""},"categories":[53],"tags":[],"class_list":["post-85815","post","type-post","status-publish","format-standard","has-post-thumbnail","category-internacional"],"_links":{"self":[{"href":"https:\/\/redsemlac.com\/semmexico\/wp-json\/wp\/v2\/posts\/85815","targetHints":{"allow":["GET"]}}],"collection":[{"href":"https:\/\/redsemlac.com\/semmexico\/wp-json\/wp\/v2\/posts"}],"about":[{"href":"https:\/\/redsemlac.com\/semmexico\/wp-json\/wp\/v2\/types\/post"}],"author":[{"embeddable":true,"href":"https:\/\/redsemlac.com\/semmexico\/wp-json\/wp\/v2\/users\/3"}],"replies":[{"embeddable":true,"href":"https:\/\/redsemlac.com\/semmexico\/wp-json\/wp\/v2\/comments?post=85815"}],"version-history":[{"count":0,"href":"https:\/\/redsemlac.com\/semmexico\/wp-json\/wp\/v2\/posts\/85815\/revisions"}],"wp:featuredmedia":[{"embeddable":true,"href":"https:\/\/redsemlac.com\/semmexico\/wp-json\/wp\/v2\/media\/85817"}],"wp:attachment":[{"href":"https:\/\/redsemlac.com\/semmexico\/wp-json\/wp\/v2\/media?parent=85815"}],"wp:term":[{"taxonomy":"category","embeddable":true,"href":"https:\/\/redsemlac.com\/semmexico\/wp-json\/wp\/v2\/categories?post=85815"},{"taxonomy":"post_tag","embeddable":true,"href":"https:\/\/redsemlac.com\/semmexico\/wp-json\/wp\/v2\/tags?post=85815"}],"curies":[{"name":"wp","href":"https:\/\/api.w.org\/{rel}","templated":true}]}}