{"id":85811,"date":"2024-08-19T12:53:42","date_gmt":"2024-08-19T18:53:42","guid":{"rendered":"https:\/\/redsemlac.com\/semmexico\/?p=85811"},"modified":"2024-08-19T12:53:43","modified_gmt":"2024-08-19T18:53:43","slug":"tras-la-puerta-del-poder-el-viernes-sabremos-que-sigue-democracia-o-maximato-encubierto","status":"publish","type":"post","link":"https:\/\/redsemlac.com\/semmexico\/tras-la-puerta-del-poder-el-viernes-sabremos-que-sigue-democracia-o-maximato-encubierto\/","title":{"rendered":"Tras la puerta del poder| El viernes sabremos que sigue: \u00bfdemocracia o\u00a0Maximato\u00a0encubierto?"},"content":{"rendered":"\n<p class=\"wp-block-paragraph\">&nbsp;Roberto Vizca\u00edno<\/p>\n\n\n\n<p class=\"wp-block-paragraph\">SemM\u00e9xico, Cd. de M\u00e9xico, 19 de agosto, 2024.-<strong> S\u00ed,<\/strong>&nbsp;<strong><em>no hay plazo que no se cumpla<\/em><\/strong>. Y a M\u00e9xico le lleg\u00f3 el suyo. El pr\u00f3ximo viernes 23 de este agosto consejeros del INE y 4 magistrados del Trife decidir\u00e1n el destino de la treceava econom\u00eda en el mundo, y el futuro de 130 millones de mexicanos.<\/p>\n\n\n\n<p class=\"wp-block-paragraph\">Podr\u00edamos poner aqu\u00ed la larga lista de todo lo que este pa\u00eds es. Y lo que una sobrerrepresentaci\u00f3n legislativa otorgada a Morena, PT y Verde significar\u00eda. Si se la otorgan este viernes -como hay indicios que ocurrir\u00e1-, esa sobrerrepresentaci\u00f3n significar\u00e1 la aprobaci\u00f3n masiva e inmediata en los primeros d\u00edas de septiembre en el Senado y la C\u00e1mara de Diputados de una cascada de reformas por dem\u00e1s antidemocr\u00e1ticas y de destrucci\u00f3n de un sistema Pol\u00edtico, Econ\u00f3mico y Social ciertamente deficiente, pero que nos garantiza libertad, derecho al voto y opciones individuales, y como sociedad, de&nbsp; desarrollo.<\/p>\n\n\n\n<p class=\"wp-block-paragraph\">El momento mexicano est\u00e1 marcado por la existencia de una sociedad mayoritariamente inculta, sin educaci\u00f3n m\u00ednima para nada, menos para darle a los mexicanos capacidad de an\u00e1lisis y de decisi\u00f3n pol\u00edtica. Por el contrario, es una sociedad &nbsp;dominada y conducida por d\u00e1divas y bonos a trav\u00e9s de la aplicaci\u00f3n de programas de justicia social, que reparten dinero en efectivo, y que tienen como \u00fanico objetivo ganar votos.<\/p>\n\n\n\n<p class=\"wp-block-paragraph\">La incultura y el reparto de dinero le dieron un triunfo absoluto, contundente a&nbsp;<strong>Claudia Sheinbaum<\/strong>, y mayor\u00edas en el Senado y la C\u00e1mara de Diputados al oficialismo cuyo fin fue consolidar el poder unipersonal de&nbsp;<strong>Andr\u00e9s Manuel L\u00f3pez Obrador<\/strong>&nbsp;quien insiste -y hay quien le cree &#8211; que el 1 de octubre luego de entregar la Banda Presidencial se ir\u00e1 a descansar lejos de la pol\u00edtica a su hacienda en Palenque.<\/p>\n\n\n\n<p class=\"wp-block-paragraph\"><strong>S\u00ed c\u00f3mo no.<\/strong><\/p>\n\n\n\n<p class=\"wp-block-paragraph\">Confiados en que el INE y el Trife -colonizados por ellos- les dar\u00e1n 74% de los 500 diputados federales a pesar de que el voto ciudadano s\u00f3lo les otorg\u00f3 el 54%,&nbsp;<strong>AMLO, Claudia<\/strong>, Morena, PT y Verde, y sus futuros coordinadores parlamentarios&nbsp;<strong>Ad\u00e1n Augusto L\u00f3pez y Ricardo Monreal,<\/strong>&nbsp;y sus respectivas bancadas, ya preparan el gran asalto para darle la puntilla al Sistema postrevolucionario que oper\u00f3 en M\u00e9xico desde que&nbsp;<strong>Plutarco El\u00edas Calles<\/strong>&nbsp;cre\u00f3 el PNR que deriv\u00f3 en el PRI.<\/p>\n\n\n\n<p class=\"wp-block-paragraph\">Un Sistema que a pesar de sus obst\u00e1culos e imperfecciones logr\u00f3 adecuaciones y creo instituciones esenciales, y garantiz\u00f3 en el transcurso de sexenios y decenios los espacios para avanzar hasta lo que hoy somos: la treceava econom\u00eda entre unos 150 pa\u00edses.<\/p>\n\n\n\n<p class=\"wp-block-paragraph\">Un pa\u00eds que forma parte de la regi\u00f3n econ\u00f3mica y social m\u00e1s poderosa y de desarrollo junto a EU y Canad\u00e1 v\u00eda el T-MEC, el mayor mecanismo neoliberal que opere en el mundo.<\/p>\n\n\n\n<p class=\"wp-block-paragraph\">Contra ese Sistema es que apenas inicie la siguiente legislatura se van a tramitar en Senado y Diputados una treintena de reformas propuestas por el presidente saliente Andr\u00e9s Manuel L\u00f3pez Obrador, a fin de promulgarlas antes de irse.<\/p>\n\n\n\n<p class=\"wp-block-paragraph\">Las m\u00e1s importantes son: la desaparici\u00f3n de organismos aut\u00f3nomos -INE, CNDH, INAI, CRE, etc., etc.-; la destrucci\u00f3n del Poder Judicial para el sometimiento y control de la Suprema Corte y la red de tribunales y de jueces federales y estatales de todo tipo; la desaparici\u00f3n de los 200 diputados federales plurinominales y los 32 Senadores pluris; otra reforma para revertir adem\u00e1s la reelecci\u00f3n de diputados, senadores y alcaldes y una \u00faltima reforma que apenas presentar\u00e1&nbsp;<strong>AMLO<\/strong>&nbsp;para impedir el financiamiento internacional a organizaciones como Mexicanos contra la Corrupci\u00f3n.<\/p>\n\n\n\n<p class=\"wp-block-paragraph\">Golpes precisos vs instituciones y organizaciones que forman un contrapeso al poder Presidencial omn\u00edmodo, arbitrario, abusivo y profundamente corrupto.<\/p>\n\n\n\n<p class=\"wp-block-paragraph\">Una cascada -insisto- de destrucci\u00f3n institucional, legal, constitucional, con el aval de votos de ciudadanos indolentes comprados con bonos de programas sociales, a fin de instaurar la m\u00e1s c\u00ednica autocracia que operar\u00e1 bajo una democracia simulada.<\/p>\n\n\n\n<p class=\"wp-block-paragraph\">Habr\u00e1 elecciones, s\u00ed, pero organizadas y sancionadas por el Gobierno; habr\u00e1 reformas constitucionales y readecuaci\u00f3n a modo de la Constituci\u00f3n, s\u00ed, pero gracias a una sobrerrepresentaci\u00f3n ilegitima e inconstitucional. Habr\u00e1 Primera Presidenta, pero instruida, vigilada y sancionada a cada paso desde Palenque.<\/p>\n\n\n\n<p class=\"wp-block-paragraph\">A eso vamos con la decisi\u00f3n que se tome en el INE y el Trife este viernes. La destrucci\u00f3n de la Rep\u00fablica postrevolucionaria pasa por la sobrerrepresentaci\u00f3n legislativa para Morena, PT y Verde.<\/p>\n\n\n\n<p class=\"wp-block-paragraph\"><strong>SENADO, ABIERTO A CIUDADANOS: ANA LILIA RIVERA<\/strong><\/p>\n\n\n\n<p class=\"wp-block-paragraph\">Bajo el principio de que la tarea legislativa requiere de abrirse a la ciudadan\u00eda, y de impulsar la civilidad entre sus componentes, la senadora tlaxcalteca&nbsp;<strong>Ana Lilia Rivera<\/strong>&nbsp;concluye su presidencia en el Senado con una serie de eventos que marcan un rumbo dentro de esta c\u00e1mara.<\/p>\n\n\n\n<p class=\"wp-block-paragraph\">Es as\u00ed como, en d\u00edas anteriores, se realiz\u00f3 en el Senado el conversatorio sobre colectividad y gobernanza organizado por la senadora de Morena&nbsp;<strong>Indira Paola L\u00f3pez<\/strong>&nbsp;que busc\u00f3 nuevas formas de cooperaci\u00f3n entre el gobierno y los colectivos que trabajan por el desarrollo humano<\/p>\n\n\n\n<p class=\"wp-block-paragraph\">El encuentro denominado, \u201cColectividad y Gobernanza\u201d, se realiz\u00f3 como un impulso para que colectivos y agrupaciones sociales sean escuchadas en la construcci\u00f3n de una agenda legislativa que promueva el desarrollo humano, la cultura y los derechos de la poblaci\u00f3n.<\/p>\n\n\n\n<p class=\"wp-block-paragraph\">La senadora&nbsp;<strong>L\u00f3pez<\/strong>&nbsp;consider\u00f3 que el verdadero cambio social s\u00f3lo puede lograrse \u201csi nos unimos, si escuchamos y trabajamos de la mano del pueblo, de quienes d\u00eda a d\u00eda trabajan por una sociedad m\u00e1s justa e igualitaria\u201d.<\/p>\n\n\n\n<p class=\"wp-block-paragraph\">Subray\u00f3 la importancia de que los legisladores den voz a la sociedad civil y de que encuentren en el Senado un espacio de di\u00e1logo y reflexi\u00f3n, para compartir y encontrar formas de cooperaci\u00f3n entre el gobierno y los colectivos que trabajan en pro de un desarrollo social con sentido humano, y que promuevan la defensa de los derechos y las causas sociales.<\/p>\n\n\n\n<p class=\"wp-block-paragraph\">La legisladora dijo que ahora, construir el segundo piso de esta transformaci\u00f3n en curso, no es s\u00f3lo una meta, sino \u201cun compromiso que asumimos con la ciudadan\u00eda, que nos exige consolidar y fortalecer las propuestas que ya est\u00e1n en marcha en favor del pueblo\u201d.<\/p>\n\n\n\n<p class=\"wp-block-paragraph\">\u2026 \/ Twitter: @_Vizcaino \/ Facebook<\/p>\n\n\n\n<p class=\"wp-block-paragraph\">\/&nbsp;<a href=\"https:\/\/www.facebook.com\/rvizcainoa\" target=\"_blank\" rel=\"noreferrer noopener\">https:\/\/www.facebook.com\/rvizcainoa<\/a><\/p>\n","protected":false},"excerpt":{"rendered":"<p>&nbsp;Roberto Vizca\u00edno SemM\u00e9xico, Cd. de M\u00e9xico, 19 de agosto, 2024.- S\u00ed,&nbsp;no hay plazo que no se cumpla. Y a M\u00e9xico le lleg\u00f3 el suyo. El pr\u00f3ximo viernes 23 de este agosto consejeros del INE y 4 magistrados del Trife decidir\u00e1n el destino de la treceava econom\u00eda en el mundo, y el futuro de 130 millones [&hellip;]<\/p>\n","protected":false},"author":3,"featured_media":39589,"comment_status":"open","ping_status":"open","sticky":false,"template":"","format":"standard","meta":{"_monsterinsights_skip_tracking":false,"footnotes":""},"categories":[35,623,622],"tags":[],"class_list":["post-85811","post","type-post","status-publish","format-standard","has-post-thumbnail","category-opinion","category-roberto-vizcaino","category-tras-la-puerta-del-poder"],"_links":{"self":[{"href":"https:\/\/redsemlac.com\/semmexico\/wp-json\/wp\/v2\/posts\/85811","targetHints":{"allow":["GET"]}}],"collection":[{"href":"https:\/\/redsemlac.com\/semmexico\/wp-json\/wp\/v2\/posts"}],"about":[{"href":"https:\/\/redsemlac.com\/semmexico\/wp-json\/wp\/v2\/types\/post"}],"author":[{"embeddable":true,"href":"https:\/\/redsemlac.com\/semmexico\/wp-json\/wp\/v2\/users\/3"}],"replies":[{"embeddable":true,"href":"https:\/\/redsemlac.com\/semmexico\/wp-json\/wp\/v2\/comments?post=85811"}],"version-history":[{"count":0,"href":"https:\/\/redsemlac.com\/semmexico\/wp-json\/wp\/v2\/posts\/85811\/revisions"}],"wp:featuredmedia":[{"embeddable":true,"href":"https:\/\/redsemlac.com\/semmexico\/wp-json\/wp\/v2\/media\/39589"}],"wp:attachment":[{"href":"https:\/\/redsemlac.com\/semmexico\/wp-json\/wp\/v2\/media?parent=85811"}],"wp:term":[{"taxonomy":"category","embeddable":true,"href":"https:\/\/redsemlac.com\/semmexico\/wp-json\/wp\/v2\/categories?post=85811"},{"taxonomy":"post_tag","embeddable":true,"href":"https:\/\/redsemlac.com\/semmexico\/wp-json\/wp\/v2\/tags?post=85811"}],"curies":[{"name":"wp","href":"https:\/\/api.w.org\/{rel}","templated":true}]}}