{"id":8580,"date":"2019-06-15T22:22:02","date_gmt":"2019-06-15T22:22:02","guid":{"rendered":"https:\/\/redsemlac.com\/semmexico\/?p=8580"},"modified":"2023-07-21T14:49:14","modified_gmt":"2023-07-21T19:49:14","slug":"cuba-proyecto-para-reducir-riesgo-ante-desastres-desde-la-inclusion","status":"publish","type":"post","link":"https:\/\/redsemlac.com\/semmexico\/cuba-proyecto-para-reducir-riesgo-ante-desastres-desde-la-inclusion\/","title":{"rendered":"Cuba: Proyecto para reducir riesgo ante desastres desde la inclusi\u00f3n"},"content":{"rendered":"\n<p class=\"wp-block-paragraph\">Se basa en resultados cient\u00edficos y diferenciado de las necesidades de\nmujeres y personas con discapacidad<br>\n<br>\n<em><\/em><\/p>\n\n\n\n<p class=\"wp-block-paragraph\">Redacci\u00f3n<\/p>\n\n\n\n<p class=\"wp-block-paragraph\">SemM\u00e9xico\/SEMlac,\nLa Habana, 10 febrero 2019.-Incrementar los conocimientos sobre los niveles de\nriesgo ante los desastres naturales, basados en resultados cient\u00edficos y con un\nenfoque diferenciado en las necesidades de las mujeres y de las personas con\ndiscapacidad es el prop\u00f3sito de un nuevo proyecto binacional entre Cuba y\nRep\u00fablica Dominicana.<\/p>\n\n\n\n<p class=\"wp-block-paragraph\"><br>\nLa iniciativa \u00abAprendiendo de las experiencias del<a href=\"https:\/\/media.ifrc.org\/ifrc\/2017\/09\/22\/despues-del-huracan-un-panorama-de-lo-que-fue-irma-y-maria-en-el-caribe\/?lang=es\" target=\"_blank\" rel=\"noreferrer noopener\">&nbsp;hurac\u00e1n\nIrma y Mar\u00eda<\/a>: Integraci\u00f3n de la protecci\u00f3n y la inclusi\u00f3n en la Reducci\u00f3n\ndel Riesgo de Desastre (RRD) en el Caribe\u00bb tiene como escenario a la\nprovincia de Matanzas, ubicada a poco m\u00e1s de 100 kil\u00f3metros al este de La\nHabana.<br>\n<br>\n<\/p>\n\n\n\n<p class=\"wp-block-paragraph\">De acuerdo\ncon Yasiel Mart\u00ednez Dom\u00ednguez, Director de la Divisi\u00f3n de&nbsp;<a href=\"http:\/\/www.csam.cu\/\" target=\"_blank\" rel=\"noreferrer noopener\">Gesti\u00f3n Ambiental del\nCentro de Servicios Ambientales de Matanzas (CSAM)<\/a>,\nperteneciente al Ministerio de Ciencia, Tecnolog\u00eda y Medio Ambiente (CITMA),\nesta cooperaci\u00f3n busca compartir experiencias y lecciones aprendidas de los\nhuracanes Irma y Mar\u00eda en ambas naciones, tras los grandes impactos que el\nfen\u00f3meno meteorol\u00f3gico dejara a su paso por el Caribe en 2017.&nbsp;<br>\n<br>\n<\/p>\n\n\n\n<p class=\"wp-block-paragraph\">\u00abNos\npermitir\u00e1 fortalecer las coordinaciones en la preparaci\u00f3n ante desastres y la\nrespuesta oportuna ante amenazas comunes en el Caribe\u00bb, explic\u00f3 a<a href=\"http:\/\/www.redsemlac-cuba.net\/quienes_somos.html\" target=\"_blank\" rel=\"noreferrer noopener\">&nbsp;SEMlac<\/a>.<br>\n<br>\n<\/p>\n\n\n\n<p class=\"wp-block-paragraph\">\u00abSe\ntrata de contribuir a incrementar la capacidad de resiliencia con un enfoque\ninclusivo, reforzar las capacidades y mecanismos cubanos de gesti\u00f3n de RRD a\nnivel local, territorial y nacional para estar mejor preparados y responder a\nlos desastres mientras se salvaguardan y protegen a las personas m\u00e1s\nvulnerables en las comunidades\u00bb, dijo el coordinador del proyecto por la\nparte cubana.<br>\n<br>\n<\/p>\n\n\n\n<p class=\"wp-block-paragraph\">Jerome\nFaure, cooperante en Cuba para&nbsp;<a href=\"https:\/\/www.oxfam.org\/es\/paises\/cuba\" target=\"_blank\" rel=\"noreferrer noopener\">Oxfam International<\/a>, una de\nlas organizaciones impulsoras del proyecto, subray\u00f3 que Cuba est\u00e1 expuesta a\namenazas de origen natural derivadas fundamentalmente de eventos\nhidrometeorol\u00f3gicos y geol\u00f3gicos y, a pesar de contar con un&nbsp;<a href=\"http:\/\/www.redsemlac-cuba.net\/sociedad-cultura\/muchas-manos-se-unen-a-la-recuperaci%C3%B3n-tras-paso-del-tornado.html\" target=\"_blank\" rel=\"noreferrer noopener\">sistema\nde prevenci\u00f3n, mitigaci\u00f3n y respuesta oportuna<\/a>, bien\nestructurado desde las instancias nacionales hasta el nivel local, contin\u00faa\nsiendo impactada por estas.<br>\n<br>\n<\/p>\n\n\n\n<p class=\"wp-block-paragraph\">\u00abLo\nque pretende esta iniciativa es que, ante una situaci\u00f3n de emergencia, la\ncomunidad, la poblaci\u00f3n, los factores que intervienen, puedan reaccionar con\nmayor fuerza y restablecerlas condiciones a una situaci\u00f3n id\u00e9ntica o mejor a la\nque se ten\u00eda anteriormente al impacto del evento\u00bb, precis\u00f3 Faure.<br>\n<br>\n<\/p>\n\n\n\n<p class=\"wp-block-paragraph\">Con el\nproyecto binacional, el territorio de Matanzas se beneficiar\u00e1 con la compra e\ninstalaci\u00f3n de equipamientos para la creaci\u00f3n de nuevos centros de Gesti\u00f3n de\nRiesgos tanto en la cabecera provincial como en los municipios de C\u00e1rdenas,\nMart\u00ed y Col\u00f3n, apunt\u00f3 Mart\u00ednez Dom\u00ednguez.<br>\n<br>\n<\/p>\n\n\n\n<p class=\"wp-block-paragraph\">Seg\u00fan\nexplic\u00f3 el especialista, la puesta en marcha de la estrategia permitir\u00e1 la\nactualizaci\u00f3n del estudio de Peligro, Vulnerabilidad y Riesgo (PVR)\nHidrometeorol\u00f3gico (por intensas lluvias) en la provincia de Matanzas; la\narrancada de otra investigaci\u00f3n similar pero enfocada en los sismos, en este\npropio territorio, as\u00ed como la instalaci\u00f3n de una estaci\u00f3n sismol\u00f3gica y la\ncreaci\u00f3n de una base de datos sismol\u00f3gicos en el \u00e1rea caribe\u00f1a.<br>\n<br>\n<\/p>\n\n\n\n<p class=\"wp-block-paragraph\">El Doctor\nen Ciencias Enrique D. Arango Arias, del&nbsp;<a href=\"http:\/\/www.cenais.cu\/\" target=\"_blank\" rel=\"noreferrer noopener\">Centro Nacional de Investigaciones Sismol\u00f3gicas de Cuba<\/a>, destac\u00f3\nque los nuevos medios permitir\u00e1n mejorar el respaldo energ\u00e9tico y las\ncomunicaciones de las estaciones que rodean a Matanzas.<br>\n<br>\n<\/p>\n\n\n\n<p class=\"wp-block-paragraph\">\u00abEn la provincia se han identificado una serie de fallas activas capaces de generar un nivel de sismicidad importante. Los \u00faltimos estudios realizados en la zona de Varadero para la b\u00fasqueda de petr\u00f3leo reflejan una alta complejidad tect\u00f3nica en los alrededores de la pen\u00ednsula de Hicacos\u00bb, explic\u00f3.<br> <br> <strong>M\u00e1s inclusi\u00f3n, menos vulnerabilidades<\/strong><br><\/p>\n\n\n\n<p class=\"wp-block-paragraph\">\u00abAprendiendo\nde Irma y Mar\u00eda\u00bb tiene entre sus objetivos, adem\u00e1s, la realizaci\u00f3n de una\ninvestigaci\u00f3n acad\u00e9mica a nivel subregional (Cuba, Rep\u00fablica Dominicana y\nHait\u00ed) sobre el v\u00ednculo entre desigualdad, vulnerabilidad y desastres\nnaturales.&nbsp;<\/p>\n\n\n\n<p class=\"wp-block-paragraph\"><br>\nJahnna Jim\u00e9nez \u00c1lvarez, coordinadora general del proyecto para Rep\u00fablica\nDominicana y Cuba, sostuvo que este beneficiar\u00e1 a unas 11.607 personas e\ninvolucra 82 organizaciones de ambas naciones caribe\u00f1as. Permitir\u00e1 no solo\nsalvaguardar la vida, sino que modifica la forma de hacer nuestro trabajo para\nproteger mejor a las personas, sobre todo aquellas en mayores condiciones de\nvulnerabilidad. Adem\u00e1s, coloca el tema de la protecci\u00f3n de derechos en\nsituaciones de emergencia en la agenda de los organismos regionales.<\/p>\n\n\n\n<p class=\"wp-block-paragraph\"><br>\nAgreg\u00f3 que otros prop\u00f3sitos ser\u00e1 la creaci\u00f3n de rutas cr\u00edticas para la\nrespuesta a la violencia en estos escenarios, para que las personas est\u00e9n\norientadas y se pueda proteger sus derechos desde las redes comunitarias.<br>\nEn ese sentido, Jim\u00e9nez \u00c1lvarez refiri\u00f3 que, como parte de ese ejercicio de\ncompartir las buenas pr\u00e1cticas, metodolog\u00edas, herramientas y materiales de\ncapacitaci\u00f3n pertinentes para pa\u00edses con similares peligros y debilidades, la\niniciativa contempla la adquisici\u00f3n por parte de Cuba de una tecnolog\u00eda probada\ncon \u00e9xito en Rep\u00fablica Dominicana:<a href=\"https:\/\/www.metrord.do\/do\/noticias\/2016\/07\/11\/albergues-desmontables-nueva-ayuda-emergencias.html\" target=\"_blank\" rel=\"noreferrer noopener\">&nbsp;un\nalbergue m\u00f3vil desmontable<\/a>.&nbsp;<\/p>\n\n\n\n<p class=\"wp-block-paragraph\"><br>\n\u00abDonde sea que haya un espacio parecido a una cancha de baloncesto, el\nalbergue desmontable puede ser instalado, pues tiene una tecnolog\u00eda muy\nliviana. Est\u00e1 pensado desde necesidades de grupos espec\u00edficos, principalmente\nlos m\u00e1s vulnerables. Entre ellos&nbsp;<a href=\"http:\/\/www.redsemlac-cuba.net\/sociedad-cultura\/mujeres-en-el-v%C3%B3rtice-de-los-desastres.html\" target=\"_blank\" rel=\"noreferrer noopener\">las\nmujeres<\/a>, particularmente las embarazadas y menores lactantes, las\npersonas con discapacidad, los ni\u00f1os, ni\u00f1as y adolescentes\u00bb,\ncoment\u00f3.&nbsp;<\/p>\n\n\n\n<p class=\"wp-block-paragraph\"><br>\nJim\u00e9nez \u00c1lvarez sostuvo que las situaciones que ocurren en tiempo ordinario\npueden exacerbarse en momentos de crisis y agravarse, si no se toman medidas de\nseguridad. \u00abHablamos de la violencia f\u00edsica, sexual hacia mujeres, ni\u00f1os y\nni\u00f1as. Pero tambi\u00e9n de las necesidades espec\u00edficas de las personas con alg\u00fan\ntipo de discapacidad o que tienen enfermedades cr\u00f3nicas, como la diabetes, la\nhipertensi\u00f3n. Si no tenemos claro que en un momento de emergencia los\nmedicamentos de esas personas pueden escasear y no lo asumimos de forma\npreventiva, esto podr\u00eda generar situaciones complicadas\u00bb, ejemplific\u00f3 la\ncoordinadora general.<\/p>\n\n\n\n<p class=\"wp-block-paragraph\"><br>\nYohanka Vald\u00e9s Jim\u00e9nez, a cargo del componente de g\u00e9nero del proyecto, sostuvo\nque es importante incluir las necesidades diferenciadas de las personas, en\nparticular las mujeres, en los planes de prevenci\u00f3n, y eliminar las barreras\nque estas enfrentan en este tipo de situaciones; tambi\u00e9n&nbsp;<a href=\"http:\/\/www.redsemlac-cuba.net\/economia\/respuesta-al-cambio-clim%C3%A1tico-requiere-equidad-de-g%C3%A9nero.html\" target=\"_blank\" rel=\"noreferrer noopener\">reconocer\nsus capacidades y contribuciones en la reducci\u00f3n del riesgo de desastres<\/a>.<\/p>\n\n\n\n<p class=\"wp-block-paragraph\"><br>\nLa participaci\u00f3n en la toma de decisiones ante eventos de esta naturaleza por\nparte de las propias personas con discapacidad es un elemento crucial, enfatiz\u00f3\npor su parte Ibia Vega, especialista a cargo del componente de inclusi\u00f3n de la\niniciativa.<\/p>\n\n\n\n<p class=\"wp-block-paragraph\"><br>\nEllo, unido a la concientizaci\u00f3n, sensibilizaci\u00f3n, lograr entornos accesibles y\nel desarrollo de herramientas inclusivas, dijo.<\/p>\n\n\n\n<p class=\"wp-block-paragraph\"><br>\n\u00abLa sociedad debe comprender de una vez y por todas que pertenecemos a\nella y podemos ser&nbsp;<a href=\"http:\/\/www.redsemlac-cuba.net\/sociedad-cultura\/prevenci%C3%B3n-de-desastres-naturales-con-enfoque-inclusivo.html\" target=\"_blank\" rel=\"noreferrer noopener\">entes\nactivos<\/a>\u00ab, dijo Geudis Vega, de la Asociaci\u00f3n Nacional de Ciegos y\nD\u00e9biles Visuales (ANCI).&nbsp;<\/p>\n\n\n\n<p class=\"wp-block-paragraph\"><br>\nCuando se trata de indagar por nuestras necesidades u ofrecer ayuda, casi nunca\nse dirigen a la persona con discapacidad, sino a quien la acompa\u00f1a. Si se\nquiere que las personas con discapacidad participen, hay que tenerlos en cuenta\ndesde el inicio, apunt\u00f3.<\/p>\n\n\n\n<p class=\"wp-block-paragraph\"><br>\nPara Ernesto Fern\u00e1ndez, el desconocimiento es la barrera m\u00e1s fuerte a la que se\nenfrentan las personas con discapacidad hoy, incluso porque ese desconocimiento\ngenera otras barreras. \u00abPor ello la sensibilizaci\u00f3n en estos proyectos es\nfundamental\u00bb, opin\u00f3 el representante de personas con capacidades\nespeciales.<\/p>\n\n\n\n<p class=\"wp-block-paragraph\"><br>\nLa iniciativa binacional cuenta con la fortaleza de integrar para su\nconsecuci\u00f3n a la&nbsp;<a href=\"https:\/\/www.preventionweb.net\/organizations\/245\" target=\"_blank\" rel=\"noreferrer noopener\">Defensa Civil de Cuba<\/a>&nbsp;y de\nRep\u00fablica Dominicana, junto a la Federaci\u00f3n de Mujeres Cubanas, las\nAsociaciones de personas con discapacidad (ACLIFIM, ANCI y ANSOC) a nivel local\ny nacional, y las organizaciones dominicanas Plan International y H\u00e1bitat para\nla Humanidad.<\/p>\n\n\n\n<p class=\"wp-block-paragraph\"><br>\nAdem\u00e1s, las ONG internacionales OXFAM y Humanity&amp;Inclusion se han unido en\nconsorcio para impulsar la ejecuci\u00f3n de este proyecto, que cuenta con la\ndirecci\u00f3n general de protecci\u00f3n civil y ayuda humanitaria de la Uni\u00f3n Europea\n(ECHO) como donante.<\/p>\n\n\n\n<p class=\"wp-block-paragraph\">SEM-SEMlac<\/p>\n","protected":false},"excerpt":{"rendered":"<p>Se basa en resultados cient\u00edficos y diferenciado de las necesidades de mujeres y personas con discapacidad Redacci\u00f3n SemM\u00e9xico\/SEMlac, La Habana, 10 febrero 2019.-Incrementar los conocimientos sobre los niveles de riesgo ante los desastres naturales, basados en resultados cient\u00edficos y con un enfoque diferenciado en las necesidades de las mujeres y de las personas con discapacidad [&hellip;]<\/p>\n","protected":false},"author":3,"featured_media":8581,"comment_status":"open","ping_status":"open","sticky":false,"template":"","format":"standard","meta":{"_monsterinsights_skip_tracking":false,"footnotes":""},"categories":[690,53],"tags":[],"class_list":["post-8580","post","type-post","status-publish","format-standard","has-post-thumbnail","category-690","category-internacional"],"_links":{"self":[{"href":"https:\/\/redsemlac.com\/semmexico\/wp-json\/wp\/v2\/posts\/8580","targetHints":{"allow":["GET"]}}],"collection":[{"href":"https:\/\/redsemlac.com\/semmexico\/wp-json\/wp\/v2\/posts"}],"about":[{"href":"https:\/\/redsemlac.com\/semmexico\/wp-json\/wp\/v2\/types\/post"}],"author":[{"embeddable":true,"href":"https:\/\/redsemlac.com\/semmexico\/wp-json\/wp\/v2\/users\/3"}],"replies":[{"embeddable":true,"href":"https:\/\/redsemlac.com\/semmexico\/wp-json\/wp\/v2\/comments?post=8580"}],"version-history":[{"count":0,"href":"https:\/\/redsemlac.com\/semmexico\/wp-json\/wp\/v2\/posts\/8580\/revisions"}],"wp:featuredmedia":[{"embeddable":true,"href":"https:\/\/redsemlac.com\/semmexico\/wp-json\/wp\/v2\/media\/8581"}],"wp:attachment":[{"href":"https:\/\/redsemlac.com\/semmexico\/wp-json\/wp\/v2\/media?parent=8580"}],"wp:term":[{"taxonomy":"category","embeddable":true,"href":"https:\/\/redsemlac.com\/semmexico\/wp-json\/wp\/v2\/categories?post=8580"},{"taxonomy":"post_tag","embeddable":true,"href":"https:\/\/redsemlac.com\/semmexico\/wp-json\/wp\/v2\/tags?post=8580"}],"curies":[{"name":"wp","href":"https:\/\/api.w.org\/{rel}","templated":true}]}}