{"id":85792,"date":"2024-08-18T13:30:22","date_gmt":"2024-08-18T19:30:22","guid":{"rendered":"https:\/\/redsemlac.com\/semmexico\/?p=85792"},"modified":"2024-08-18T13:30:49","modified_gmt":"2024-08-18T19:30:49","slug":"alfa-omega-historia-de-la-muerte-anunciada-del-pri","status":"publish","type":"post","link":"https:\/\/redsemlac.com\/semmexico\/alfa-omega-historia-de-la-muerte-anunciada-del-pri\/","title":{"rendered":"Alfa Omega| Historia de la Muerte Anunciada del PRI"},"content":{"rendered":"\n<p class=\"wp-block-paragraph\"><strong><em>Despu\u00e9s de la Lucha Fratricida, Unificaci\u00f3n Pol\u00edtica; Tres Partidos Dominaron, 71 A\u00f1os, Pol\u00edticamente; En 1989, el Presidente Plane\u00f3 Desaparecer al Tricolor<\/em><\/strong><\/p>\n\n\n\n<p class=\"wp-block-paragraph\"><strong>Jorge Herrera Valenzuela<\/strong><\/p>\n\n\n\n<p class=\"wp-block-paragraph\">SemM\u00e9xico, Cd. de M\u00e9xico, 18 de agosto, 2024.- Al finalizar la lucha fratricida entre grupos surgidos, tras la ca\u00edda de Porfirio D\u00edaz, el asesinato de Francisco I. Madero, la llegada del usurpador Victoriano Huerta y la aparici\u00f3n del Constitucionalista Venustiano Carranza, se desataron las batallas a campo abierto, muriendo, dicen, un mill\u00f3n de mexicanos.<\/p>\n\n\n\n<p class=\"wp-block-paragraph\">Carrancistas, Zapatistas, Villistas y Obregonistas escenificaron encuentros con carabinas, fusiles, ca\u00f1ones y ametralladoras. Las \u201clevas\u201d proliferaron, era obligar a los hombres de todas las edades, a \u201centrar a la bola\u201d.<\/p>\n\n\n\n<p class=\"wp-block-paragraph\">Destruyeron hogares, desintegraron familias, murieron inocentes. El Grupo Sonora impuso a dos presidentes interinos y a dos por elecci\u00f3n: Adolfo de la Huerta y Abelardo L. Rodr\u00edguez, los primeros. Plutarco El\u00edas Calles y \u00c1lvaro Obreg\u00f3n, asesinado despu\u00e9s de haberse reelegido presidente. Estos dos sonorenses fueron electos.<\/p>\n\n\n\n<p class=\"wp-block-paragraph\">El Plan de Guadalupe, de Carranza y el Plan de Ayala, de Zapata, ser\u00edan las banderas de esos dos grupos. Francisco Villa organiz\u00f3 la poderosa Divisi\u00f3n del Norte y \u00c1lvaro Obreg\u00f3n qued\u00f3 al frente del Ej\u00e9rcito Constitucionalista, despu\u00e9s de la Convenci\u00f3n Revolucionaria de Aguascalientes, se declar\u00f3 leal a Carranza. Despu\u00e9s se enemistaron y el de Huatabampo mand\u00f3 matar al coahuilense.<\/p>\n\n\n\n<p class=\"wp-block-paragraph\">Inicialmente Emiliano Zapata, jefe del Ej\u00e9rcito del Sur, estuvo con Madero, a quien despu\u00e9s declar\u00f3 traidor de los campesinos. Se uni\u00f3 con Villa y pele\u00f3 contra Carranza.<\/p>\n\n\n\n<p class=\"wp-block-paragraph\">De hecho, la pugna entre todos ellos termin\u00f3 con el doble asesinato de los generales Francisco R. Serrano y Arnulfo R. G\u00f3mez, al imponer Obreg\u00f3n a Plutarco El\u00edas Calles como presidente en 1924.<\/p>\n\n\n\n<p class=\"wp-block-paragraph\">Tras el asesinato, en 1928, del caudillo reelecto como presidente, Calles se empoder\u00f3 y convoc\u00f3 a los combatientes en la llamada Revoluci\u00f3n Mexicana.<\/p>\n\n\n\n<p class=\"wp-block-paragraph\">Unific\u00f3 a la gente y organiz\u00f3, en 1929, el Partido Nacional Revolucionario. Diez a\u00f1os despu\u00e9s, el presidente C\u00e1rdenas, lo cambi\u00f3 a Partido de la Revoluci\u00f3n Mexicana. El Revolucionario Institucional, <strong>PRI, <\/strong>aparece en 1946, terminaba su mandato \u00c1vila Camacho.<\/p>\n\n\n\n<p class=\"wp-block-paragraph\"><strong>71 A\u00d1OS EN EL PODER<\/strong><\/p>\n\n\n\n<p class=\"wp-block-paragraph\">A casi un siglo todav\u00eda no terminan los estudios, an\u00e1lisis, recopilaci\u00f3n de documentos, detalles de la lucha que comenz\u00f3 en 1914. Hubo una etapa de relativa pacificaci\u00f3n.&nbsp; Se produjo \u201cLa Guerra Cristera\u201d, la violencia poselectoral en 1940 y en 1958 por \u201calmazanistas\u201d y \u201chenriquistas\u201d, protestando contra los triunfos de \u00c1vila Camacho y de Ruiz Cortines, respectivamente.<\/p>\n\n\n\n<p class=\"wp-block-paragraph\">Setenta y un a\u00f1os, el poder lo detentaron gobiernos emanados de la llamada Revoluci\u00f3n Mexicana. En 1929 comenzaron los per\u00edodos sexenales de los partidos PNR, PRM y PRI. El general <strong>Pascual Ortiz Rubio<\/strong> iba a ser el primero, pero renunci\u00f3 a los 2 a\u00f1os. Los divisionarios <strong>L\u00e1zaro C\u00e1rdenas y Manuel \u00c1vila Camacho<\/strong> cerraron el ciclo de diez presidentes militares en el Siglo XX.<\/p>\n\n\n\n<p class=\"wp-block-paragraph\">Ortiz Rubio fue candidato presidencial del PNR y tanto el michoacano como el poblano recibieron el apoyo del PRM. El veracruzano <strong>Miguel Alem\u00e1n Vald\u00e9s<\/strong>, fue postulado por el PRM, pero en enero de 1946 cambi\u00f3 a Revolucionario Institucional, del cual salieron 9 presidentes m\u00e1s. En 2012 la televisi\u00f3n hizo ganar al candidato PRIista, de infausta memoria.<\/p>\n\n\n\n<p class=\"wp-block-paragraph\"><strong>EL FINAL DEL INVENCIBLE<\/strong><\/p>\n\n\n\n<p class=\"wp-block-paragraph\">Cierto es que el <strong>PRI <\/strong>empez\u00f3 a \u201cdesmoronarse\u201d en 1991, al desconocerse el triunfo del candidato a gobernador de Guanajuato, <strong>Ram\u00f3n Aguirre Vel\u00e1zquez. <\/strong>Declarado Gobernador Electo, el presidente <strong>Carlos Salinas de Gortari<\/strong> lo oblig\u00f3 a que no asumiera el poder y la gubernatura le fue entregada a un PANista.<\/p>\n\n\n\n<p class=\"wp-block-paragraph\">Dos a\u00f1os antes, el mismo presidente abri\u00f3 el camino a los del blanquiazul, al no apoyar a la candidata del PRI para el gobierno de Baja California, <strong>Margarita Ortega Villa<\/strong>. El joven <strong>Ernesto Ruffo Appel<\/strong>, de 37 a\u00f1os de edad y expresidente de Ensenada, gan\u00f3 en las urnas el 2 de julio de 1989. Primer gobernador de un partido opositor.<\/p>\n\n\n\n<p class=\"wp-block-paragraph\">Qui\u00e9rase o no los dos primeros pasos estaban dados. En ese sexenio, un golpe frustrado: el presidente quiso borrar al PRI y crear el <strong>Partido de la Solidaridad.<\/strong> Otra m\u00e1s: precisamente en tierras bajacalifornianas en 1994 fue asesinado el candidato presidencial <strong>Luis Donaldo Colosio Murrieta<\/strong>.<\/p>\n\n\n\n<p class=\"wp-block-paragraph\">Se acab\u00f3 el invencible, se decolor\u00f3 el tricolor, al ser arrasado por el Partido de la Revoluci\u00f3n Democr\u00e1tica en 1997. Perdi\u00f3 todo en la Capital Mexicana, el Distrito Federal, \u201cla corona real del poder pol\u00edtico\u201d desde entonces no ha vuelto el PRI. Dif\u00edcil que regrese.<\/p>\n\n\n\n<p class=\"wp-block-paragraph\">El ciclo iniciado en 1929, lleg\u00f3 a su final en julio de 2000. <strong>Ernesto Zedillo<\/strong>, abierto antipriista desde su juventud, no dud\u00f3 en levantar el brazo de triunfador al candidato de Acci\u00f3n Nacional, antes de que fuera conocido el resultado oficial del Instituto Federal Electoral.<\/p>\n\n\n\n<p class=\"wp-block-paragraph\">El PRI entr\u00f3 en agon\u00eda. <strong>Roberto Madrazo Pintado y Elba Esther Gordillo Morales<\/strong>, presidente y secretaria general, le dieron fuerte estocada. Dividieron a la membres\u00eda. Roberto fracas\u00f3 en su aspiraci\u00f3n presidencial. Elba Esther organiz\u00f3 el Partido Nueva Alianza, el PANAL, sigui\u00f3 de due\u00f1a del sindicato magisterial hasta su encarcelamiento de cinco a\u00f1os.&nbsp;<\/p>\n\n\n\n<p class=\"wp-block-paragraph\">Es en 2012 el regreso del PRI a Palacio Nacional y a la residencia de Los Pinos. Un joven mexiquense que \u00fanicamente hizo pol\u00edtica en Toluca y de ah\u00ed la televisi\u00f3n lo lanz\u00f3 al estrellato, inclusive se cas\u00f3 con la actriz <strong>Ang\u00e9lica Rivera<\/strong>. Su gobierno se caracteriz\u00f3 por la corrupci\u00f3n e impunidad.<\/p>\n\n\n\n<p class=\"wp-block-paragraph\">Los electores se cansaron de los partidos pol\u00edticos actuantes, principalmente PRI y PAN, tampoco respaldaban al PRD. Tomaron la decisi\u00f3n que result\u00f3, como dec\u00edan las abuelitas, <strong>peor el remedio que la enfermedad<\/strong>.<\/p>\n\n\n\n<p class=\"wp-block-paragraph\"><strong>DE LA CIMA A PROFUNDO BARRANCO<\/strong><\/p>\n\n\n\n<p class=\"wp-block-paragraph\">El Siglo XXI significa, pol\u00edticamente, el final del PRI.<\/p>\n\n\n\n<p class=\"wp-block-paragraph\">Solo la aparici\u00f3n de un l\u00edder capaz de inyectarle la medicina adecuada, porque ni San Judas Tadeo o Santa Rita de Casia, a quienes se atribuyen milagros de lo imposible, sacar\u00e1n del ata\u00fad en que se encuentra el hacedor de muchas generaciones de pol\u00edticos.<\/p>\n\n\n\n<p class=\"wp-block-paragraph\">Mal empez\u00f3 la nueva centuria para el tricolor. Raqu\u00edtico apoyo recibi\u00f3 el candidato presidencial, un pol\u00edtico de prestigio, <strong>Francisco Labastida Ochoa.<\/strong><\/p>\n\n\n\n<p class=\"wp-block-paragraph\"><strong>\u00bf<\/strong>Recuerdan los \u201cconvenios\u201d entre el PANismo y <strong>salinas de gortari <\/strong>en 1989 y 1991? Al que llamaron \u201cel innombrable\u201d, sigue metido en la pol\u00edtica y \u201cpesa\u201d. Ahora vio consumado su plan de liquidar al partido que lo postul\u00f3 el 4 de octubre de 1987.<\/p>\n\n\n\n<p class=\"wp-block-paragraph\">Siguieron los tropiezos. Entre 2005 y 2024 las y los dirigentes del otrora \u201cmand\u00f3n en la pol\u00edtica\u201d no hicieron algo para recuperar el terreno perdido. Despu\u00e9s de <strong>Dulce Mar\u00eda Sauri Riancho<\/strong>, \u00faltima del siglo pasado y primera en el nuevo, cronol\u00f3gicamente, desfilaron por la presidencia nacional:<\/p>\n\n\n\n<p class=\"wp-block-paragraph\">Roberto Madrazo Pintado, de negr\u00edsimo historial. Mariano Palacios Alcocer, Beatriz Elena Paredes Rangel, Pedro Joaqu\u00edn Coldwell, Mar\u00eda Cristina Salazar D\u00edaz (dos breves interinatos), C\u00e9sar Camacho Quiroz, Manlio Fabio Beltrones, Enrique Ochoa Reza, Claudia Ruiz Massieu Salinas y el actual.<\/p>\n\n\n\n<p class=\"wp-block-paragraph\">De ese grupo \u00fanicamente han salido al frente, oponi\u00e9ndose, sin \u00e9xito, a las medidas reeleccionistas de \u201c<strong>alito<\/strong>\u201d, Dulce Mar\u00eda, Pedro Joaqu\u00edn, Enrique Ochoa Reza, Francisco Labastida Ochoa, as\u00ed como los senadores encabezados por Miguel \u00c1ngel Osorio Chong abandonaron las filas PRIistas.<\/p>\n\n\n\n<p class=\"wp-block-paragraph\">Dulce Mar\u00eda anunci\u00f3 la formaci\u00f3n del <strong>frente Amplio de Renovaci\u00f3n<\/strong>, que, por lo visto, no encontr\u00f3 eco en ninguno de los expresidentes nacionales del partido, dejando que los 71 a\u00f1os de gloria se fueran al vac\u00edo. Dejaron los supervivientes dirigentes, y algunos connotados pol\u00edticos en el activo, que hoy el PRI est\u00e9 en un profundo barranco.<\/p>\n\n\n\n<p class=\"wp-block-paragraph\">El licenciado <strong>Labastida Ochoa<\/strong> se declar\u00f3 exPRIista. \u00c9l y otros pol\u00edticos han sido difamados por el campechano.<\/p>\n\n\n\n<p class=\"wp-block-paragraph\"><strong>LAS ELECCIONES DE \u201calito\u201d<\/strong><\/p>\n\n\n\n<p class=\"wp-block-paragraph\">Me dec\u00eda mi estimado amigo y respetable colega <strong>Roberto Vizca\u00edno<\/strong> <strong>Aguilar <\/strong>que el campechano tiene cierta raz\u00f3n al afirmar que a \u00e9l no lo nombr\u00f3 el Presidente de la Rep\u00fablica, como era la costumbre. En aquel entonces se cubr\u00edan formas y protocolos, siendo \u201cun dedito\u201d el principal elector. <strong>&nbsp;<\/strong>Hoy, se aplic\u00f3 la \u201ccostumbre\u201d, desde Palacio Nacional.<\/p>\n\n\n\n<p class=\"wp-block-paragraph\">Los seguidores del campechano manifiestan que \u201calito\u201d fue electo en asamblea del Consejo Nacional de Procesos Internos, presidida por Jos\u00e9 Rub\u00e9n Escajeda Jim\u00e9nez. El 14 de agosto de 2019.<\/p>\n\n\n\n<p class=\"wp-block-paragraph\">El Notario P\u00fablico 241 certific\u00f3 que la dupla de \u201calito\u201d y Carolina Viggiano obtuvieron 1 mill\u00f3n 603,725, participando delegados de los 31 Estados y la Ciudad de M\u00e9xico. Los disidentes declararon que \u201cese presidente (el del PRI9 tiene cercan\u00eda con el de Palacio Nacional\u201d.<\/p>\n\n\n\n<p class=\"wp-block-paragraph\">La siguiente elecci\u00f3n fue en este agosto de 2024 y Dulce Mar\u00eda, Pedro Joaqu\u00edn y Ernesto Ochoa, la calificaron como \u201cuna farsa\u201d. Se habla de que hay violaci\u00f3n a los estatutos, por cierto, con la reforma del 7 de julio pasado, porque en el PRI manten\u00eda la bandera de la no reelecci\u00f3n estaba vigente.<\/p>\n\n\n\n<p class=\"wp-block-paragraph\">En sesi\u00f3n extraodinaria del Consejo Pol\u00edtico Nacional del partido, se aprob\u00f3 que \u201calito\u201d y Carolina permanezcan en los mandos directivos hasta 2028 y pueden seguir hasta 2032. Obtuvieron 440 votos, el 97 por ciento del padr\u00f3n electoral partidista.<\/p>\n\n\n\n<p class=\"wp-block-paragraph\"><strong>\u201calito\u201d, COPIA DEL TABASQUE\u00d1O<\/strong><\/p>\n\n\n\n<p class=\"wp-block-paragraph\">Era gobernador en Campeche y pidi\u00f3 licencia, el 13 de junio 2019, para emprender el camino a la presidencia nacional del partido. Qued\u00f3 en su lugar Carlos Miguel Aysa Gonz\u00e1lez.<\/p>\n\n\n\n<p class=\"wp-block-paragraph\">A partir del 18 de agosto de ese a\u00f1o es el presidente del comit\u00e9 ejecutivo nacional, teniendo como secretaria general a <strong>Carolina Viggiano Austria<\/strong>, esposa del exgobernador y diputado Rub\u00e9n Moreira Vald\u00e9s.<\/p>\n\n\n\n<p class=\"wp-block-paragraph\">Aysa Gonz\u00e1lez termin\u00f3 el interinato y \u201calito\u201d lo apadrin\u00f3 como embajador en Rep\u00fablica Dominicana, desde el 26 de abril de 2022. Carlos Miguel Aysa Damas es diputado federal. Padre e hijo fueron del PRI, ahora son del partido en el poder.<\/p>\n\n\n\n<p class=\"wp-block-paragraph\"><strong>\u201cME DIFAMAN, ME CALUMNIAN\u201d<\/strong><\/p>\n\n\n\n<p class=\"wp-block-paragraph\">La gobernadora <strong>Layda Elena Sansores San Rom\u00e1n<\/strong> desde el primer d\u00eda de su mandato, 21 de septiembre de 2021, formul\u00f3 denuncias ante las autoridades correspondientes por diversos delitos cometidos por \u201calito\u201d.<\/p>\n\n\n\n<p class=\"wp-block-paragraph\">En principio en Palacio Nacional dieron visto bueno a las denuncias, presentadas en la Fiscal\u00eda General de la Rep\u00fablica. Despu\u00e9s marcha atr\u00e1s. \u201cArchivadas las carpetas\u201d.<\/p>\n\n\n\n<p class=\"wp-block-paragraph\">\u201cMe difaman, me calumnian\u201d, dice el campechano en su defensa. Emprendi\u00f3 la guerra interna, seguro de tener \u201cel apoyo\u201d de <strong>YSQ. <\/strong>Copi\u00f3 al inquilino de Palacio Nacional, se declar\u00f3 v\u00edctima y maniobr\u00f3 para modificar a su antojo los estatutos, neg\u00e1ndose a dejar el cargo, que no liderazgo.<\/p>\n\n\n\n<p class=\"wp-block-paragraph\">Consigui\u00f3 su prop\u00f3sito en asamblea a puerta cerrada. Ahora ser\u00e1 m\u00ednimo cuatro a\u00f1os m\u00e1s presidente de un ag\u00f3nico partido, pero si quiere puede reelegirse para terminar en 2032.<\/p>\n\n\n\n<p class=\"wp-block-paragraph\">Hoy el PRI solo tiene las gubernaturas de Coahuila y de Durango. P\u00edrrico el n\u00famero de diputados federales y de senadores para la legislatura que comienza el 1 de septiembre. Nula representaci\u00f3n en las Legislaturas Estatales y sin presencia en las presidencias municipales de ciudades capitales m\u00e1s importantes del Pa\u00eds.<\/p>\n\n\n\n<p class=\"wp-block-paragraph\">Informaciones period\u00edsticas lo se\u00f1alan como propietario de residencias, playa, colecci\u00f3n de autom\u00f3viles. Campante como Johnny Walker.<\/p>\n\n\n\n<p class=\"wp-block-paragraph\">Los militantes no olvidan que su presidente estuvo ausente en la campa\u00f1a de su candidata presidencial, ni impugn\u00f3, por mero tr\u00e1mite, el resultado final de la votaci\u00f3n.<\/p>\n\n\n\n<p class=\"wp-block-paragraph\">\u00bfPor qu\u00e9 copia del tabasque\u00f1o?<\/p>\n\n\n\n<p class=\"wp-block-paragraph\">Porque todos los que est\u00e1n contra \u201calito\u201d, al pared\u00f3n. Lanza amenazas de expulsi\u00f3n contra de quienes disienten por su ambici\u00f3n de poder.<\/p>\n\n\n\n<p class=\"wp-block-paragraph\">El senador electo, expresidente nacional del PRI, exgobernador de su Estado, legislador, <strong>Manlio Fabio Beltrones Rivera<\/strong>, \u201cexpulsado de la bancada senatorial\u201d.<\/p>\n\n\n\n<p class=\"wp-block-paragraph\"><strong>jherrerav@live.com.mx<\/strong><\/p>\n","protected":false},"excerpt":{"rendered":"<p>Despu\u00e9s de la Lucha Fratricida, Unificaci\u00f3n Pol\u00edtica; Tres Partidos Dominaron, 71 A\u00f1os, Pol\u00edticamente; En 1989, el Presidente Plane\u00f3 Desaparecer al Tricolor Jorge Herrera Valenzuela SemM\u00e9xico, Cd. de M\u00e9xico, 18 de agosto, 2024.- Al finalizar la lucha fratricida entre grupos surgidos, tras la ca\u00edda de Porfirio D\u00edaz, el asesinato de Francisco I. Madero, la llegada del [&hellip;]<\/p>\n","protected":false},"author":3,"featured_media":7843,"comment_status":"open","ping_status":"open","sticky":false,"template":"","format":"standard","meta":{"_monsterinsights_skip_tracking":false,"footnotes":""},"categories":[94,110,35],"tags":[],"class_list":["post-85792","post","type-post","status-publish","format-standard","has-post-thumbnail","category-jorge-herrera-valenzuela","category-la-opinion-columnas","category-opinion"],"_links":{"self":[{"href":"https:\/\/redsemlac.com\/semmexico\/wp-json\/wp\/v2\/posts\/85792","targetHints":{"allow":["GET"]}}],"collection":[{"href":"https:\/\/redsemlac.com\/semmexico\/wp-json\/wp\/v2\/posts"}],"about":[{"href":"https:\/\/redsemlac.com\/semmexico\/wp-json\/wp\/v2\/types\/post"}],"author":[{"embeddable":true,"href":"https:\/\/redsemlac.com\/semmexico\/wp-json\/wp\/v2\/users\/3"}],"replies":[{"embeddable":true,"href":"https:\/\/redsemlac.com\/semmexico\/wp-json\/wp\/v2\/comments?post=85792"}],"version-history":[{"count":0,"href":"https:\/\/redsemlac.com\/semmexico\/wp-json\/wp\/v2\/posts\/85792\/revisions"}],"wp:featuredmedia":[{"embeddable":true,"href":"https:\/\/redsemlac.com\/semmexico\/wp-json\/wp\/v2\/media\/7843"}],"wp:attachment":[{"href":"https:\/\/redsemlac.com\/semmexico\/wp-json\/wp\/v2\/media?parent=85792"}],"wp:term":[{"taxonomy":"category","embeddable":true,"href":"https:\/\/redsemlac.com\/semmexico\/wp-json\/wp\/v2\/categories?post=85792"},{"taxonomy":"post_tag","embeddable":true,"href":"https:\/\/redsemlac.com\/semmexico\/wp-json\/wp\/v2\/tags?post=85792"}],"curies":[{"name":"wp","href":"https:\/\/api.w.org\/{rel}","templated":true}]}}