{"id":85784,"date":"2024-08-17T12:52:38","date_gmt":"2024-08-17T18:52:38","guid":{"rendered":"https:\/\/redsemlac.com\/semmexico\/?p=85784"},"modified":"2024-08-17T12:52:39","modified_gmt":"2024-08-17T18:52:39","slug":"uach-e-iica-firman-convenio-de-colaboracion-para-una-serie-radiofonica-de-mujeres","status":"publish","type":"post","link":"https:\/\/redsemlac.com\/semmexico\/uach-e-iica-firman-convenio-de-colaboracion-para-una-serie-radiofonica-de-mujeres\/","title":{"rendered":"UACh e IICA firman convenio de colaboraci\u00f3n para una Serie Radiof\u00f3nica de Mujeres"},"content":{"rendered":"\n<p class=\"wp-block-paragraph\">Promueve la equidad de g\u00e9nero, la seguridad alimentaria de las familias rurales y de sus entornos, la prevenci\u00f3n de la violencia<\/p>\n\n\n\n<p class=\"wp-block-paragraph\">Espacio de &nbsp;reconocimiento de las diferentes capacidades y roles de las mujeres en el campo, para reducci\u00f3n de brechas de g\u00e9nero<\/p>\n\n\n\n<p class=\"wp-block-paragraph\">Redacci\u00f3n<\/p>\n\n\n\n<p class=\"wp-block-paragraph\">SemM\u00e9xico,&nbsp; Edomex, 17&nbsp; de&nbsp; agosto, 2024.- Como se ha hecho por m\u00e1s de tres d\u00e9cadas de colaboraci\u00f3n la Universidad Aut\u00f3noma Chapingo (UACh) y el Instituto Interamericano de Cooperaci\u00f3n para la Agricultura en M\u00e9xico (IICA) seguir\u00e1n trabajando de manera conjunta en el desarrollo de programas, proyectos y acciones t\u00e9cnicas, cient\u00edficas y educativas en beneficio del sector agropecuario de M\u00e9xico.<\/p>\n\n\n\n<p class=\"wp-block-paragraph\">As\u00ed se dio a conocer durante la firma de convenio de la Primera Temporada 2024 de la Serie Radiof\u00f3nica Mujeres, Semillas de la Ruralidad en las Am\u00e9ricas\u00ae, ceremonia precedida por el Dr. \u00c1ngel Gardu\u00f1o Garc\u00eda, Rector de la UACh y el Dr. Jaime Diego Montenegro Ernst, Representante en M\u00e9xico del IICA, el 14 de agosto, en la Sala de Directores de la UACh.<\/p>\n\n\n\n<p class=\"wp-block-paragraph\">Ambas instancias dieron formalidad al lanzamiento de la Primera Temporada 2024 de la Serie Radiof\u00f3nica Mujeres, Semillas de la Ruralidad en las Am\u00e9ricas\u00ae, que tuvo lugar el pasado 30 de mayo, a trav\u00e9s de Radio Chapingo 1130 AM y el Facebook de IICA M\u00e9xico y que ha venido presentando semanalmente temas de inter\u00e9s para la mujer rural.<\/p>\n\n\n\n<p class=\"wp-block-paragraph\">El programa radiof\u00f3nico, producido por el IICA, promueve la equidad de g\u00e9nero, la seguridad alimentaria de las familias rurales y de sus entornos, la prevenci\u00f3n de la violencia, as\u00ed como el reconocimiento de las diferentes capacidades y roles de las mujeres en el campo, con el objetivo de reducir las brechas y las desigualdades de g\u00e9nero de esta poblaci\u00f3n.<\/p>\n","protected":false},"excerpt":{"rendered":"<p>Promueve la equidad de g\u00e9nero, la seguridad alimentaria de las familias rurales y de sus entornos, la prevenci\u00f3n de la violencia Espacio de &nbsp;reconocimiento de las diferentes capacidades y roles de las mujeres en el campo, para reducci\u00f3n de brechas de g\u00e9nero Redacci\u00f3n SemM\u00e9xico,&nbsp; Edomex, 17&nbsp; de&nbsp; agosto, 2024.- Como se ha hecho por m\u00e1s [&hellip;]<\/p>\n","protected":false},"author":3,"featured_media":85786,"comment_status":"open","ping_status":"open","sticky":false,"template":"","format":"standard","meta":{"_monsterinsights_skip_tracking":false,"footnotes":""},"categories":[694,63],"tags":[],"class_list":["post-85784","post","type-post","status-publish","format-standard","has-post-thumbnail","category-destacadas","category-reportajes"],"_links":{"self":[{"href":"https:\/\/redsemlac.com\/semmexico\/wp-json\/wp\/v2\/posts\/85784","targetHints":{"allow":["GET"]}}],"collection":[{"href":"https:\/\/redsemlac.com\/semmexico\/wp-json\/wp\/v2\/posts"}],"about":[{"href":"https:\/\/redsemlac.com\/semmexico\/wp-json\/wp\/v2\/types\/post"}],"author":[{"embeddable":true,"href":"https:\/\/redsemlac.com\/semmexico\/wp-json\/wp\/v2\/users\/3"}],"replies":[{"embeddable":true,"href":"https:\/\/redsemlac.com\/semmexico\/wp-json\/wp\/v2\/comments?post=85784"}],"version-history":[{"count":0,"href":"https:\/\/redsemlac.com\/semmexico\/wp-json\/wp\/v2\/posts\/85784\/revisions"}],"wp:featuredmedia":[{"embeddable":true,"href":"https:\/\/redsemlac.com\/semmexico\/wp-json\/wp\/v2\/media\/85786"}],"wp:attachment":[{"href":"https:\/\/redsemlac.com\/semmexico\/wp-json\/wp\/v2\/media?parent=85784"}],"wp:term":[{"taxonomy":"category","embeddable":true,"href":"https:\/\/redsemlac.com\/semmexico\/wp-json\/wp\/v2\/categories?post=85784"},{"taxonomy":"post_tag","embeddable":true,"href":"https:\/\/redsemlac.com\/semmexico\/wp-json\/wp\/v2\/tags?post=85784"}],"curies":[{"name":"wp","href":"https:\/\/api.w.org\/{rel}","templated":true}]}}