{"id":8571,"date":"2019-06-15T22:13:18","date_gmt":"2019-06-15T22:13:18","guid":{"rendered":"https:\/\/redsemlac.com\/semmexico\/?p=8571"},"modified":"2023-07-21T14:49:14","modified_gmt":"2023-07-21T19:49:14","slug":"informe-sobre-violencia-deja-fuera-a-indigenas-y-afromexicanas-en-guerrero","status":"publish","type":"post","link":"https:\/\/redsemlac.com\/semmexico\/informe-sobre-violencia-deja-fuera-a-indigenas-y-afromexicanas-en-guerrero\/","title":{"rendered":"Informe sobre violencia deja fuera a ind\u00edgenas y afromexicanas en Guerrero"},"content":{"rendered":"\n<ul class=\"wp-block-list\"><li><strong><em>El diagn\u00f3stico se present\u00f3 ante la CONAVIM por la segunda AVGM<\/em><\/strong><\/li><li><strong><em>Pese a la dif\u00edcil condici\u00f3n de las mujeres, en  espec\u00edfico de ni\u00f1as y adolescentes<\/em><\/strong><\/li><\/ul>\n\n\n\n<p class=\"wp-block-paragraph\"><strong>Josefina Aguilar Pastor <\/strong><\/p>\n\n\n\n<p class=\"wp-block-paragraph\">SemM\u00e9xico, Chilpancingo,\nGro., 10 junio 2019.- Integrantes de la Red de Mujeres Ind\u00edgenas y\nAfromexicanas denunciaron la falta de integraci\u00f3n de la perspectiva intercultural\npor el grupo de trabajo que analiz\u00f3 la situaci\u00f3n de violencia hacia las\nmujeres, para determinar la procedencia o no de la segunda Alerta de Violencia\nde G\u00e9nero (AVG) por Agravio Comparado.<\/p>\n\n\n\n<p class=\"wp-block-paragraph\">Como ejemplo no\nretom\u00f3 \u201ctemas graves\u201d y recurrente como el incesto, planteo Lourdes Ju\u00e1rez\nD\u00edaz, integrante de la Red de Mujeres Ind\u00edgenas y Afromexicanas (Remjina), quien\nlament\u00f3 que el grupo de trabajo haya tomado de manera muy general la\nproblem\u00e1tica que enfrentan las mujeres y ni\u00f1as ind\u00edgenas y afromexicanas, en el\nestudio que present\u00f3 ante la Comisi\u00f3n Nacional para Prevenir y Erradicar la\nViolencia Contra las Mujeres (Conavim).&nbsp; <\/p>\n\n\n\n<p class=\"wp-block-paragraph\">En dicho informe de\n94 p\u00e1ginas, para el caso de mujeres ind\u00edgenas, no se hacen observaciones que\nse\u00f1alen acciones espec\u00edficas que las atiendan pese a lo complejo de la\nsituaci\u00f3n. Se\u00f1ala que solo se pidi\u00f3 al gobierno estatal el n\u00famero de embarazos\nde menores producto de violaci\u00f3n, pero no especifica cu\u00e1ntos de estos casos\ncorresponden a ni\u00f1as y adolescentes de comunidades ind\u00edgenas o afromexicanas.<\/p>\n\n\n\n<p class=\"wp-block-paragraph\">\u201cConsideramos que\nadem\u00e1s de la perspectiva de g\u00e9nero tambi\u00e9n debe contener la pertinencia\ncultural, de esa manera, la solicitud de esta informaci\u00f3n obligar\u00eda a las\ndependencias a contar con ella, en caso de no tenerla. Son insumos que\npermitir\u00e1n dise\u00f1ar pol\u00edticas p\u00fablicas que respondan a las necesidades\nespec\u00edficas para las mujeres y ni\u00f1as ind\u00edgenas y afromexicanas\u201d, puntualiz\u00f3 la\ntambi\u00e9n integrante del Observatorio Ciudadano de Violencias Contra las Mujeres.<\/p>\n\n\n\n<p class=\"wp-block-paragraph\">Ju\u00e1rez D\u00edaz dijo\nque el grupo de trabajo que present\u00f3 el informe ante la CONAVIM invisibiliz\u00f3 la\nparticipaci\u00f3n de algunas organizaciones que aportaron sus puntos de vista e\ninformaci\u00f3n, como el caso de Remjina, cuyas representantes se reunieron con el\ngrupo de trabajo el 22 y 23 de abril, pero no se consideraron en el informe\nninguna de sus aportaciones.<\/p>\n\n\n\n<p class=\"wp-block-paragraph\">De manera concreta,\nJu\u00e1rez D\u00edaz mencion\u00f3 que en el caso de mujeres y ni\u00f1as ind\u00edgenas, padecen de\nuna situaci\u00f3n de incesto, pr\u00e1ctica muy grave y recurrente \u201cque no lo vemos en el\ninforme ni siquiera esbozado, y, por otro lado, en el caso de Remjina ni\nsiquiera la nombran como una de las organizaciones entrevistadas, creemos que\nno nombrar es invisibilizar\u201d, acus\u00f3.<\/p>\n\n\n\n<p class=\"wp-block-paragraph\">Refiri\u00f3 que en la\nprimera AVG, una de las recomendaciones fue la cambiar patrones culturales como\nel machismo y patriarcado en los pueblos originarios, aunque no solo afecta a\nestas demarcaciones, sino a la poblaci\u00f3n en general, y ahora, en este segundo\ninforme, tampoco ahondan en la problem\u00e1tica de las comunidades ind\u00edgenas y\nafromexicanas.<\/p>\n\n\n\n<p class=\"wp-block-paragraph\">De seguir as\u00ed,\nadvirti\u00f3 Ju\u00e1rez D\u00edaz, las pol\u00edticas p\u00fablicas que se pudieran implementar, se\nvan a ir retrasando porque \u201cno se quiere tomar el pulso, no se quiere entrar a\nhacer los diagn\u00f3sticos pertinentes y adecuados\u201d, imput\u00f3.<\/p>\n\n\n\n<p class=\"wp-block-paragraph\">SEM\/jap\/sj<\/p>\n","protected":false},"excerpt":{"rendered":"<p>El diagn\u00f3stico se present\u00f3 ante la CONAVIM por la segunda AVGM Pese a la dif\u00edcil condici\u00f3n de las mujeres, en espec\u00edfico de ni\u00f1as y adolescentes Josefina Aguilar Pastor SemM\u00e9xico, Chilpancingo, Gro., 10 junio 2019.- Integrantes de la Red de Mujeres Ind\u00edgenas y Afromexicanas denunciaron la falta de integraci\u00f3n de la perspectiva intercultural por el grupo [&hellip;]<\/p>\n","protected":false},"author":3,"featured_media":8572,"comment_status":"open","ping_status":"open","sticky":false,"template":"","format":"standard","meta":{"_monsterinsights_skip_tracking":false,"footnotes":""},"categories":[690,54],"tags":[],"class_list":["post-8571","post","type-post","status-publish","format-standard","has-post-thumbnail","category-690","category-mujeres"],"_links":{"self":[{"href":"https:\/\/redsemlac.com\/semmexico\/wp-json\/wp\/v2\/posts\/8571","targetHints":{"allow":["GET"]}}],"collection":[{"href":"https:\/\/redsemlac.com\/semmexico\/wp-json\/wp\/v2\/posts"}],"about":[{"href":"https:\/\/redsemlac.com\/semmexico\/wp-json\/wp\/v2\/types\/post"}],"author":[{"embeddable":true,"href":"https:\/\/redsemlac.com\/semmexico\/wp-json\/wp\/v2\/users\/3"}],"replies":[{"embeddable":true,"href":"https:\/\/redsemlac.com\/semmexico\/wp-json\/wp\/v2\/comments?post=8571"}],"version-history":[{"count":0,"href":"https:\/\/redsemlac.com\/semmexico\/wp-json\/wp\/v2\/posts\/8571\/revisions"}],"wp:featuredmedia":[{"embeddable":true,"href":"https:\/\/redsemlac.com\/semmexico\/wp-json\/wp\/v2\/media\/8572"}],"wp:attachment":[{"href":"https:\/\/redsemlac.com\/semmexico\/wp-json\/wp\/v2\/media?parent=8571"}],"wp:term":[{"taxonomy":"category","embeddable":true,"href":"https:\/\/redsemlac.com\/semmexico\/wp-json\/wp\/v2\/categories?post=8571"},{"taxonomy":"post_tag","embeddable":true,"href":"https:\/\/redsemlac.com\/semmexico\/wp-json\/wp\/v2\/tags?post=8571"}],"curies":[{"name":"wp","href":"https:\/\/api.w.org\/{rel}","templated":true}]}}