{"id":85692,"date":"2024-08-15T09:07:35","date_gmt":"2024-08-15T15:07:35","guid":{"rendered":"https:\/\/redsemlac.com\/semmexico\/?p=85692"},"modified":"2024-08-15T09:07:35","modified_gmt":"2024-08-15T15:07:35","slug":"legisladoras-se-reunen-con-colectiva-de-mujeres-501-para-abordar-pendientes-legislativos-en-igualdad-de-genero","status":"publish","type":"post","link":"https:\/\/redsemlac.com\/semmexico\/legisladoras-se-reunen-con-colectiva-de-mujeres-501-para-abordar-pendientes-legislativos-en-igualdad-de-genero\/","title":{"rendered":"Legisladoras se re\u00fanen con Colectiva de Mujeres 50+1 para abordar pendientes legislativos en igualdad de g\u00e9nero"},"content":{"rendered":"\n<p class=\"wp-block-paragraph\">El encuentro fue encabezado por la presidenta de la Mesa Directiva de la C\u00e1mara de Diputados, Marcela Guerra Castillo<\/p>\n\n\n\n<p class=\"wp-block-paragraph\">La presidenta de&nbsp; 50+1 Claudia Corichi Garc\u00eda demand\u00f3 resolver problem\u00e1tica de las trabajadoras y convoc\u00f3 al&nbsp; poder legislativo a cerrar la brecha salarial<\/p>\n\n\n\n<p class=\"wp-block-paragraph\">&nbsp;Redacci\u00f3n<\/p>\n\n\n\n<p class=\"wp-block-paragraph\">SemM\u00e9xico, Cd. de M\u00e9xico,&nbsp; 15 de agosto, 2024.- Legisladoras encabezadas por la presidenta de la Mesa Directiva de la C\u00e1mara de Diputados, Marcela Guerra Castillo, se reunieron con la organizaci\u00f3n Colectiva de Mujeres 50+1 que encabeza Claudia Corichi Garc\u00eda, para abordar \u201cLos pendientes legislativos, hacia d\u00f3nde vamos\u201d, donde externaron los avances y lo que falta hacer en materia de igualdad de g\u00e9nero. &nbsp;<\/p>\n\n\n\n<p class=\"wp-block-paragraph\">La presidenta nacional de la Colectiva 50+1, Corichi Garc\u00eda, indic\u00f3 que, si no se logra desde lo legislativo que haya pol\u00edticas p\u00fablicas para atender a las mujeres, \u201cseguiremos qued\u00e1ndonos atr\u00e1s, y esto tiene un costo para la sociedad y las familias\u201d.&nbsp; &nbsp;<\/p>\n\n\n\n<p class=\"wp-block-paragraph\">Destac\u00f3 la importancia de dar continuidad a las iniciativas de otras legislaturas, analizarlas y retomarlas para dar voz a las tem\u00e1ticas de esta poblaci\u00f3n y cabildear para que no se desechen por cuestiones presupuestales.&nbsp;<\/p>\n\n\n\n<p class=\"wp-block-paragraph\">Enfatiz\u00f3 la necesidad de abordar el tema de la brecha salarial entre mujeres y hombres en la pr\u00f3xima Legislatura.<\/p>\n\n\n\n<p class=\"wp-block-paragraph\"><strong><em>Las Legisladoras analizan pendientes<\/em><\/strong><\/p>\n\n\n\n<p class=\"wp-block-paragraph\">En el Palacio Legislativo de San L\u00e1zaro, la diputada Joanna Alejandra Felipe Torres (PAN) reconoci\u00f3 el trabajo que se realiza respecto a la trascendencia de priorizar siempre las coincidencias sobre cualquier pensamiento diferente, ideolog\u00edas e incluso los colores de partido. Asegur\u00f3 que esto ha ayudado a romper los estereotipos arraigados en la relaci\u00f3n que supuestamente deben tener las mujeres con otras mujeres y \u201cdemostrarle a la sociedad que sabemos hacer equipo y unirnos por estas causas comunes\u201d. &nbsp;<\/p>\n\n\n\n<p class=\"wp-block-paragraph\">Celebr\u00f3 la realizaci\u00f3n de este encuentro porque \u201ctodas las mujeres que luchamos en alg\u00fan momento nos encontramos\u201d. Consider\u00f3 que el principal objetivo debe ser apoyarse incondicionalmente, con firmeza y determinaci\u00f3n; \u201csin duda, son muchas m\u00e1s las causas que nos unen que aquellas que pudieran mostrar nuestras diferencias\u201d.<\/p>\n\n\n\n<p class=\"wp-block-paragraph\">De Morena, la diputada Beatriz Dominga P\u00e9rez L\u00f3pez afirm\u00f3 que es urgente trabajar en un programa de gesti\u00f3n de paz con enfoque local y comunitario. Refiri\u00f3 que la naci\u00f3n Triqui de la mixteca oaxaque\u00f1a mantiene un conflicto armado desde hace 50 a\u00f1os, en el que se viven situaciones de abuso, odio, crimen, escasez de recursos, violencia, corrupci\u00f3n y muerte. &nbsp;<\/p>\n\n\n\n<p class=\"wp-block-paragraph\">Pidi\u00f3 convocar a una cumbre de la paz para conocer experiencias de quienes han vivido procesos de guerra, reconciliaci\u00f3n y paz duradera, a fin de construir una metodolog\u00eda de gesti\u00f3n de la paz en los pueblos y trabajar por la reconciliaci\u00f3n y la reconstrucci\u00f3n del tejido social, para un mejor futuro para ni\u00f1as y ni\u00f1os, la libertad, la igualdad, la justicia y la vida. &nbsp;<\/p>\n\n\n\n<p class=\"wp-block-paragraph\">La diputada Norma Ang\u00e9lica Aceves Garc\u00eda (PRI) indic\u00f3 que en M\u00e9xico hay tres millones de mujeres con discapacidad, por lo que invit\u00f3 a sumar voluntades para visibilizarlas y tener una agenda transversal e interseccional que atienda sus problem\u00e1ticas. \u201cTenemos una gran tarea y s\u00e9 que podemos aportar mucho para que cada vez m\u00e1s tengan acceso a todos los derechos\u201d. &nbsp;<\/p>\n\n\n\n<p class=\"wp-block-paragraph\">Expres\u00f3 que hay muchas que no tienen la posibilidad de salir de sus casas, de asistir al m\u00e9dico, porque no hay condiciones de infraestructura, ni transporte p\u00fablico accesible. Se\u00f1al\u00f3 que los retos que enfrenta este sector de mujeres no son menores porque vivimos en un pa\u00eds dise\u00f1ado para personas que no viven con una condici\u00f3n de discapacidad. &nbsp;<\/p>\n\n\n\n<p class=\"wp-block-paragraph\">La diputada Ver\u00f3nica Collado Crisolia (Morena) solicit\u00f3 retomar la iniciativa sobre el tamiz auditivo e implante coclear. \u201cSabemos que el implante es muy caro para los ni\u00f1os, que la hipoacusia puede detectarse desde el nacimiento. Por ello, es importante que la siguiente Legislatura aborde este tema\u201d. &nbsp;<\/p>\n\n\n\n<p class=\"wp-block-paragraph\">Coment\u00f3 que el Seguro Social no tiene los aparatos para realizar el tamiz auditivo; entonces, dijo, pedimos que no se desechen los aparatos como se desechan las iniciativas, que se les d\u00e9 seguimiento porque muchos ni\u00f1os pueden salvar el o\u00eddo. &nbsp;<\/p>\n\n\n\n<p class=\"wp-block-paragraph\">La senadora Roc\u00edo Adriana Abreu Arti\u00f1ano (Morena) refiri\u00f3 que entre los temas pendientes para la siguiente Legislatura est\u00e1n el de los jueces agresores, ya que hay casos de violentadores, violadores y golpeadores que est\u00e1n en ejercicio. Tambi\u00e9n la iniciativa que reforma la Ley Federal del Trabajo para que los patrones con empresas constituidas se sometan a una verificaci\u00f3n, a fin de asegurar el cumplimiento del principio de trabajo igual y salario igual. &nbsp;<\/p>\n\n\n\n<p class=\"wp-block-paragraph\">En su oportunidad, la magistrada representante del Gobierno Federal de la Sexta Sala, M\u00f3nica Arcelia G\u00fcicho Gonz\u00e1lez, destac\u00f3 la importancia de prohibir en todas sus formas la explotaci\u00f3n infantil, ya que este fen\u00f3meno se ha normalizado; en todas partes se ve a ni\u00f1os trabajadores que enfrentan las peores formas de explotaci\u00f3n laboral. Tambi\u00e9n es necesario, a\u00f1adi\u00f3, incorporar en el sistema de salud el derecho a la reestructuraci\u00f3n mamaria para quienes han padecido el c\u00e1ncer de mama.&nbsp;&nbsp;<\/p>\n\n\n\n<p class=\"wp-block-paragraph\">La exsenadora Laura Irais Ballesteros Mancilla resalt\u00f3 que muchos de los desplazamientos tienen que ver con la defensa de la tierra, que es un asunto de sostenibilidad, cambio clim\u00e1tico y defensa de territorio. Advirti\u00f3 que cada vez habr\u00e1 m\u00e1s desplazamientos por el deterioro del planeta y el medio ambiente. Pidi\u00f3 que, desde el liderazgo feminista, se integre un bloque clim\u00e1tico para la defensa del planeta a trav\u00e9s de la lucha desde los congresos y los distintos espacios.&nbsp;&nbsp;&nbsp;<\/p>\n\n\n\n<p class=\"wp-block-paragraph\">A su vez, la exdiputada Claudia S\u00e1nchez Ju\u00e1rez destac\u00f3 que las aportaciones de este encuentro abonar\u00e1n a la construcci\u00f3n y fortalecimiento de una agenda de g\u00e9nero en la siguiente Legislatura. A\u00f1adi\u00f3 que la participaci\u00f3n de m\u00e1s mujeres har\u00e1 m\u00e1s enriquecedora la discusi\u00f3n y los avances. &nbsp;<\/p>\n\n\n\n<p class=\"wp-block-paragraph\">La diputada local de Oaxaca, Mariana Ben\u00edtez Tiburcio, resalt\u00f3 la necesidad de impulsar el sistema nacional de cuidados en la pr\u00f3xima Legislatura para poder avanzar en esta importante reforma. Adem\u00e1s, se pronunci\u00f3 por abordar el tema de violencia obst\u00e9trica y ginecol\u00f3gica, as\u00ed como modificar el C\u00f3digo Penal para hacer valer la falta de consentimiento claro como un elemento penal de violaci\u00f3n. &nbsp;<\/p>\n\n\n\n<p class=\"wp-block-paragraph\">La directora general del Centro de Estudios para el Logro de la Igualdad de G\u00e9nero de la C\u00e1mara de Diputados, Aurora Aguilar Rodr\u00edguez, destac\u00f3 la importancia de hacer campa\u00f1as en medios institucionales, principalmente en el Canal del Congreso, en temas de pensiones crianza positiva, porque a pesar de que ya est\u00e1 legislada, la poblaci\u00f3n no entiende, pues siete de cada 10 mexicanas y mexicanos creen que un golpe a tiempo educa y esto no es as\u00ed. Es relevante, agreg\u00f3, abordar el tema de la orfandad por feminicidio y por desaparici\u00f3n e incluir en los planes de estudio de las universidades la materia de perspectiva de g\u00e9nero. &nbsp;<\/p>\n\n\n\n<p class=\"wp-block-paragraph\">. &nbsp;<\/p>\n\n\n\n<p class=\"wp-block-paragraph\">De la Red de Polit\u00f3logas de Mujeres en Plural, Ana Isabel V\u00e1squez Colmenares Guzm\u00e1n, reconoci\u00f3 avances para lograr un cambio sociocultural, pero se debe abordar la problem\u00e1tica de la interseccionalidad, que se refiere a la desigualdad entre ser mujer y los derechos que se le violentan por el hecho de serlo, como asignarles cargas de trabajo y cuidados, discriminaci\u00f3n laboral por edad, en un entorno patriarcal que refuerza roles y estereotipos de g\u00e9nero. A\u00f1adi\u00f3 que no hay avances para las mujeres en perimenopausia, menopausia, posmenopausia, salud mental y acceso a tratamientos hormonales. &nbsp;<\/p>\n\n\n\n<p class=\"wp-block-paragraph\">La secretaria t\u00e9cnica de 50+1, Karime Athi\u00e9 Ortiz, propuso tipificar la violencia ginecoobst\u00e9trica y ginecol\u00f3gica para poder sancionarla, ya que tiene muchas aristas y se encuentra \u201ccompletamente normalizada e invisibilizada por falta de informaci\u00f3n para detectarla\u201d. &nbsp;<\/p>\n\n\n\n<p class=\"wp-block-paragraph\">Liliana Madrigal, del Colectivo 50+1, Cap\u00edtulo Tabasco, coment\u00f3 que en esta entidad hab\u00eda un para\u00edso reproductivo y se legisl\u00f3 en la materia, pero lamentablemente se tuvo una mala legislaci\u00f3n porque hubo otros intereses y hay padres que vend\u00edan los vientres de sus hijas por la pr\u00e1ctica de la reproducci\u00f3n asistida, lo que es una clara trata de mujeres. Plante\u00f3 legislar al respecto porque atenta contra los derechos de las mujeres. &nbsp;<\/p>\n\n\n\n<p class=\"wp-block-paragraph\">La presidenta de j\u00f3venes Empresarios Coparmex de la Ciudad de M\u00e9xico, Anabel Le\u00f3n Mart\u00ednez, pidi\u00f3 aprobar la Ley de Emprendimiento para generar un marco jur\u00eddico para que las empresas tengan m\u00e1s oportunidades de crecimiento, generar mejores empleos y establecer bases para disminuir el n\u00famero de empresas que cierran en menos de tres a\u00f1os. &nbsp;<\/p>\n\n\n\n<p class=\"wp-block-paragraph\">La presidenta del Consejo Nacional de Mujeres Empresarias, Mar\u00eda Emilia Vidal Arzate, destac\u00f3 la importancia de saber por qu\u00e9 se incrementa la muerte materna en los hospitales, as\u00ed como revisar qu\u00e9 pasa en cuanto a la basificaci\u00f3n dentro del sindicato empresarial, toda vez que la mayor\u00eda de los beneficiados son hombres; por ello, es relevante regular a los sindicatos. Otro punto para trabajar es la violencia en las instituciones. &nbsp;<\/p>\n\n\n\n<p class=\"wp-block-paragraph\">A su vez, Ver\u00f3nica Vergara, empresaria en bienes ra\u00edces e integrante del 50+1, resalt\u00f3 que en la actualidad una mujer no tiene acceso a una vivienda si no tiene Infonavit o Fovissste y hay muchas que no tienen estos apoyos, por lo que pidi\u00f3 pensar en qu\u00e9 hacer para que las mujeres tengan acceso a una vivienda digna.&nbsp;<\/p>\n\n\n\n<p class=\"wp-block-paragraph\">Ver\u00f3nica B\u00e1ez Su\u00e1rez, empresaria, coment\u00f3 que hace falta una visi\u00f3n de g\u00e9nero en el tema empresarial y encontrar a las empresas que tienen causas, pero que muchas veces se han invisibilizado. Tambi\u00e9n generar puentes con mujeres que est\u00e1n en estructuras empresariales en mundos muy opresivos para ellas, y que redes como esta Colectiva podr\u00edan empoderarlas en sus luchas particulares.&nbsp; &nbsp;<\/p>\n\n\n\n<p class=\"wp-block-paragraph\">Gloria Luz Alejandre Ram\u00edrez, profesora e investigadora en la Universidad Aut\u00f3noma de la Ciudad de M\u00e9xico, apunt\u00f3 que los espacios de comunicaci\u00f3n tienen que ser normados desde los \u00e1mbitos legislativos. Precis\u00f3 que en materia de telecomunicaciones se deben normar todos los programas de radio, incluso los de un contenido exclusivamente musical, respecto a la apolog\u00eda de la violencia. &nbsp;<\/p>\n\n\n\n<p class=\"wp-block-paragraph\">La activista Laura Athi\u00e9 mencion\u00f3 que en el pa\u00eds no existe un censo nacional de cu\u00e1ntas personas padecen lupus, la cual es una enfermedad cr\u00f3nico-degenerativa de origen inmune y reum\u00e1tica, que causa discapacidad y da\u00f1a los \u00f3rganos. Uno de los grandes problemas es la falta de acceso a tratamientos y medicamentos, pues un tratamiento tiene un costo aproximado de 16 mil pesos por persona. &nbsp;<\/p>\n\n\n\n<p class=\"wp-block-paragraph\">Ivonne Z\u00fa\u00f1iga Arguelles, representante de la diputada Amalia Garc\u00eda Medina (MC), subray\u00f3 que es obligatorio proponer reformas para que el piso de igualdad sea una realidad. Consider\u00f3 que el siguiente Presupuesto de Egresos de la Federaci\u00f3n debe realizarse, analizarse y aprobarse con las gafas violetas desde la perspectiva de g\u00e9nero y obtener mayores recursos para vacunas del Virus del Papiloma Humano, prevenir, atender y rehabilitaci\u00f3n del c\u00e1ncer de mama. Tambi\u00e9n es relevante, a\u00f1adi\u00f3, trabajar en iniciativas que definan acciones que logren erradicar el matrimonio infantil, el abuso, el acoso y el hostigamiento sexual en ni\u00f1as, ni\u00f1os y adolescentes. &nbsp;<\/p>\n\n\n\n<p class=\"wp-block-paragraph\">Al clausurar el evento, la presidenta nacional de la organizaci\u00f3n Colectiva 50+1, Claudia Corichi Garc\u00eda, afirm\u00f3 que hay una agenda compartida en los temas de mujeres y se celebran reuniones de trabajo espec\u00edficas para que estas propuestas se hagan parte de ella, a fin de que en la siguiente Legislatura se tenga otro encuentro con las diputadas y se informe al Grupo Plural de Igualdad Sustantiva sobre las iniciativas que tiene esta organizaci\u00f3n en la materia.<\/p>\n","protected":false},"excerpt":{"rendered":"<p>El encuentro fue encabezado por la presidenta de la Mesa Directiva de la C\u00e1mara de Diputados, Marcela Guerra Castillo La presidenta de&nbsp; 50+1 Claudia Corichi Garc\u00eda demand\u00f3 resolver problem\u00e1tica de las trabajadoras y convoc\u00f3 al&nbsp; poder legislativo a cerrar la brecha salarial &nbsp;Redacci\u00f3n SemM\u00e9xico, Cd. de M\u00e9xico,&nbsp; 15 de agosto, 2024.- Legisladoras encabezadas por la [&hellip;]<\/p>\n","protected":false},"author":3,"featured_media":85693,"comment_status":"open","ping_status":"open","sticky":false,"template":"","format":"standard","meta":{"_monsterinsights_skip_tracking":false,"footnotes":""},"categories":[50],"tags":[],"class_list":["post-85692","post","type-post","status-publish","format-standard","has-post-thumbnail","category-congreso"],"_links":{"self":[{"href":"https:\/\/redsemlac.com\/semmexico\/wp-json\/wp\/v2\/posts\/85692","targetHints":{"allow":["GET"]}}],"collection":[{"href":"https:\/\/redsemlac.com\/semmexico\/wp-json\/wp\/v2\/posts"}],"about":[{"href":"https:\/\/redsemlac.com\/semmexico\/wp-json\/wp\/v2\/types\/post"}],"author":[{"embeddable":true,"href":"https:\/\/redsemlac.com\/semmexico\/wp-json\/wp\/v2\/users\/3"}],"replies":[{"embeddable":true,"href":"https:\/\/redsemlac.com\/semmexico\/wp-json\/wp\/v2\/comments?post=85692"}],"version-history":[{"count":0,"href":"https:\/\/redsemlac.com\/semmexico\/wp-json\/wp\/v2\/posts\/85692\/revisions"}],"wp:featuredmedia":[{"embeddable":true,"href":"https:\/\/redsemlac.com\/semmexico\/wp-json\/wp\/v2\/media\/85693"}],"wp:attachment":[{"href":"https:\/\/redsemlac.com\/semmexico\/wp-json\/wp\/v2\/media?parent=85692"}],"wp:term":[{"taxonomy":"category","embeddable":true,"href":"https:\/\/redsemlac.com\/semmexico\/wp-json\/wp\/v2\/categories?post=85692"},{"taxonomy":"post_tag","embeddable":true,"href":"https:\/\/redsemlac.com\/semmexico\/wp-json\/wp\/v2\/tags?post=85692"}],"curies":[{"name":"wp","href":"https:\/\/api.w.org\/{rel}","templated":true}]}}