{"id":85684,"date":"2024-08-15T09:04:55","date_gmt":"2024-08-15T15:04:55","guid":{"rendered":"https:\/\/redsemlac.com\/semmexico\/?p=85684"},"modified":"2024-08-15T09:04:56","modified_gmt":"2024-08-15T15:04:56","slug":"aristas-de-la-violencia-obstetrica","status":"publish","type":"post","link":"https:\/\/redsemlac.com\/semmexico\/aristas-de-la-violencia-obstetrica\/","title":{"rendered":"Aristas de la violencia obst\u00e9trica"},"content":{"rendered":"\n<p class=\"wp-block-paragraph\">GIRE&nbsp; analiza el efecto contraproducente de las estrategias punitivas<\/p>\n\n\n\n<p class=\"wp-block-paragraph\">Su texto impunidad y justicia reproductiva hace visible fallas sist\u00e9micas que imposibilitan el acceso a la justicia y la protecci\u00f3n integral de los derechos humanos desde el Estado.<\/p>\n\n\n\n<p class=\"wp-block-paragraph\">Redacci\u00f3n<\/p>\n\n\n\n<p class=\"wp-block-paragraph\">SemM\u00e9xico, Cd. de M\u00e9xico, 15 de agosto, 2024.- A trav\u00e9s del trabajo de documentaci\u00f3n y acompa\u00f1amiento de casos, y la publicaci\u00f3n de informes peri\u00f3dicos, GIRE ha mostrado las distintas aristas que es necesario considerar para difundir, prevenir y atender la violencia obst\u00e9trica desde una perspectiva de g\u00e9nero y derechos humanos.<\/p>\n\n\n\n<p class=\"wp-block-paragraph\">Abordar la&nbsp;violencia obst\u00e9trica&nbsp;desde el&nbsp; enfoque de derechos humanos&nbsp;permite hacer&nbsp; visible&nbsp; la obligaci\u00f3n del Estado para garantizar los&nbsp;derechos reproductivos de mujeres gestantes &nbsp;en el \u00e1mbito de la atenci\u00f3n del embarazo, parto y puerperio.&nbsp;<\/p>\n\n\n\n<p class=\"wp-block-paragraph\">Hablar de este fen\u00f3meno como una&nbsp;violaci\u00f3n a los derechos humanos&nbsp;resalta tambi\u00e9n la necesidad de exigir a las autoridades responsables la reparaci\u00f3n del da\u00f1o causado a las v\u00edctimas de este tipo de violencia.<\/p>\n\n\n\n<p class=\"wp-block-paragraph\">GIRE ha sido una de las primeras organizaciones de la sociedad civil en utilizar el t\u00e9rmino&nbsp;violencia obst\u00e9trica&nbsp;y documentar la incidencia de conductas y omisiones que se agrupan bajo este concepto. Durante la \u00faltima d\u00e9cada, el reconocimiento de dicho t\u00e9rmino ha contribuido a que se comprenda como una&nbsp;forma espec\u00edfica de violencia institucional y de g\u00e9nero que constituye una violaci\u00f3n a los derechos humanos.<\/p>\n\n\n\n<p class=\"wp-block-paragraph\">A trav\u00e9s de la documentaci\u00f3n y el acompa\u00f1amiento de casos, as\u00ed como de la publicaci\u00f3n de&nbsp;informes peri\u00f3dicos, GIRE ha mostrado distintas aristas que es necesario considerar para difundir, prevenir y atender esta problem\u00e1tica desde una perspectiva de g\u00e9nero y derechos humanos, entre ellas:<\/p>\n\n\n\n<ul class=\"wp-block-list\">\n<li>El\u00a0car\u00e1cter estructural producto de las fallas en el sistema de salud, tales como insuficiencia en infraestructura, de personal, instrumental y equipamiento; y la relaci\u00f3n asim\u00e9trica de poder entre las personas usuarias de los servicios y el personal m\u00e9dico, enraizada \u2014entre otros factores\u2014 en las actitudes, los prejuicios y las rutinas da\u00f1inas que forman parte de la din\u00e1mica en la que se capacita y educa a dicho personal.<\/li>\n\n\n\n<li>El\u00a0peligro de tipificarla y sus consecuencias, insistiendo en que no es la v\u00eda para erradicarla, pues el establecimiento de un tipo penal tiene como efecto individualizar el problema, lo cual desatiende las causas que lo originan y deja intacta la posibilidad de llevar a cabo una transformaci\u00f3n en sus ra\u00edces.<\/li>\n\n\n\n<li>El efecto contraproducente de las estrategias punitivas\u00a0que han sido promovidas por ciertos sectores, incluso dentro del movimiento feminista y por el propio Estado, y la relaci\u00f3n que existe entre impunidad y justicia reproductiva, visibilizando la serie de fallas sist\u00e9micas que imposibilitan el acceso a la justicia y la protecci\u00f3n integral de los derechos humanos por parte del Estado.<\/li>\n\n\n\n<li>La importancia de la reparaci\u00f3n integral por violaciones a derechos humanos\u00a0como mecanismo de acceso a la justicia, y el largo proceso que las mujeres y familias acompa\u00f1adas por GIRE han tenido que transitar para obtener medidas de reparaci\u00f3n.<\/li>\n\n\n\n<li>El\u00a0avance en la existencia de\u00a0datos, pero tambi\u00e9n la ausencia de informaci\u00f3n desagregada, lo cual dificulta conocer la magnitud del problema y tener elementos para evaluar la implementaci\u00f3n de la legislaci\u00f3n y la pol\u00edtica p\u00fablica.<\/li>\n\n\n\n<li>El\u00a0marco normativo y las resoluciones emblem\u00e1ticas\u00a0tanto de tribunales nacionales como de otros organismos internacionales que durante la \u00faltima d\u00e9cada han sido fundamentales para el ejercicio pleno de los derechos reproductivos.<\/li>\n\n\n\n<li>Las recomendaciones\u00a0que ha emitido la Comisi\u00f3n Nacional de los Derechos Humanos, con la finalidad de saber en qu\u00e9 medida se han cumplido y contar con elementos para evaluar el desempe\u00f1o de este organismo.<\/li>\n<\/ul>\n\n\n\n<p class=\"wp-block-paragraph\">Todos estos aspectos permiten&nbsp;ampliar la mirada sobre la violencia obst\u00e9trica&nbsp;y dejar de considerar que se trata s\u00f3lo de un tema relacionado con la mala calidad de los servicios de salud; casos aislados de negligencia m\u00e9dica o mala praxis; la responsabilidad de una persona que llev\u00f3 a cabo acciones u omisiones durante la atenci\u00f3n del embarazo, parto o puerperio, o una cuesti\u00f3n que se soluciona por medio del castigo, como el encarcelamiento o las sanciones administrativas, a quien actu\u00f3 mal.<\/p>\n\n\n\n<p class=\"wp-block-paragraph\">Abordar esta problem\u00e1tica desde sus diversas aristas har\u00e1 posible que, adem\u00e1s de identificarla y verla plasmada en la legislaci\u00f3n,&nbsp;se creen estrategias para hacerle frente con base en las transformaciones necesarias a nivel de infraestructura, insumos y procesos, as\u00ed como de las relaciones entre usuarias y personal de salud, sin olvidar la formaci\u00f3n y creencias a partir de las cuales se brinda la atenci\u00f3n.<\/p>\n\n\n\n<p class=\"wp-block-paragraph\">La violencia obst\u00e9trica es un fen\u00f3meno complejo. Si bien cada vez est\u00e1 m\u00e1s visibilizado tanto en los espacios institucionales como en la esfera social \u2014en gran medida gracias a la labor de activistas y personas que han vivido este tipo de violencia\u2014,&nbsp;sigue haciendo falta que se reconozca y comprenda como un problema de car\u00e1cter estructural. Sin esta mirada dif\u00edcilmente habr\u00e1 pol\u00edticas p\u00fablicas encaminadas a erradicarla, y a garantizar el acceso efectivo a la justicia y a la reparaci\u00f3n integral.<\/p>\n","protected":false},"excerpt":{"rendered":"<p>GIRE&nbsp; analiza el efecto contraproducente de las estrategias punitivas Su texto impunidad y justicia reproductiva hace visible fallas sist\u00e9micas que imposibilitan el acceso a la justicia y la protecci\u00f3n integral de los derechos humanos desde el Estado. Redacci\u00f3n SemM\u00e9xico, Cd. de M\u00e9xico, 15 de agosto, 2024.- A trav\u00e9s del trabajo de documentaci\u00f3n y acompa\u00f1amiento de [&hellip;]<\/p>\n","protected":false},"author":3,"featured_media":85685,"comment_status":"open","ping_status":"open","sticky":false,"template":"","format":"standard","meta":{"_monsterinsights_skip_tracking":false,"footnotes":""},"categories":[748],"tags":[],"class_list":["post-85684","post","type-post","status-publish","format-standard","has-post-thumbnail","category-cultura-feminista"],"_links":{"self":[{"href":"https:\/\/redsemlac.com\/semmexico\/wp-json\/wp\/v2\/posts\/85684","targetHints":{"allow":["GET"]}}],"collection":[{"href":"https:\/\/redsemlac.com\/semmexico\/wp-json\/wp\/v2\/posts"}],"about":[{"href":"https:\/\/redsemlac.com\/semmexico\/wp-json\/wp\/v2\/types\/post"}],"author":[{"embeddable":true,"href":"https:\/\/redsemlac.com\/semmexico\/wp-json\/wp\/v2\/users\/3"}],"replies":[{"embeddable":true,"href":"https:\/\/redsemlac.com\/semmexico\/wp-json\/wp\/v2\/comments?post=85684"}],"version-history":[{"count":0,"href":"https:\/\/redsemlac.com\/semmexico\/wp-json\/wp\/v2\/posts\/85684\/revisions"}],"wp:featuredmedia":[{"embeddable":true,"href":"https:\/\/redsemlac.com\/semmexico\/wp-json\/wp\/v2\/media\/85685"}],"wp:attachment":[{"href":"https:\/\/redsemlac.com\/semmexico\/wp-json\/wp\/v2\/media?parent=85684"}],"wp:term":[{"taxonomy":"category","embeddable":true,"href":"https:\/\/redsemlac.com\/semmexico\/wp-json\/wp\/v2\/categories?post=85684"},{"taxonomy":"post_tag","embeddable":true,"href":"https:\/\/redsemlac.com\/semmexico\/wp-json\/wp\/v2\/tags?post=85684"}],"curies":[{"name":"wp","href":"https:\/\/api.w.org\/{rel}","templated":true}]}}