{"id":8568,"date":"2019-06-15T22:08:40","date_gmt":"2019-06-15T22:08:40","guid":{"rendered":"https:\/\/redsemlac.com\/semmexico\/?p=8568"},"modified":"2023-07-21T14:49:14","modified_gmt":"2023-07-21T19:49:14","slug":"he-sido-muy-libre-y-tal-vez-muy-terca-en-mis-planteamientos-maria-guerra-tejada","status":"publish","type":"post","link":"https:\/\/redsemlac.com\/semmexico\/he-sido-muy-libre-y-tal-vez-muy-terca-en-mis-planteamientos-maria-guerra-tejada\/","title":{"rendered":"\u201cHe sido muy libre y tal vez muy terca en mis planteamientos\u201d: Mar\u00eda Guerra Tejada"},"content":{"rendered":"\n<ul class=\"wp-block-list\"><li><strong><em>Muri\u00f3 el pasado 6 de junio, a los 80 a\u00f1os<\/em><\/strong><\/li><li><strong><em>Poeta y militante comunista; pionera de la reflexi\u00f3n sobre la tercera edad en las mujeres<\/em><\/strong><\/li><\/ul>\n\n\n\n<p class=\"wp-block-paragraph\"><strong>Gloria Analco<\/strong><\/p>\n\n\n\n<p class=\"wp-block-paragraph\">SemM\u00e9xico, Cd. de M\u00e9xico, 10 junio 2019.- Ella, naci\u00f3 18 de febrero de 1939 e<strong>n<\/strong> la Ciudad de M\u00e9xico. Fue poeta historiadora, militante socialista y feminista.\u00a0<strong>Fund\u00f3 la p\u00e1gina \u201cLa Mujer en el Mundo\u201d<\/strong>, en el peri\u00f3dico\u00a0<em>El D\u00eda<\/em>. Se convirti\u00f3 a partir de 1995 en una promotora permanente por los derechos de las mujeres de la tercera edad. Particip\u00f3 en la fundaci\u00f3n del Centro Cultural \u201cBenita Galeana\u201d y en el Grupo \u201cRosario Castellanos\u201d (1994) y militante del Partido Comunista en la Coordinaci\u00f3n Nacional de la Mujer. Cultivo una poes\u00eda intimista de una claridad hiriente. Falleci\u00f3 alrededor de la medianoche. Su nombre completo era Mar\u00eda Marcela del Rosario Guerra Tejada.<\/p>\n\n\n\n<p class=\"wp-block-paragraph\">Al\nmorir acababa de concluir el poemario <em>No\nbasta con el mar<\/em>\u2026 en el que consign\u00f3, \u2018\u2018si muriera ahora, mientras trabajo,\nalguien dir\u00eda al encontrarme: menos mal, estaba escribiendo como siempre\u201d.<\/p>\n\n\n\n<p class=\"wp-block-paragraph\">Mar\u00eda Guerra Tejada es una poeta, te\u00f3rica\nmarxista-leninista, perteneci\u00f3 al Partido Comunista, fue docente en el CCH,\ndonde se jubil\u00f3 tras 29 a\u00f1os de impartir clases de Historia y Est\u00e9tica, fund\u00f3\ngrupos de reflexi\u00f3n para mujeres de 50 y 60 a\u00f1os, fue periodista coordinando\ndos p\u00e1ginas en el peri\u00f3dico El D\u00eda, y aunque nunca milit\u00f3 en ning\u00fan grupo\nfeminista, ha dado cursos de historia del feminismo.<\/p>\n\n\n\n<p class=\"wp-block-paragraph\">A ella le ha gustado cultivar amistades que han\nenriquecido su vida, como con Benita Galeana, a quien acompa\u00f1\u00f3 a Cuba, en 1988,\ndonde Fidel Castro abraz\u00f3 a Benita, y ella le coment\u00f3 que ese abrazo le sirvi\u00f3\npara vivir feliz el resto de su vida; tambi\u00e9n la acompa\u00f1\u00f3 a Panam\u00e1, en 1989, cuando\nBenita fue invitada con alfombra roja por el general Manuel Antonio Noriega; y\nMar\u00eda trab\u00f3, asimismo, buena amistad con la ex gobernadora de Zacatecas, Amalia\nGarc\u00eda Medina, con quien comparti\u00f3 el trabajo militante en el Partido\nComunista, en su fase final antes de quedar fusionado en el PSUM, y comparti\u00f3\nsu poes\u00eda con Rosario Castellanos, cuando era adolescente.<\/p>\n\n\n\n<p class=\"wp-block-paragraph\">Entr\u00f3 a la UNAM, en 1968, a estudiar Historia en la\nFacultad de Filosof\u00eda y Letras, y cuando comenzaron a funcionar los CCH\n(Colegios de Humanidades), a principios de los a\u00f1os 70, concurs\u00f3 para una plaza\nde profesora y la obtuvo. Empieza entonces su actividad docente con una\nduraci\u00f3n de casi tres d\u00e9cadas. Hizo la maestr\u00eda sobre Estudios\nLatinoamericanos.<\/p>\n\n\n\n<p class=\"wp-block-paragraph\">Mar\u00eda Guerra es una mujer decidida, de fuerte car\u00e1cter,\nque no le gusta rendir cuentas a nadie, salvo si hay una disciplina que seguir.\nSu vida est\u00e1 plagada de cosas interesantes, dignas de ser contadas. Particip\u00f3,\npor ejemplo, en 1995, en los Di\u00e1logos de San Andr\u00e9s, formando parte de un\ncontingente de mujeres llamado \u201cGrupo Rosario Castellanos\u201d, el cual se conform\u00f3\nen respuesta a la convocatoria a la Convenci\u00f3n Nacional Democr\u00e1tica que hizo el\nSubcomandante Marcos.<\/p>\n\n\n\n<p class=\"wp-block-paragraph\">Naci\u00f3 en la Ciudad de M\u00e9xico, el 18 de febrero de 1939,\nde madre guatemalteca, llamada Delfina Tejada, y padre yucateco, Jorge Guerra\nLeal. Fue una familia numerosa, de 11 hermanos, destacados profesionistas, y\ndedicados cuatro de las mujeres y tres de los hombres a las tareas de la\ndocencia, algo que especialmente les inculc\u00f3 su padre.<\/p>\n\n\n\n<p class=\"wp-block-paragraph\">Su madre tocaba el piano, era su pasi\u00f3n, y su padre era\nabogado que sent\u00eda inclinaci\u00f3n por las causas sociales, y que lo llev\u00f3 a actuar\nen muchas ocasiones en defensa de los campesinos, algo que dejar\u00eda huella en\nella e influir\u00eda en sus ideas.<\/p>\n\n\n\n<p class=\"wp-block-paragraph\">Mar\u00eda Guerra empez\u00f3 a participar en pol\u00edtica cuando\ningres\u00f3 al grupo de estudio llamado Estrategia, que editaba una revista con el\nmismo nombre, la cual ten\u00eda una gran aceptaci\u00f3n en el p\u00fablico estudiantil de las\nlibrer\u00edas. Estaba integrado por Alonso Aguilar, Jorge Carreon y Fernando\nCarmona, entre otros.<\/p>\n\n\n\n<p class=\"wp-block-paragraph\">Era un grupo pol\u00edtico que basaba su estudio en la teor\u00eda\npol\u00edtica marxista-leninista, y el trabajo de ella, dentro de ese grupo,\nconsist\u00eda en la difusi\u00f3n de la revista, adem\u00e1s de prestar mucha atenci\u00f3n a su\nformaci\u00f3n pol\u00edtica.<\/p>\n\n\n\n<p class=\"wp-block-paragraph\">Fue el pre\u00e1mbulo a su entrada al Partido Comunista, cosa\nque hizo despu\u00e9s de regresar de unas vacaciones en la, en ese entonces,\nRep\u00fablica Democr\u00e1tica Alemana (RDA), donde en esos momentos su hermano Ricardo\nGuerra era el embajador de M\u00e9xico. <\/p>\n\n\n\n<p class=\"wp-block-paragraph\">En ese pa\u00eds le impresion\u00f3 el desarrollo de la seguridad\nsocial, especialmente la atenci\u00f3n y \u00e9nfasis que el gobierno pon\u00eda en los\nprogramas sociales a favor de la mujer, sobre todo de las mujeres que daban a\nluz, quienes pod\u00edan pasar tres meses en casa con sus beb\u00e9s, con goce de salario.<\/p>\n\n\n\n<p class=\"wp-block-paragraph\">La entusiasm\u00f3 ese sistema, y cuando regresa a M\u00e9xico\ndecide ingresar al Partido Comunista, en 1980, despu\u00e9s de que charlas con un\namigo terminan convenci\u00e9ndola. <\/p>\n\n\n\n<p class=\"wp-block-paragraph\">Ah\u00ed va a desarrollar una tarea pol\u00edtica vinculada al\nproyecto de maternidad voluntaria y el derecho al aborto, aunque tambi\u00e9n le\ninteresa cuestionar la pol\u00edtica interna del PC a trav\u00e9s de su Comisi\u00f3n\nInternacional, donde ingresa y tiene v\u00ednculos con mujeres de Centroam\u00e9rica.\nDesde sus comienzos en el PC ella se sent\u00eda m\u00e1s radical que muchos de sus\ncompa\u00f1eros, en el sentido de querer ir m\u00e1s a fondo en la lucha comunista.<\/p>\n\n\n\n<p class=\"wp-block-paragraph\">En ese entonces, Amalia Garc\u00eda Medina era la coordinadora\nnacional de la mujer en el PC, y trabaja estrechamente con ella en diversos\ntemas, lo que las acerca y las convierte en excelentes amigas.<\/p>\n\n\n\n<p class=\"wp-block-paragraph\">Cuando se disuelve el Partido Comunista, en 1982, para\nfusionarse con otras fuerzas pol\u00edticas y formar el PSUM, ella ingresa a ese\nnuevo partido que re\u00fane a todas las fuerzas de izquierda, pero no se vincul\u00f3\nestrechamente a la tarea pol\u00edtica porque observ\u00f3 constantes pugnas por cuotas\nde poder que desde el principio se producen, y algo parecido sucedi\u00f3 en el Partido\nde la Revoluci\u00f3n Democr\u00e1tica (PRD), luego de que se disuelve el PSUM para\nintegrarse al nuevo partido, por lo cual dej\u00f3 de ser activa militante desde\n1990.<\/p>\n\n\n\n<p class=\"wp-block-paragraph\">Mar\u00eda Guerra coordin\u00f3, entre 1987 y 1994, dos p\u00e1ginas en\nel peri\u00f3dico El D\u00eda, tituladas: \u201cInfancia, mito y realidad\u201d y \u201cLa mujer en el\nmundo\u201d, trabajo que quisiera volver a repetir, ya que le trajo muchas\nsatisfacciones.<\/p>\n\n\n\n<p class=\"wp-block-paragraph\">Gran parte de su tarea pol\u00edtica fue orientada hacia la\neducaci\u00f3n, adem\u00e1s de los temas de la mujer, sobre los que va a trabajar casi\ntoda su vida. Pero tambi\u00e9n le interes\u00f3 profundizar en el tema de la funci\u00f3n\necon\u00f3mica del trabajo dom\u00e9stico, sin el cual, ella piensa, \u201cse caer\u00eda el mundo\nentero\u201d. Propone entonces que la mitad del trabajo dom\u00e9stico la realicen las\nmujeres y la otra mitad los hombres.<\/p>\n\n\n\n<p class=\"wp-block-paragraph\">Para ella, el feminismo es la lucha en contra de la\nopresi\u00f3n a las mujeres, sea por el Estado, el gobierno, el hombre o cualquier\notra entidad.<\/p>\n\n\n\n<p class=\"wp-block-paragraph\">Tambi\u00e9n tuvo una cercan\u00eda importante con Vilma Esp\u00edn, quien\nfue presidenta vitalicia de la Federaci\u00f3n de Mujeres Cubanas, cuyo contacto le\npermiti\u00f3 impartir cursos sobre historia del feminismo en Cuba, y le abri\u00f3 las\npuertas para escribir sobre el llamado \u201cPeriodo especial\u201d, que tuvo lugar en\nCuba en los a\u00f1os noventa.<\/p>\n\n\n\n<p class=\"wp-block-paragraph\">Mar\u00eda Guerra releg\u00f3 la poes\u00eda en aras de la pol\u00edtica,\ncosa de la que se lamenta. Public\u00f3 su primer libro de poes\u00eda, titulado: \u201cEn\ndonde duele el tiempo\u201d, en 1990; el segundo, \u201cVocaci\u00f3n de Viento\u201d, en el a\u00f1o\n2000, y el tercero, \u201cNo es un r\u00edo\u201d, en 2008. Su inclinaci\u00f3n por la poes\u00eda es\nmuy poderosa. Su poes\u00eda es realmente muy vigorosa.<\/p>\n\n\n\n<p class=\"wp-block-paragraph\">Una de las vivencias que m\u00e1s la enriquecieron como persona\nfue la amistad que entabl\u00f3 con Benita Galeana, quien de joven hab\u00eda pertenecido\nal Partido Comunista. Su casa ahora es un museo que se organiz\u00f3 en su memoria.\nBenita fue una de las mujeres mexicanas m\u00e1s importantes del siglo XX, que vivi\u00f3\nhasta los 91 a\u00f1os, y luch\u00f3 por un estatuto jur\u00eddico y el seguro social para los\ntrabajadores, entre otras cosas.<\/p>\n\n\n\n<p class=\"wp-block-paragraph\">Mar\u00eda describe su amistad con Benita como una relaci\u00f3n\nmadre\/hija. Su v\u00ednculo con ella fue muy estrecho, y compartieron momentos muy\nsobresalientes. Ambas viajaron a Cuba, en 1988, a un encuentro de mujeres,\ndonde Fidel Castro recibi\u00f3 a Benita y cari\u00f1osamente la abrazo. Ella dir\u00eda a\nMar\u00eda, posteriormente, que con ese abrazo de Fidel iba a vivir feliz el resto\nde su vida.<\/p>\n\n\n\n<p class=\"wp-block-paragraph\">Al a\u00f1o siguiente, Benita le dijo en una ocasi\u00f3n a Mar\u00eda\nque ya ten\u00eda otro novio, se estaba refiriendo al general Manuel Antonio\nNoriega, en esos momentos presidente de Panam\u00e1, a quien le hab\u00eda enviado la\nautobiograf\u00eda que escribi\u00f3 y llam\u00f3 \u201cBenita\u201d con una dedicatoria, en la que se presentaba\ncomo su novia, en recompensa porque \u00e9l se hab\u00eda enfrentado a los\nestadounidenses. La respuesta no tard\u00f3 en llegar y Noriega la invit\u00f3 a visitar\nPanam\u00e1.<\/p>\n\n\n\n<p class=\"wp-block-paragraph\">Benita le pidi\u00f3 a Mar\u00eda que la acompa\u00f1ara y juntas\nviajaron al pa\u00eds centroamericano. Fueron recibidas con la alfombra roja, y en su\nhabitaci\u00f3n del hotel cinco estrellas, Benita encontr\u00f3 un enorme ramo de flores\ncon una dedicatoria del general Noriega: \u201cPara mi novia Benita\u201d. Luego la\nrecibir\u00eda en el palacio de gobierno y charlar\u00eda ampliamente con ella.<\/p>\n\n\n\n<p class=\"wp-block-paragraph\">Cuando se produjo el movimiento zapatista, en 1994,\nBenita ya estaba en silla de ruedas \u2013morir\u00eda un a\u00f1o despu\u00e9s-, pero eso no fue\nun impedimento para llegar hasta Chiapas a hacerle los honores al subcomandante\nMarcos.<\/p>\n\n\n\n<p class=\"wp-block-paragraph\">Entre otras expresiones art\u00edsticas de Mar\u00eda vinculadas\ncon la pol\u00edtica, como su poes\u00eda en muchos casos, puede contarse el corrido que\nle compuso a Lucio Caba\u00f1as cuando muri\u00f3, en 1974. Ella sinti\u00f3 mucho su muerte,\ny busc\u00f3 perpetuar su memoria en un corrido, que incluso prest\u00f3 los derechos\npara una pel\u00edcula. <\/p>\n\n\n\n<p class=\"wp-block-paragraph\">He aqu\u00ed la estrofa que se repite: \u201cLucio Caba\u00f1as camin\u00f3\nsin miedo por la monta\u00f1a, porque sabe que su pueblo en la lucha lo acompa\u00f1a.\nCamina Lucio camina y no te detengas que el pueblo est\u00e1 ya cansado de tanta\nmuerte y miseria\u201d.<\/p>\n\n\n\n<p class=\"wp-block-paragraph\">Actualmente, adem\u00e1s de la poes\u00eda, Mar\u00eda dedica parte de\nsu tiempo al \u201cGrupo de Reflexi\u00f3n para Mujeres Rosario Castellanos\u201d que form\u00f3\ndesde 1993 para mujeres de 50 y 60 a\u00f1os, y en los cuales se tratan los temas\ndel origen de la opresi\u00f3n, la doble moral, maternidad o no, y las mujeres y la\nculpa, entre otros. Al principio los impart\u00eda s\u00f3lo ella, pero luego de dos a\u00f1os\nse incorpor\u00f3 a ellos su hija Raquel, psicoanalista, y desde 1995 trabajan como\nun solo equipo. <\/p>\n\n\n\n<p class=\"wp-block-paragraph\">Estos talleres han significado para Mar\u00eda la expresi\u00f3n m\u00e1s\nbella de lo que ha tenido, adem\u00e1s de sus hijos, desde luego. Ella se cas\u00f3 con\nun estadounidense, Sam Larson, profesor, quien tambi\u00e9n perteneci\u00f3 al Partido\nComunista. Se divorciaron a los nueve a\u00f1os de matrimonio. Tuvieron tres hijos:\nRaquel, Samuel y Jorge, que le han dado cuatro nietos. Samuel es sonidista que\nescribi\u00f3 el libro \u201cPensar el Sonido\u201d, y Jorge es bi\u00f3logo, dedicado a los temas\nde la biodiversidad.<\/p>\n\n\n\n<p class=\"wp-block-paragraph\">M\u00e1s tarde, conoci\u00f3 a Jorge Turner Morales, paname\u00f1o,\nquien fue embajador de su pa\u00eds en M\u00e9xico, pol\u00edtico, diplom\u00e1tico e intelectual,\ncon quien vivi\u00f3 20 a\u00f1os, hasta la muerte de \u00e9l, acaecida muy recientemente.<\/p>\n\n\n\n<p class=\"wp-block-paragraph\">Ella se autodefine de la siguiente manera: \u201cHe sido muy\nlibre y tal vez muy terca en mis planteamientos\u201d. *<\/p>\n\n\n\n<p class=\"wp-block-paragraph\">SEM\/ga<\/p>\n","protected":false},"excerpt":{"rendered":"<p>Muri\u00f3 el pasado 6 de junio, a los 80 a\u00f1os Poeta y militante comunista; pionera de la reflexi\u00f3n sobre la tercera edad en las mujeres Gloria Analco SemM\u00e9xico, Cd. de M\u00e9xico, 10 junio 2019.- Ella, naci\u00f3 18 de febrero de 1939 en la Ciudad de M\u00e9xico. Fue poeta historiadora, militante socialista y feminista.\u00a0Fund\u00f3 la p\u00e1gina [&hellip;]<\/p>\n","protected":false},"author":3,"featured_media":8569,"comment_status":"open","ping_status":"open","sticky":false,"template":"","format":"standard","meta":{"_monsterinsights_skip_tracking":false,"footnotes":""},"categories":[690,66],"tags":[],"class_list":["post-8568","post","type-post","status-publish","format-standard","has-post-thumbnail","category-690","category-extraordinarias"],"_links":{"self":[{"href":"https:\/\/redsemlac.com\/semmexico\/wp-json\/wp\/v2\/posts\/8568","targetHints":{"allow":["GET"]}}],"collection":[{"href":"https:\/\/redsemlac.com\/semmexico\/wp-json\/wp\/v2\/posts"}],"about":[{"href":"https:\/\/redsemlac.com\/semmexico\/wp-json\/wp\/v2\/types\/post"}],"author":[{"embeddable":true,"href":"https:\/\/redsemlac.com\/semmexico\/wp-json\/wp\/v2\/users\/3"}],"replies":[{"embeddable":true,"href":"https:\/\/redsemlac.com\/semmexico\/wp-json\/wp\/v2\/comments?post=8568"}],"version-history":[{"count":0,"href":"https:\/\/redsemlac.com\/semmexico\/wp-json\/wp\/v2\/posts\/8568\/revisions"}],"wp:featuredmedia":[{"embeddable":true,"href":"https:\/\/redsemlac.com\/semmexico\/wp-json\/wp\/v2\/media\/8569"}],"wp:attachment":[{"href":"https:\/\/redsemlac.com\/semmexico\/wp-json\/wp\/v2\/media?parent=8568"}],"wp:term":[{"taxonomy":"category","embeddable":true,"href":"https:\/\/redsemlac.com\/semmexico\/wp-json\/wp\/v2\/categories?post=8568"},{"taxonomy":"post_tag","embeddable":true,"href":"https:\/\/redsemlac.com\/semmexico\/wp-json\/wp\/v2\/tags?post=8568"}],"curies":[{"name":"wp","href":"https:\/\/api.w.org\/{rel}","templated":true}]}}