{"id":85668,"date":"2024-08-14T18:14:06","date_gmt":"2024-08-15T00:14:06","guid":{"rendered":"https:\/\/redsemlac.com\/semmexico\/?p=85668"},"modified":"2024-08-14T18:14:23","modified_gmt":"2024-08-15T00:14:23","slug":"rechazan-organizaciones-decision-del-juez-a-favor-de-empresario-en-oaxaca","status":"publish","type":"post","link":"https:\/\/redsemlac.com\/semmexico\/rechazan-organizaciones-decision-del-juez-a-favor-de-empresario-en-oaxaca\/","title":{"rendered":"Rechazan organizaciones decisi\u00f3n del juez a favor de empresario en Oaxaca"},"content":{"rendered":"\n<ul class=\"wp-block-list\">\n<li>Consorcio Oaxaca pide destituci\u00f3n de la Presidencia del TSJO<\/li>\n\n\n\n<li>OCNF es un claro ejemplo de la impunidad y corrupci\u00f3n que impera en nuestro sistema de justicia<\/li>\n<\/ul>\n\n\n\n<p class=\"wp-block-paragraph\">Redacci\u00f3n<\/p>\n\n\n\n<p class=\"wp-block-paragraph\">SemM\u00e9xico, Cd. de M\u00e9xico, 14 de agosto, 2024.- El Observatorio Ciudadano Nacional del Feminicidio (OCNF) expresa su profunda indignaci\u00f3n y rechazo ante la liberaci\u00f3n de Juan Antonio Vera Carrizal, se\u00f1alado como uno de los autores intelectuales del intento de feminicidio en contra de la saxofonista Mar\u00eda Elena R\u00edos, dice ese organismo en un comunicado de prensa emitido esta tarde.<\/p>\n\n\n\n<p class=\"wp-block-paragraph\">Mientras que desde Oaxaca se pronunci\u00f3 en el mismo sentido la organizaci\u00f3n Consorcio para el Di\u00e1logo Parlamentario y Equidad Oaxaca, que al igual que el Observatorio cuestionan el actuar del juez Jos\u00e9 Gabriel Ram\u00edrez Monta\u00f1o, quien dict\u00f3 sentencia absolutoria pasadas las 12 horas de este d\u00eda martes y exigi\u00f3 la destituci\u00f3n de la Presidencia del Tribunal y del juez a cargo de la resoluci\u00f3n en el caso.<\/p>\n\n\n\n<p class=\"wp-block-paragraph\">De acuerdo con el ONCF la liberaci\u00f3n del empresario gasolinero y ex legislador priista es un claro ejemplo de la impunidad y corrupci\u00f3n que impera en nuestro sistema de justicia, el Juez Jos\u00e9 Gabriel Ram\u00edrez Monta\u00f1o decidi\u00f3, en tan solo 20 minutos, retirar la medida de prisi\u00f3n preventiva al acusado.<\/p>\n\n\n\n<p class=\"wp-block-paragraph\">Esta decisi\u00f3n pone en grave riesgo la vida de Mar\u00eda Elena R\u00edos y env\u00eda un mensaje de protecci\u00f3n a los feminicidas en nuestro pa\u00eds. Es inaceptable que un juez, quien deber\u00eda velar por la justicia y la seguridad de las v\u00edctimas, haya optado por liberar a un individuo acusado de un delito tan atroz, ignorando los elementos contundentes que justificaban una sentencia justa.<\/p>\n\n\n\n<p class=\"wp-block-paragraph\">Recuerdan tambi\u00e9n que est\u00e1 muy cerca de cumplirse cinco a\u00f1os del brutal ataque en septiembre de 2019, esta resoluci\u00f3n no solo deja a Mar\u00eda Elena en un estado de indefensi\u00f3n, sino que tambi\u00e9n pone en riesgo a todas las mujeres en M\u00e9xico, al sentar un precedente peligroso en el manejo de los casos de violencia de g\u00e9nero.&nbsp;<\/p>\n\n\n\n<p class=\"wp-block-paragraph\">\u00abCon m\u00e1s de tres mil 500 asesinatos de mujeres al a\u00f1o, y frente a la resistencia para tipificar el delito de feminicidio y, a\u00fan m\u00e1s, las tentativas de este delito, esto representa un mensaje desalentador para el pa\u00eds\u00bb, expres\u00f3 Mar\u00eda de la Luz Estrada, directora del OCNF.&nbsp;<\/p>\n\n\n\n<p class=\"wp-block-paragraph\">\u00abNos enfrentamos a una situaci\u00f3n en la que los jueces mismos deben ser sometidos a escrutinio, especialmente cuando los agresores o presuntos agresores tienen nexos pol\u00edticos o recursos econ\u00f3micos, lo que inevitablemente se vuelve en contra de las v\u00edctimas\u00bb.<\/p>\n\n\n\n<p class=\"wp-block-paragraph\">El ONCF llam\u00f3 de forma urgente a la sociedad civil a mantenerse vigilante y a&nbsp;<\/p>\n\n\n\n<p class=\"wp-block-paragraph\">movilizarnos en defensa de los derechos de las mujeres. Desde el OCNF, hemos<\/p>\n\n\n\n<p class=\"wp-block-paragraph\">acompa\u00f1ado a Mar\u00eda Elena en su lucha y continuaremos exigiendo que se&nbsp;<\/p>\n\n\n\n<p class=\"wp-block-paragraph\">revisen las decisiones tomadas por el juez, quien claramente no actu\u00f3 con la<\/p>\n\n\n\n<p class=\"wp-block-paragraph\">perspectiva de g\u00e9nero y derechos humanos que el caso requer\u00eda.<\/p>\n\n\n\n<p class=\"wp-block-paragraph\">INEPTITUD DEL JUEZ<\/p>\n\n\n\n<p class=\"wp-block-paragraph\">En un breve pronunciamiento, Consorcio Oaxaca, condenamos la absoluci\u00f3n y liberaci\u00f3n de Juan Antonio Vera Carrizal, autor intelectual de atacar con \u00e1cido a Mar\u00eda Elena R\u00edos.&nbsp;<\/p>\n\n\n\n<p class=\"wp-block-paragraph\">Recriminamos el actuar del juez Jos\u00e9 Gabriel Ram\u00edrez Monta\u00f1o, adscrito al Tribunal Superior de Justicia de Oaxaca, quien suma a la ineptitud de las Instituciones para garantizar el acceso a la justicia para las mujeres, perpetuando la complicidad y corrupci\u00f3n de un Estado feminicida, dijo la organizaci\u00f3n.<\/p>\n\n\n\n<p class=\"wp-block-paragraph\">Esta severa falla del sistema de justicia, evidencia la grave situaci\u00f3n de violencia feminicida que Oaxaca encabeza en el pa\u00eds y agudiza el alto riesgo en el que se encuentra la vida de muchas mujeres.<\/p>\n\n\n\n<p class=\"wp-block-paragraph\">Tambi\u00e9n se sum\u00f3 a la exigencia para la destituci\u00f3n de la Presidencia del Tribunal y del juez a cargo de la resoluci\u00f3n en el caso.<\/p>\n\n\n\n<p class=\"wp-block-paragraph\">SEM\/sj<\/p>\n","protected":false},"excerpt":{"rendered":"<p>Redacci\u00f3n SemM\u00e9xico, Cd. de M\u00e9xico, 14 de agosto, 2024.- El Observatorio Ciudadano Nacional del Feminicidio (OCNF) expresa su profunda indignaci\u00f3n y rechazo ante la liberaci\u00f3n de Juan Antonio Vera Carrizal, se\u00f1alado como uno de los autores intelectuales del intento de feminicidio en contra de la saxofonista Mar\u00eda Elena R\u00edos, dice ese organismo en un comunicado [&hellip;]<\/p>\n","protected":false},"author":3,"featured_media":85672,"comment_status":"open","ping_status":"open","sticky":false,"template":"","format":"standard","meta":{"_monsterinsights_skip_tracking":false,"footnotes":""},"categories":[48],"tags":[],"class_list":["post-85668","post","type-post","status-publish","format-standard","has-post-thumbnail","category-no-mas-impunidad-no-mas-impunidad"],"_links":{"self":[{"href":"https:\/\/redsemlac.com\/semmexico\/wp-json\/wp\/v2\/posts\/85668","targetHints":{"allow":["GET"]}}],"collection":[{"href":"https:\/\/redsemlac.com\/semmexico\/wp-json\/wp\/v2\/posts"}],"about":[{"href":"https:\/\/redsemlac.com\/semmexico\/wp-json\/wp\/v2\/types\/post"}],"author":[{"embeddable":true,"href":"https:\/\/redsemlac.com\/semmexico\/wp-json\/wp\/v2\/users\/3"}],"replies":[{"embeddable":true,"href":"https:\/\/redsemlac.com\/semmexico\/wp-json\/wp\/v2\/comments?post=85668"}],"version-history":[{"count":0,"href":"https:\/\/redsemlac.com\/semmexico\/wp-json\/wp\/v2\/posts\/85668\/revisions"}],"wp:featuredmedia":[{"embeddable":true,"href":"https:\/\/redsemlac.com\/semmexico\/wp-json\/wp\/v2\/media\/85672"}],"wp:attachment":[{"href":"https:\/\/redsemlac.com\/semmexico\/wp-json\/wp\/v2\/media?parent=85668"}],"wp:term":[{"taxonomy":"category","embeddable":true,"href":"https:\/\/redsemlac.com\/semmexico\/wp-json\/wp\/v2\/categories?post=85668"},{"taxonomy":"post_tag","embeddable":true,"href":"https:\/\/redsemlac.com\/semmexico\/wp-json\/wp\/v2\/tags?post=85668"}],"curies":[{"name":"wp","href":"https:\/\/api.w.org\/{rel}","templated":true}]}}