{"id":85662,"date":"2024-08-14T16:03:30","date_gmt":"2024-08-14T22:03:30","guid":{"rendered":"https:\/\/redsemlac.com\/semmexico\/?p=85662"},"modified":"2024-08-14T16:03:31","modified_gmt":"2024-08-14T22:03:31","slug":"paso-ancho-inviable-costoso-y-tardado-recuerdan-osc-a-salomon-jara","status":"publish","type":"post","link":"https:\/\/redsemlac.com\/semmexico\/paso-ancho-inviable-costoso-y-tardado-recuerdan-osc-a-salomon-jara\/","title":{"rendered":"Paso Ancho: inviable, costoso y tardado, recuerdan OSC a Salom\u00f3n Jara"},"content":{"rendered":"\n<p class=\"wp-block-paragraph\">Las organizaciones se\u00f1alan que hay otras soluciones al problema h\u00eddrico de Oaxaca<\/p>\n\n\n\n<p class=\"wp-block-paragraph\">El proyecto de la presa fue clausurado en 2014, hoy es un dej\u00e0 vu y el regreso de los zombis<\/p>\n\n\n\n<p class=\"wp-block-paragraph\">Soledad Jarqu\u00edn Edgar<\/p>\n\n\n\n<p class=\"wp-block-paragraph\">SemM\u00e9xico, Oaxaca, 14 de agosto, 2024.- El Observatorio Ciudadano y Comunitario del Agua y Medio Ambiente de los Valles Centrales de Oaxaca calificaron como un proyecto inviable, costo y que tardar\u00e1 muchos a\u00f1os para traer agua a la zona metropolitana de la capital oaxaque\u00f1a a trav\u00e9s del proyecto Paso Ancho, \u201crevivido\u201d en d\u00edas pasados por el gobernador Salom\u00f3n Jara Cruz, quien anunci\u00f3 \u201canalizar esa posibilidad\u201d para resolver la problem\u00e1tica h\u00eddrica de la zona.<\/p>\n\n\n\n<p class=\"wp-block-paragraph\">En conferencia de prensa, la y los representantes de 28 organizaciones que integran este Observatorio llamaron al gobierno estatal y a las instituciones federales a abrir canales y reflexionar p\u00fablicamente sobre la pertinencia del proyecto -que tendr\u00eda un costo de 10 mil millones de pesos-, determinaci\u00f3n que plantea nuevamente el gobierno y que fue clausurado en 2014 por la Procuradur\u00eda Federal del Medio Ambiente.<\/p>\n\n\n\n<p class=\"wp-block-paragraph\">De ah\u00ed que en los voceros hicieron hincapi\u00e9 en la necesidad de que las instancias de gobierno conozcan escuchen los planeamientos de otras propuestas de soluci\u00f3n viables, para lo cual se\u00f1alaron est\u00e1n dispuestos a dialogar y participar, as\u00ed como para colaborar en los diagn\u00f3sticos y la instauraci\u00f3n de pol\u00edticas p\u00fablicas que garanticen la gobernanza del agua y mejorar de forma social y ambiental el cambio clim\u00e1tico.<\/p>\n\n\n\n<p class=\"wp-block-paragraph\">\u201cEs inevitable que experimente un dej\u00e0 vu\u201d, dijo con un dejo de sorna el responsable del Instituto de la Naturaleza y Sociedad de Oaxaca (INSO), Juan Jos\u00e9 Consejo Due\u00f1as, quien record\u00f3 que hace 12 a\u00f1os se discuti\u00f3 lo mismo \u201cuna gran presa para dotar de agua a la ciudad de Oaxaca\u201d y en la que estuvo presente el maestro Francisco Toledo, de quien dijo \u201candar\u00e1 por all\u00e1 entre sus libros\u201d y quien entonces apoy\u00f3 la lucha contra el proyecto de Paso Ancho.<\/p>\n\n\n\n<p class=\"wp-block-paragraph\"><strong>La crisis, los l\u00edmites del dej\u00e0 vu, el regreso de los zombis y las opciones<\/strong><\/p>\n\n\n\n<p class=\"wp-block-paragraph\">El ambientalista explic\u00f3 que los valles centrales de Oaxaca tienen unos ocho mil a\u00f1os de ocupaci\u00f3n humana y a trav\u00e9s de ese largo tiempo ha habido eventos de gran impacto, pero ahora tenemos una crisis que pone en riesgo la viabilidad del Valle Central, una crisis grave y compleja \u201cque no puede ser resuelta por una obra, un decreto, requiere de un conjunto de medidas legales, t\u00e9cnicas, administrativas y econ\u00f3micas.<\/p>\n\n\n\n<p class=\"wp-block-paragraph\">\u201cEstamos acostumbrados a que los pol\u00edticos nos receten soluciones a la crisis del agua\u201d y cit\u00f3 como ejemplo el proyecto del drenaje profundo de la Ciudad de M\u00e9xico y con lo que se dijo se acabar\u00edan las inundaciones.<\/p>\n\n\n\n<p class=\"wp-block-paragraph\">Enfatiz\u00f3 que hay otras soluciones que son m\u00e1s baratas, m\u00e1s r\u00e1pidas y m\u00e1s sensatas desde el punto de vista social y ecol\u00f3gico, dijo Consejo Due\u00f1as en relaci\u00f3n a \u201crevivir\u201d el proyecto Paso Ancho y advirti\u00f3 que han cambiado los paradigmas y la discusi\u00f3n de c\u00f3mo abordar los temas ambientales e h\u00eddricos, pero tambi\u00e9n cambio en lo pol\u00edtico y en lo social, que presentan un panorama favorable para construir soluciones sensatas en materia de agua.<\/p>\n\n\n\n<p class=\"wp-block-paragraph\">Dijo que retomar el proyecto h\u00eddrico de Paso Ancho es como el regreso de los zombis, porque retoman \u201ccosas ya muertas\u201d, que sabemos tiene elementos insalvables, por ser obras incre\u00edblemente caras y existen muchos an\u00e1lisis al respecto, no s\u00f3lo se trata del vaso y la presa, sino tambi\u00e9n un acueducto de m\u00e1s de 80 kil\u00f3metros, que tardar\u00eda mucho, \u201ces decir, no es una respuesta de ya a los muchos problemas del agua\u201d.<\/p>\n\n\n\n<p class=\"wp-block-paragraph\">Consejo dijo que los supuestos en que est\u00e1 fundado son hoy m\u00e1s discutibles, \u201clas presas suelen tener una vida \u00fatil de entre 20 y 25 a\u00f1os, muy corto en relaci\u00f3n de lo que cuesta construirlas.&nbsp;&nbsp;<\/p>\n\n\n\n<p class=\"wp-block-paragraph\">En relaci\u00f3n con las opciones, el director de INFO dijo que \u201csi tenemos propuestas concretas\u201d y enumer\u00f3 algunas de ellas: conservar las esponjas o zonas de captaci\u00f3n que persisten en los valles centrales; activar proyectos de cosecha de lluvia; reducir el uso de agua de riego agr\u00edcola; reparar las redes de agua potable; asegurar que el agua se limpie y se evite ensuciar; establecer sistemas de ahorro-uso-reciclaje del agua.<\/p>\n\n\n\n<p class=\"wp-block-paragraph\">Por otra parte, Nadir Hern\u00e1ndez Quiroz, integrante del Centro de Derechos Ind\u00edgenas Flor y Canto, dijo que la reactivaci\u00f3n de Paso Ancho es parte de una coyuntura nacional que impulsa proyectos de trasvases, cuya viabilidad est\u00e1 en tela de juicio, porque se sigue extrayendo el agua para las grandes urbes y proyectos empresariales, despojando a las comunidades de sus recursos, por lo que llam\u00f3 a las autoridades a revisar las concesiones y que las autoridades federales transparenten los nombres de quienes usufruct\u00faan este recurso.<\/p>\n\n\n\n<p class=\"wp-block-paragraph\">Dijo tambi\u00e9n que los municipios deben asumir su responsabilidad no s\u00f3lo para tener agua para consumo, sino tambi\u00e9n deben inmiscuirse en el saneamiento y conservaci\u00f3n del agua. El activista por los derechos humanos fue enf\u00e1tico al se\u00f1alar que esta es una oportunidad para no caer en los errores del pasado.<\/p>\n\n\n\n<p class=\"wp-block-paragraph\">En la conferencia de prensa realizada en el patio del IAGO, tambi\u00e9n participaron Beatriz Salinas Avil\u00e9s, del Centro de Derechos Ind\u00edgenas Flor y Canto; Sa\u00fal Fuentes de Ideas Comunitarias; Mauricio del Villar y Alejandro Sandoval.<\/p>\n\n\n\n<p class=\"wp-block-paragraph\">SEM\/sj<\/p>\n","protected":false},"excerpt":{"rendered":"<p>Las organizaciones se\u00f1alan que hay otras soluciones al problema h\u00eddrico de Oaxaca El proyecto de la presa fue clausurado en 2014, hoy es un dej\u00e0 vu y el regreso de los zombis Soledad Jarqu\u00edn Edgar SemM\u00e9xico, Oaxaca, 14 de agosto, 2024.- El Observatorio Ciudadano y Comunitario del Agua y Medio Ambiente de los Valles Centrales [&hellip;]<\/p>\n","protected":false},"author":3,"featured_media":85663,"comment_status":"open","ping_status":"open","sticky":false,"template":"","format":"standard","meta":{"_monsterinsights_skip_tracking":false,"footnotes":""},"categories":[682],"tags":[],"class_list":["post-85662","post","type-post","status-publish","format-standard","has-post-thumbnail","category-noticias"],"_links":{"self":[{"href":"https:\/\/redsemlac.com\/semmexico\/wp-json\/wp\/v2\/posts\/85662","targetHints":{"allow":["GET"]}}],"collection":[{"href":"https:\/\/redsemlac.com\/semmexico\/wp-json\/wp\/v2\/posts"}],"about":[{"href":"https:\/\/redsemlac.com\/semmexico\/wp-json\/wp\/v2\/types\/post"}],"author":[{"embeddable":true,"href":"https:\/\/redsemlac.com\/semmexico\/wp-json\/wp\/v2\/users\/3"}],"replies":[{"embeddable":true,"href":"https:\/\/redsemlac.com\/semmexico\/wp-json\/wp\/v2\/comments?post=85662"}],"version-history":[{"count":0,"href":"https:\/\/redsemlac.com\/semmexico\/wp-json\/wp\/v2\/posts\/85662\/revisions"}],"wp:featuredmedia":[{"embeddable":true,"href":"https:\/\/redsemlac.com\/semmexico\/wp-json\/wp\/v2\/media\/85663"}],"wp:attachment":[{"href":"https:\/\/redsemlac.com\/semmexico\/wp-json\/wp\/v2\/media?parent=85662"}],"wp:term":[{"taxonomy":"category","embeddable":true,"href":"https:\/\/redsemlac.com\/semmexico\/wp-json\/wp\/v2\/categories?post=85662"},{"taxonomy":"post_tag","embeddable":true,"href":"https:\/\/redsemlac.com\/semmexico\/wp-json\/wp\/v2\/tags?post=85662"}],"curies":[{"name":"wp","href":"https:\/\/api.w.org\/{rel}","templated":true}]}}