{"id":85657,"date":"2024-08-14T15:33:34","date_gmt":"2024-08-14T21:33:34","guid":{"rendered":"https:\/\/redsemlac.com\/semmexico\/?p=85657"},"modified":"2024-08-14T16:02:28","modified_gmt":"2024-08-14T22:02:28","slug":"libre-juan-antonio-vera-carrizal-exculpado-del-ataque-contra-maria-elena-rios","status":"publish","type":"post","link":"https:\/\/redsemlac.com\/semmexico\/libre-juan-antonio-vera-carrizal-exculpado-del-ataque-contra-maria-elena-rios\/","title":{"rendered":"Libre Juan Antonio Vera Carrizal, exculpado del ataque contra Mar\u00eda Elena R\u00edos"},"content":{"rendered":"\n<p class=\"wp-block-paragraph\">\u201cEsta es la impunidad que viven las mujeres en luchamos por justicia\u201d<\/p>\n\n\n\n<p class=\"wp-block-paragraph\">Juez se\u00f1ala que no hubo pruebas suficientes de parte de la Fiscal\u00eda<br><\/p>\n\n\n\n<p class=\"wp-block-paragraph\">Soledad Jarqu\u00edn Edgar<\/p>\n\n\n\n<p class=\"wp-block-paragraph\">SemM\u00e9xico, Oaxaca, 14 de agosto, 2024.- Juan Antonio Vera Carrizal y dos inculpados m\u00e1s por el intento de feminicidio en contra de Mar\u00eda Elena R\u00edos Ortiz, fueron absueltos por el juez de juicio Jos\u00e9 Gabriel Ram\u00edrez Monta\u00f1o esta misma tarde.<\/p>\n\n\n\n<p class=\"wp-block-paragraph\">La saxofonista oaxaque\u00f1a se\u00f1al\u00f3 a SemM\u00e9xico, que se concluy\u00f3 as\u00ed con una confabulaci\u00f3n para dejar en total impunidad la agresi\u00f3n sufrida en septiembre de 2019, en la ciudad de Huajuapan de Le\u00f3n, cuando fue atacada por sujetos desconocidos quienes le arrojaron \u00e1cido que afecto el 90 por ciento de su cuerpo.<\/p>\n\n\n\n<p class=\"wp-block-paragraph\">En su cuenta de Instagram la saxofonista denunci\u00f3 que \u201cgan\u00f3 la corrupci\u00f3n, Juan Antonio Vera Carrizal ha quedado en libertad\u201d:<\/p>\n\n\n\n<p class=\"wp-block-paragraph\"><em>Gan\u00f3 la corrupci\u00f3n.&nbsp; Juan Antonio Vera Carrizal ha quedado en libertad.<\/em><em><br><\/em><em><br><\/em><em>20 minutos le tom\u00f3 a este juez corrupto <\/em><a href=\"https:\/\/www.instagram.com\/explore\/tags\/jos%C3%A9gabrielram%C3%ADrezmonta%C3%B1o\/\"><em>#Jos\u00e9GabrielRam\u00edrezMonta\u00f1o<\/em><\/a><em>, la resoluci\u00f3n. esto es <\/em><a href=\"https:\/\/www.instagram.com\/explore\/tags\/oaxaca\/\"><em>#Oaxaca<\/em><\/a><em>, esto es <\/em><a href=\"https:\/\/www.instagram.com\/explore\/tags\/m%C3%A9xico\/\"><em>#M\u00e9xico<\/em><\/a><em>, esta es la impunidad que viven las mujeres en luchamos por justicia.<\/em><em><br><\/em><em><br><\/em><em>Todo fue pactado con <\/em><a href=\"https:\/\/www.instagram.com\/bereniceramirezjimenez04\/\"><em>@bereniceramirezjimenez04<\/em><\/a><em> , Presidenta del Tribunal Superior de Justicia de <\/em><a href=\"https:\/\/www.instagram.com\/explore\/tags\/oaxaca\/\"><em>#Oaxaca<\/em><\/a><\/p>\n\n\n\n<p class=\"wp-block-paragraph\">Vera Carrizal, ex diputado del PRI y empresario gasolinero fue se\u00f1alado como autor intelectual de los hechos fue detenido el 5 abril del 2020 cuando supuestamente se entreg\u00f3 a las autoridades, el 10 de ese mismo mes fue vinculado a proceso y permaneci\u00f3 internado en el Centro de Readaptaci\u00f3n Social de Tanivet varonil, ubicado en el distrito de Tlacolula.<\/p>\n\n\n\n<p class=\"wp-block-paragraph\">En las m\u00faltiples audiencias que enfrent\u00f3 la artista mixteca, advirti\u00f3 sobre las irregularidades diversas en las investigaciones y se\u00f1al\u00f3 en diversas ocasiones su temor de que este proceso no le fuera favorable.<\/p>\n\n\n\n<p class=\"wp-block-paragraph\">Durante la audiencia de juicio, el juez Jos\u00e9 Gabriel Ram\u00edrez Monta\u00f1o se\u00f1al\u00f3 que, con las pruebas aportadas por la representaci\u00f3n social, es decir, la Fiscal\u00eda General del Estado de Oaxaca, no fueron suficientes para destruir la presunci\u00f3n de inocencia que argumentaban los acusados y determin\u00f3 absolver a Rubiciel H.R., Ruben L.Ch., y al propio ex diputado priista por el delito de feminicidio en grado de tentativa.<\/p>\n\n\n\n<p class=\"wp-block-paragraph\">El juez tambi\u00e9n orden\u00f3 que se les deje en libertad de manera inmediata, adem\u00e1s de dejar sin efecto del embamiento de bienes decretados en contra de Vera Carrizal y los dem\u00e1s ex culpados.<\/p>\n\n\n\n<p class=\"wp-block-paragraph\"><strong>Pronunciamiento por un juicio justo<\/strong><\/p>\n\n\n\n<p class=\"wp-block-paragraph\">Luna del Sur, organizaci\u00f3n de la sociedad civil, previamente exigi\u00f3<strong> <\/strong>al juez instructor del caso de Mar\u00eda Elena R\u00edos la aplicaci\u00f3n de la perspectiva de g\u00e9nero en toda su amplitud, as\u00ed como, todas las leyes que protegen y amparan a las v\u00edctimas, adem\u00e1s de ser riguroso con la persona imputada en todos los procedimientos.&nbsp;&nbsp;<\/p>\n\n\n\n<p class=\"wp-block-paragraph\">La organizaci\u00f3n que preside la abogada Erika Lil\u00ed D\u00edaz, tambi\u00e9n hab\u00eda solicitado al Poder Judicial del Estado de Oaxaca que vigile la completa aplicaci\u00f3n de las leyes. as\u00ed como, el riguroso cumplimiento de los procedimientos que no siempre se han cumplido, esta es una oportunidad para demostrar que el Poder Judicial no est\u00e1 supeditado a ning\u00fan otro poder y hacer lo que la ley indica con responsabilidad y rigurosidad.&nbsp;<\/p>\n\n\n\n<p class=\"wp-block-paragraph\">Tanto el gobernador Salom\u00f3n Jara Cruz como el fiscal general del Estado de Oaxaca, Bernardo Rodr\u00edguez Alamilla lamentaron la decisi\u00f3n del Poder Judicial representado por el juez Jos\u00e9 Gabriel Ram\u00edrez Monta\u00f1o.<\/p>\n\n\n\n<p class=\"wp-block-paragraph\">SEM\/sj<\/p>\n","protected":false},"excerpt":{"rendered":"<p>\u201cEsta es la impunidad que viven las mujeres en luchamos por justicia\u201d Juez se\u00f1ala que no hubo pruebas suficientes de parte de la Fiscal\u00eda Soledad Jarqu\u00edn Edgar SemM\u00e9xico, Oaxaca, 14 de agosto, 2024.- Juan Antonio Vera Carrizal y dos inculpados m\u00e1s por el intento de feminicidio en contra de Mar\u00eda Elena R\u00edos Ortiz, fueron absueltos [&hellip;]<\/p>\n","protected":false},"author":3,"featured_media":85658,"comment_status":"open","ping_status":"open","sticky":false,"template":"","format":"standard","meta":{"_monsterinsights_skip_tracking":false,"footnotes":""},"categories":[48],"tags":[],"class_list":["post-85657","post","type-post","status-publish","format-standard","has-post-thumbnail","category-no-mas-impunidad-no-mas-impunidad"],"_links":{"self":[{"href":"https:\/\/redsemlac.com\/semmexico\/wp-json\/wp\/v2\/posts\/85657","targetHints":{"allow":["GET"]}}],"collection":[{"href":"https:\/\/redsemlac.com\/semmexico\/wp-json\/wp\/v2\/posts"}],"about":[{"href":"https:\/\/redsemlac.com\/semmexico\/wp-json\/wp\/v2\/types\/post"}],"author":[{"embeddable":true,"href":"https:\/\/redsemlac.com\/semmexico\/wp-json\/wp\/v2\/users\/3"}],"replies":[{"embeddable":true,"href":"https:\/\/redsemlac.com\/semmexico\/wp-json\/wp\/v2\/comments?post=85657"}],"version-history":[{"count":0,"href":"https:\/\/redsemlac.com\/semmexico\/wp-json\/wp\/v2\/posts\/85657\/revisions"}],"wp:featuredmedia":[{"embeddable":true,"href":"https:\/\/redsemlac.com\/semmexico\/wp-json\/wp\/v2\/media\/85658"}],"wp:attachment":[{"href":"https:\/\/redsemlac.com\/semmexico\/wp-json\/wp\/v2\/media?parent=85657"}],"wp:term":[{"taxonomy":"category","embeddable":true,"href":"https:\/\/redsemlac.com\/semmexico\/wp-json\/wp\/v2\/categories?post=85657"},{"taxonomy":"post_tag","embeddable":true,"href":"https:\/\/redsemlac.com\/semmexico\/wp-json\/wp\/v2\/tags?post=85657"}],"curies":[{"name":"wp","href":"https:\/\/api.w.org\/{rel}","templated":true}]}}