{"id":8564,"date":"2019-06-15T22:04:19","date_gmt":"2019-06-15T22:04:19","guid":{"rendered":"https:\/\/redsemlac.com\/semmexico\/?p=8564"},"modified":"2023-07-21T14:49:14","modified_gmt":"2023-07-21T19:49:14","slug":"cerca-de-87-millones-etiquetados-para-organizaciones-feministas-ira-a-gobiernos-estatales","status":"publish","type":"post","link":"https:\/\/redsemlac.com\/semmexico\/cerca-de-87-millones-etiquetados-para-organizaciones-feministas-ira-a-gobiernos-estatales\/","title":{"rendered":"Cerca de 87 millones etiquetados para organizaciones feministas ir\u00e1 a  gobiernos estatales"},"content":{"rendered":"\n<p class=\"wp-block-paragraph\"><strong><em>Ni diputadas, ni l\u00edderes, ni consejeras hicieron cambiar a la dependencia de Gobernaci\u00f3n.<\/em><\/strong><\/p>\n\n\n\n<p class=\"wp-block-paragraph\"><strong> Sara Lovera<\/strong><\/p>\n\n\n\n<p class=\"wp-block-paragraph\">SemM\u00e9xico. Cd. de M\u00e9xico. 7 de junio de 2019.- El dinero para fortalecer a las organizaciones feministas y de mujeres, ser\u00e1 para los gobiernos de los estados y destinados a erradicar el embarazo infantil y disminuir el embarazo adolescente.&nbsp;Nada hizo cambiar la decisi\u00f3n, ni feministas, ni diputadas. Se ajust\u00f3 a los deseos del presidente, la dependencia de gobernaci\u00f3n, antes instituto aut\u00f3nomo.<\/p>\n\n\n\n<p class=\"wp-block-paragraph\">Los casi 87 millones de pesos ser\u00e1n administrados por los institutos o secretar\u00edas de la mujer, en proyectos ejecutados directamente&nbsp;con&nbsp;las ni\u00f1as, sin ninguna intermediaci\u00f3n, ni pago a personal de estructura. Cada instancia har\u00e1 un proyecto que&nbsp;debe concursar al fin de junio, la convocatoria se public\u00f3 hoy en la web del Instituto Nacional de las Mujeres (INMUJERES) responsable del proyecto, que fue cambiado.<\/p>\n\n\n\n<p class=\"wp-block-paragraph\">Este&nbsp;dinero &nbsp;durante 18 a\u00f1os fue destinado al fortalecimiento de las organizaciones civiles y feministas de mujeres,&nbsp;y ahora ser\u00e1 el primer recurso directo para la&nbsp;Estrategia Nacional para la Prevenci\u00f3n del Embarazo en Adolescentes ENPEA&nbsp;&nbsp;que impuls\u00f3 el gobierno de Enrique Pe\u00f1a, y que deb\u00edan operar 13 instituciones, sin recursos espec\u00edficos.<\/p>\n\n\n\n<p class=\"wp-block-paragraph\">El programa&nbsp;re expresado&nbsp;por INMUJERES, luego de atender la circulas 1 del presidente de la Rep\u00fablica de no entregar ni un centavo a las organizaciones sociales, fue discutido casi cuatro meses, a pesar de las gestiones para que se cumpliera con el programa denominado&nbsp;PROEQUIDAD&nbsp;creado apenas naci\u00f3 el Inmujeres y que no se daba a \u201cintermediarios\u201d, cuando era para fortalecer directamente a las organizaciones de mujeres.<\/p>\n\n\n\n<p class=\"wp-block-paragraph\">Aunque no se inform\u00f3 a los institutos municipales \u2013donde se ubican las cifras de alta y muy alta fecundaci\u00f3n en menores- si se explic\u00f3 a las titulares de lo que&nbsp;gen\u00e9ricamente&nbsp;se llaman mecanismos de las mujeres, que tendr\u00e1n esos recursos para apoyar un problema \u2013que por lo visto no est\u00e1 en otras instancias- y que revela, como se hicieron los estudios en el sexenio anterior, que el embarazo infantil est\u00e1 muy ligado a la violencia sexual contra las ni\u00f1as.<\/p>\n\n\n\n<p class=\"wp-block-paragraph\">Ante el hecho consumado, se prepara un pronunciamiento de los Consejos Consultivo y Social de Inmujeres, donde participan mujeres de OSC y tambi\u00e9n acad\u00e9micas o t\u00e9cnicas, quienes desde febrero reclamaron el cumplimiento del&nbsp;Pro equidad&nbsp;\u201cno tanto por la cantidad de dinero\u201d, sino por el sentido de fortalecer al movimiento de mujeres. Ahora los argumentos del nuevo&nbsp;Pro equidad&nbsp;son claros. &nbsp;Los&nbsp;proyectos&nbsp;son para&nbsp;que contribuyan&nbsp;a erradicar&nbsp;el embarazo infantil y disminuir el embarazo en adolescentes. Cada instituci\u00f3n recibir\u00e1 como m\u00e1ximo 2millones 697 mil pesos, para ejercer en 5 meses.<\/p>\n\n\n\n<p class=\"wp-block-paragraph\">No podr\u00e1 ser usado para pago de personal, sino que se realizar\u00e1n acciones de prevenci\u00f3n, atenci\u00f3n, formaci\u00f3n y difusi\u00f3n, directamente a ni\u00f1as que hayan abandonado la escuela y a los municipios donde la estad\u00edstica se\u00f1ale de muy alta, alta y media fecundaci\u00f3n en ni\u00f1as y adolescentes. Datos que existen en Inegi y especialmente en el Instituto de Salud P\u00fablica que operada desde 2014 la Estrategia Nacional para la Prevenci\u00f3n del Embarazo en Adolescentes ENPEA, que no tuvo recursos financieros espec\u00edficos.<\/p>\n\n\n\n<p class=\"wp-block-paragraph\">De esta forma el INMUJERES mantiene el nombre del programa PROEQUIDAD, reclamado por las organizaciones sociales que no son intermediarias \u2013un&nbsp;programa&nbsp;que&nbsp;era para fortalecerlas tomando en cuenta lo que hac\u00edan- y tambi\u00e9n se exculp\u00f3 de comparecer ante la C\u00e1mara de Diputados, argumentando que el programa como tal no est\u00e1 etiquetado en el Presupuesto de &nbsp;Egresos de la &nbsp;Federaci\u00f3n (PEF)<\/p>\n\n\n\n<p class=\"wp-block-paragraph\">Ahora se destina a las Instituciones de Mujeres de los Estados IMEF&nbsp;para que impulsen acciones con perspectiva de g\u00e9nero que promuevan la autonom\u00eda&nbsp;y posibiliten el ejercicio pleno de los derechos de las mujeres, con el prop\u00f3sito de contribuir a&nbsp;erradicar el embarazo infantil y disminuir el embarazo en adolescentes mediante acciones de&nbsp;prevenci\u00f3n, atenci\u00f3n, formaci\u00f3n y difusi\u00f3n.<\/p>\n\n\n\n<p class=\"wp-block-paragraph\">Las vigilar\u00e1n a trav\u00e9s de contralor\u00edas ciudadanas, observatorios ciudadanos o alg\u00fan instrumento hom\u00f3logo para el&nbsp;seguimiento, supervisi\u00f3n y vigilancia del cumplimiento de las acciones comprometidas en los&nbsp;proyectos beneficiados, as\u00ed como de la correcta aplicaci\u00f3n de los recursos p\u00fablicos asignados almismo.<\/p>\n\n\n\n<p class=\"wp-block-paragraph\">Est\u00e1 prohibida la&nbsp;Compra y renta de veh\u00edculos; elFinanciamiento de deudas; a&nbsp;Renta o compra de inmuebles; el&nbsp;Pago de gasto corriente y servicios generales (renta de bienes muebles, agua, luz,impuesto predial, etc.).&nbsp;As\u00ed como proyectos ya realizados, es decir que se pretenda cubrir su presupuesto de manera&nbsp;retroactiva o resarcir cr\u00e9ditos puente; pago de plantilla de personal de estructura, ni compensaciones de ninguna especie; comprobar los recursos aprobados y transferidos de acuerdo con la normativa aplicable,&nbsp;as\u00ed como resguardar la documentaci\u00f3n y productos generados en el proceso de ejecuci\u00f3n&nbsp;de sus proyectos.<\/p>\n\n\n\n<p class=\"wp-block-paragraph\">NADA A LAS OSCS<\/p>\n\n\n\n<p class=\"wp-block-paragraph\">El INMUJERES y su junta de gobierno &nbsp;discutieron el destino de los recursos de&nbsp;Pro equidad, y desde febrero en su primera reuni\u00f3n los resguard\u00f3 a consulta. Es decir Inmujeres pudo no crear este conflicto en virtud de que eran recursos directos y para beneficiarias concretas. No obstante mand\u00f3 sus dudas y la Secretar\u00eda de la&nbsp;Funci\u00f3n&nbsp;P\u00fablica se declar\u00f3 incompetente, no ve\u00eda desv\u00edo alguno.&nbsp;Y se\u00f1ala claramente, en documento del&nbsp;7 de marzo de 2019, mediante oficio 110.-545,&nbsp;su&nbsp;la Unidad de AsuntosJur\u00eddicos&nbsp;se\u00f1al\u00f3: \u201c&nbsp;No obstante, de los antecedentes invocados en el documento de&nbsp;solicitud de consulta&nbsp;(la circular 1)se aprecia que la finalidad del programa PROEQUIDAD es apoyar a las&nbsp;organizaciones de la sociedad civil que trabajan en pro de las mujeres y las ni\u00f1as mexicanas, de&nbsp;lo cual, se desprende inicialmente que&nbsp;<strong>dichas organizaciones fungen como intermediarias y<\/strong><strong>&nbsp;<\/strong><strong>no como beneficiarias directas de los recursos, toda vez que se les apoya para que desarrollen<\/strong><strong>&nbsp;<\/strong><strong>proyectos orientados a impulsar el adelanto de las mujeres y la igualdad de g\u00e9nero,<\/strong><strong><\/strong>consider\u00e1ndose a la propia poblaci\u00f3n femenina como beneficiaria del programa aludido\u201d.&nbsp;Y agrega:&nbsp;\u201c\u2026De conformidad con lo antes citado, esta Unidad desde el punto de vista presupuestario&nbsp;considera que es responsabilidad del ejecutor del gasto, como parte de la Administraci\u00f3n&nbsp;P\u00fablica Federal, observar lo dispuesto en la Circular Uno\u201d.<\/p>\n\n\n\n<p class=\"wp-block-paragraph\">Ayer, no obstante el acuerdo es antiguo, en bolet\u00edn oficial el Inmujeres dice que&nbsp;tiene el compromiso de impulsar acciones que mejoren las condiciones de vida de las mujeres en M\u00e9xico mediante la rector\u00eda de las pol\u00edticas p\u00fablicas para la igualdad de g\u00e9nero, programas y estrategias que disminuyan las brechas de desigualdad.&nbsp;<\/p>\n\n\n\n<p class=\"wp-block-paragraph\">Y mantiene el nombre del&nbsp;programas, a pesar de ser totalmente distinto: \u201cUno de esos mecanismos es el&nbsp;Pro equidad, que opera desde 2002 con el fin de atender los temas prioritarios de la agenda para el desarrollo de las mujeres.&nbsp;En 2019, el INMUJERES lanza la convocatoria del&nbsp;Pro equidad&nbsp;con el objetivo de impulsar acciones dirigidas a contribuir a erradicar los embarazos infantiles y a disminuir los embarazos en adolescentes a trav\u00e9s de las Instancias de las Mujeres en las Entidades Federativas.<\/p>\n\n\n\n<p class=\"wp-block-paragraph\">SE JUSTIFICA Y ARGUMENTA; EN REALIDAD EXISTE EL ENAPEA&nbsp;<\/p>\n\n\n\n<p class=\"wp-block-paragraph\">En M\u00e9xico, cada a\u00f1o hay aproximadamente 400 mil nacimientos de madres de entre 15 y 19 a\u00f1os, y casi 11 mil de madres menores de 15 a\u00f1os (CONAPO, 2016).<\/p>\n\n\n\n<p class=\"wp-block-paragraph\">La cifra de 71 nacimientos por cada mil mujeres de 15 a 19 a\u00f1os coloca a nuestro pa\u00eds en los primeros lugares de embarazo adolescente a nivel mundial (ENADID, 2018).<\/p>\n\n\n\n<p class=\"wp-block-paragraph\">Debido a la prevalencia de dichos datos, el&nbsp;Pro equidad&nbsp;2019 centrar\u00e1 sus esfuerzos en atender dicha problem\u00e1tica que obstaculiza la autonom\u00eda de las mujeres y afecta sus posibilidades de salud, educaci\u00f3n, trabajo, desarrollo personal y comunitario.<\/p>\n\n\n\n<p class=\"wp-block-paragraph\">La convocatoria evaluar\u00e1 los proyectos de prevenci\u00f3n, atenci\u00f3n, formaci\u00f3n y difusi\u00f3n con perspectiva de g\u00e9nero, interseccionalidad y derechos humanos que presenten las Instancias de las Mujeres en las Entidades Federativas.<\/p>\n\n\n\n<p class=\"wp-block-paragraph\">ARGUMENTA<\/p>\n\n\n\n<p class=\"wp-block-paragraph\">Derivado de las respuestas, el INMUJERES realiz\u00f3 las modificaciones necesarias para que la&nbsp;convocatoria del PROEQUIDAD 2019, con el id\u00e9ntico monto aprobado por la Junta de Gobierno, se&nbsp;dirija a las IMEF de conformidad con las nuevas prioridades establecidas.<\/p>\n\n\n\n<p class=\"wp-block-paragraph\"><strong>Modificaci\u00f3n de las tem\u00e1ticas de la Convocatoria del PROEQUIDAD 2019<\/strong><\/p>\n\n\n\n<p class=\"wp-block-paragraph\">Debido al grave problema que representa en M\u00e9xico el embarazo en ni\u00f1as y adolescentes, la&nbsp;convocatoria del PROEQUIDAD 2019 se enfocar\u00e1 en contribuir a erradicar los embarazos infantiles y&nbsp;disminuir los embarazos en adolescentes mediante acciones de prevenci\u00f3n, atenci\u00f3n, formaci\u00f3n y&nbsp;difusi\u00f3n.<\/p>\n\n\n\n<p class=\"wp-block-paragraph\">El embarazo infantil y en adolescentes, adem\u00e1s de poner en riesgo la vida e integridad de las ni\u00f1as y&nbsp;las j\u00f3venes, constituye un obst\u00e1culo para su progreso personal, social y profesional, limita el libre&nbsp;desarrollo de sus competencias y habilidades, trunca sus aspiraciones, as\u00ed como sus proyectos de vida.<\/p>\n\n\n\n<p class=\"wp-block-paragraph\">No solo es una cuesti\u00f3n de salud p\u00fablica, sino que es de origen multifactorial y por ello deben&nbsp;participar todos los sectores del pa\u00eds.<\/p>\n\n\n\n<p class=\"wp-block-paragraph\">La focalizaci\u00f3n de los recursos en una problem\u00e1tica de estas dimensiones permitir\u00e1 visibilizarla,&nbsp;involucrar a instancias, autoridades, organizaciones y centros de investigaci\u00f3n en su soluci\u00f3n, y&nbsp;coordinar los esfuerzos conjuntos.<\/p>\n\n\n\n<p class=\"wp-block-paragraph\">En resumen, la convocatoria tiene el objetivo de apoyar a las IMEF para que impulsen acciones conperspectiva de g\u00e9nero que promuevan la autonom\u00eda y posibiliten el ejercicio pleno de los derechos&nbsp;de las mujeres, con el prop\u00f3sito de contribuir a erradicar los embarazos infantiles y disminuir los&nbsp;embarazos en adolescentes mediante acciones de prevenci\u00f3n, atenci\u00f3n, formaci\u00f3n y difusi\u00f3n.<\/p>\n\n\n\n<p class=\"wp-block-paragraph\">Las tareas de los IMEFS son:<\/p>\n\n\n\n<p class=\"wp-block-paragraph\">Ciudadan\u00eda y derechos sexuales y reproductivos;Curso de vida y proyecto de vida;&nbsp;Participaci\u00f3n juvenil;Innovaci\u00f3n y difusi\u00f3n.<\/p>\n\n\n\n<p class=\"wp-block-paragraph\">La pretensi\u00f3n es que el&nbsp;Pro equidad&nbsp;2019 coadyuve y fortalezca la Estrategia Nacional para la Prevenci\u00f3n del Embarazo en Adolescentes (ENAPEA) e impulse el cumplimiento de las recomendaciones internacionales emitidas a M\u00e9xico por el Comit\u00e9 sobre la Eliminaci\u00f3n de Todas las Formas de Discriminaci\u00f3n contra la Mujer; la Convenci\u00f3n Interamericana para Prevenir, Sancionar y Erradicar la Violencia&nbsp;contra las Mujeres; la Conferencia Internacional sobre Poblaci\u00f3n y el Desarrollo, la Plataforma de Acci\u00f3n de Beijing y la Convenci\u00f3n sobre los Derechos de la Ni\u00f1ez.<\/p>\n\n\n\n<p class=\"wp-block-paragraph\">Esta convocatoria establece que las Instancias de las Mujeres en las Entidades Federativas deben contemplar la participaci\u00f3n ciudadana e integrar contralor\u00edas, observatorios ciudadanos o alg\u00fan instrumento hom\u00f3logo para el seguimiento, supervisi\u00f3n y vigilancia del cumplimiento de las acciones comprometidas y el ejercicio del presupuesto.<\/p>\n\n\n\n<p class=\"wp-block-paragraph\">El Instituto Nacional de las Mujeres tiene la plena convicci\u00f3n de que la transformaci\u00f3n de M\u00e9xico depende del bienestar directo de las ni\u00f1as, ni\u00f1os y adolescentes con mayores desventajas sociales. Por ello, nuestro compromiso est\u00e1 en fortalecer el trabajo interinstitucional, intersectorial y con las organizaciones sociales para derribar los obst\u00e1culos que frenan el pleno goce de los derechos de las mujeres y de las ni\u00f1as y adolescentes, en particular.La convocatoria se puede consultar en: &nbsp;<\/p>\n\n\n\n<figure class=\"wp-block-embed\"><div class=\"wp-block-embed__wrapper\">\nhttps:\/\/www.gob.mx\/cms\/uploads\/attachment\/file\/467821\/CONVOCATORIA_PROEQUIDAD_2019_.pdf\n<\/div><\/figure>\n","protected":false},"excerpt":{"rendered":"<p>Ni diputadas, ni l\u00edderes, ni consejeras hicieron cambiar a la dependencia de Gobernaci\u00f3n. Sara Lovera SemM\u00e9xico. Cd. de M\u00e9xico. 7 de junio de 2019.- El dinero para fortalecer a las organizaciones feministas y de mujeres, ser\u00e1 para los gobiernos de los estados y destinados a erradicar el embarazo infantil y disminuir el embarazo adolescente.&nbsp;Nada hizo [&hellip;]<\/p>\n","protected":false},"author":3,"featured_media":8566,"comment_status":"open","ping_status":"open","sticky":false,"template":"","format":"standard","meta":{"_monsterinsights_skip_tracking":false,"footnotes":""},"categories":[690,51],"tags":[],"class_list":["post-8564","post","type-post","status-publish","format-standard","has-post-thumbnail","category-690","category-ejecutivo"],"_links":{"self":[{"href":"https:\/\/redsemlac.com\/semmexico\/wp-json\/wp\/v2\/posts\/8564","targetHints":{"allow":["GET"]}}],"collection":[{"href":"https:\/\/redsemlac.com\/semmexico\/wp-json\/wp\/v2\/posts"}],"about":[{"href":"https:\/\/redsemlac.com\/semmexico\/wp-json\/wp\/v2\/types\/post"}],"author":[{"embeddable":true,"href":"https:\/\/redsemlac.com\/semmexico\/wp-json\/wp\/v2\/users\/3"}],"replies":[{"embeddable":true,"href":"https:\/\/redsemlac.com\/semmexico\/wp-json\/wp\/v2\/comments?post=8564"}],"version-history":[{"count":0,"href":"https:\/\/redsemlac.com\/semmexico\/wp-json\/wp\/v2\/posts\/8564\/revisions"}],"wp:featuredmedia":[{"embeddable":true,"href":"https:\/\/redsemlac.com\/semmexico\/wp-json\/wp\/v2\/media\/8566"}],"wp:attachment":[{"href":"https:\/\/redsemlac.com\/semmexico\/wp-json\/wp\/v2\/media?parent=8564"}],"wp:term":[{"taxonomy":"category","embeddable":true,"href":"https:\/\/redsemlac.com\/semmexico\/wp-json\/wp\/v2\/categories?post=8564"},{"taxonomy":"post_tag","embeddable":true,"href":"https:\/\/redsemlac.com\/semmexico\/wp-json\/wp\/v2\/tags?post=8564"}],"curies":[{"name":"wp","href":"https:\/\/api.w.org\/{rel}","templated":true}]}}