{"id":8561,"date":"2019-06-15T21:55:09","date_gmt":"2019-06-15T21:55:09","guid":{"rendered":"https:\/\/redsemlac.com\/semmexico\/?p=8561"},"modified":"2023-07-21T14:49:14","modified_gmt":"2023-07-21T19:49:14","slug":"asesinatos-de-pamela-teran-y-sol-cruz-jarquin-son-feminicidios","status":"publish","type":"post","link":"https:\/\/redsemlac.com\/semmexico\/asesinatos-de-pamela-teran-y-sol-cruz-jarquin-son-feminicidios\/","title":{"rendered":"Asesinatos de Pamela Ter\u00e1n y Sol Cruz Jarqu\u00edn son feminicidios"},"content":{"rendered":"\n<ul class=\"wp-block-list\"><li><strong><em>Se confirma lo que desde hace un a\u00f1o hemos exigido: Soledad Jarqu\u00edn<\/em><\/strong><\/li><\/ul>\n\n\n\n<p class=\"wp-block-paragraph\"><strong>Redacci\u00f3n<\/strong><\/p>\n\n\n\n<p class=\"wp-block-paragraph\">SemM\u00e9xico.\nOaxaca de Ju\u00e1rez, Oax., 7 junio de 2019.- La reciente resoluci\u00f3n emitida por el\nTribunal Superior de Justicia de Oaxaca es una muestra de lo que hemos\nplanteado desde el principio sobre la investigaci\u00f3n hecha por la Fiscal\u00eda\nGeneral de Justicia del Estado de Oaxaca. Se observa que \u00e9sta se efectu\u00f3 sin\nperspectiva de g\u00e9nero y, por tanto, no fueron considerados los asesinatos de\nPamela Itzamaray Ter\u00e1n Pineda y Mar\u00eda del Sol Cruz Jarqu\u00edn como feminicidios y\ntampoco dentro de un contexto de violencia pol\u00edtica.<\/p>\n\n\n\n<p class=\"wp-block-paragraph\">As\u00ed\nlo afirma la madre de Mar\u00eda del Sol Cruz Jarqu\u00edn, la periodista Soledad Jarqu\u00edn\nEdgar, quien se\u00f1ala que el Fiscal General de Justicia de Oaxaca, Rub\u00e9n\nVasconcelos M\u00e9ndez, hizo durante el \u00faltimo a\u00f1o caso omiso a los se\u00f1alamientos\nque en ese sentido hizo ella y organizaciones feministas y de periodistas. \u201cPor\nel contrario en mi caso he recibido descalificaciones por parte de Vasconcelos\nM\u00e9ndez\u201d.<\/p>\n\n\n\n<p class=\"wp-block-paragraph\">Estamos\nfrente a hechos de dilaci\u00f3n de la impartici\u00f3n de &nbsp;justicia, porque a un a\u00f1o del triple asesinato\ns\u00f3lo una persona se encuentra vinculada a proceso, lo que ocurri\u00f3 el pasado 2\nde junio, en tanto que una persona m\u00e1s no fue vinculada, hecho que revela -como\ndice el Tribunal Superior de Justicia del Estado de Oaxaca-, una \u201cdeficiente y\nnegligente investigaci\u00f3n\u201d sobre lo ocurrido la madrugada del 2 de junio de 2018\nen la localidad de Juchit\u00e1n de Zaragoza, Oaxaca, en la regi\u00f3n del Istmo de\nTehuantepec.<\/p>\n\n\n\n<p class=\"wp-block-paragraph\">Todas\nestas omisiones, sin duda perversas, dan como resultado la violaci\u00f3n a los\nderechos fundamentales de las v\u00edctimas por parte de la Fiscal\u00eda, como ya hemos\ndicho, reitera Jarqu\u00edn Edgar, quien recuerda que la Fiscal\u00eda, a trav\u00e9s de la\nFiscal\u00eda Especializada en Delitos Electorales no ha vinculado la carpeta de\ninvestigaci\u00f3n por probable delito electoral de los hermanos Montero L\u00f3pez,\nmisma que est\u00e1 concluida de acuerdo con la fiscal especializada en Delitos\nElectorales, Araceli Pinelo L\u00f3pez desde agosto pasado.<\/p>\n\n\n\n<p class=\"wp-block-paragraph\">El\nTribunal explica con argumentos claros y en base a la normatividad nacional e\ninternacional que la Fiscal\u00eda de Oaxaca no realiz\u00f3 como correspond\u00eda su\ntrabajo, el mismo que deja hasta hoy en la impunidad el feminicidio de Mar\u00eda\ndel Sol, quien fue obligada por el titular de la Secretar\u00eda de Asuntos\nInd\u00edgenas de Oaxaca (hoy Secretar\u00eda de Pueblos Ind\u00edgenas y Afromexicano),\nFrancisco Montero L\u00f3pez, del gobierno estatal que encabeza Alejandro Murat\nHinojosa, de donde ella era jefa del Departamento de Comunicaci\u00f3n Ind\u00edgena e Intercultural,\na sabiendas que comet\u00eda un delito electoral, porque fue designada <strong>para<\/strong> apoyar con su trabajo profesional,\ncomo fot\u00f3grafa y videasta, la campa\u00f1a pol\u00edtica de Hageo Montero L\u00f3pez,\ncandidato del PRI-PVEM-PNA a la presidencia municipal de Juchit\u00e1n de Zaragoza. Es\ndecir, usando recursos p\u00fablicos, penados por la ley<\/p>\n\n\n\n<p class=\"wp-block-paragraph\">Al\nigual que el Tribunal de Oaxaca, hemos planteado que en ese contexto el crimen\nde la concejala con licencia e integrante, en segunda posici\u00f3n, de la plantilla\ndel entonces candidato Montero L\u00f3pez, as\u00ed como el de mi hija, deben ser\nconsiderados como feminicidios en un contexto de violencia pol\u00edtica de g\u00e9nero\n\u201cque puede catalogarse como un feminicidio por desprecio u odio hacia esas\nv\u00edctima<strong>s<\/strong>, contempladas as\u00ed en el\nart\u00edculo 411 fracci\u00f3n VII\u2026del C\u00f3digo Penal del Estado, y no s\u00f3lo acreditar un\nhecho que la ley se\u00f1ala como delito de homicidio calificado con ventaja, como\nal final de cuentas ocurri\u00f3\u201d, refiere Jarqu\u00edn Edgar quien cita la resoluci\u00f3n de\nemitida por la Sala de Justicia Ind\u00edgena y Quinta Sala Penal del Tribunal Superior\nde Justicia de Oaxaca.<\/p>\n\n\n\n<p class=\"wp-block-paragraph\">Por otro lado, la\nperiodista Soledad Jarqu\u00edn Edgar dijo que despu\u00e9s de la protesta exigiendo\njusticia para Mar\u00eda del Sol Cruz Jarqu\u00edn en la capital oaxaque\u00f1a el pasado\ns\u00e1bado, junto con organizaciones de la sociedad civil, feministas y defensoras\nde derechos humanos ha sido objeto de ataques del Fiscal General de Justicia,\nVasconcelos M\u00e9ndez quien ha se\u00f1alado a la prensa: \u201c\u2026<em>En respuesta, el Fiscal dijo que\n\u201des compromiso de la Fiscal\u00eda General con la sociedad oaxaque\u00f1a no dejar que se\nafecte el trabajo t\u00e9cnico con presiones diversas que manipulan informaci\u00f3n con\nobjetivos personales, econ\u00f3micos, pol\u00edticos o de otro tipo distintos al de la\njusticia\u201d\u201d. <\/em>(<a href=\"https:\/\/pagina3.mx\/2019\/06\/dice-fiscal-que-no-cede-a-presiones-que-manipulan-informacion-con-objetivos-personales-economicos-y-politicos\/\">https:\/\/pagina3.mx\/2019\/06\/dice-fiscal-que-no-cede-a-presiones-que-manipulan-informacion-con-objetivos-personales-economicos-y-politicos\/<\/a>)<\/p>\n\n\n\n<p class=\"wp-block-paragraph\">De\nigual forma, afirm\u00f3 que es ampliamente conocido que desde la Fiscal\u00eda se\nutilizan \u201cboots\u201d para desacreditar toda acci\u00f3n de protesta, exigencia o demanda\nde justicia por parte de las familias o de organizaciones no gubernamentales\nfrente a los nulos resultados, lo que ha hecho tal instancia gubernamental\nponi\u00e9ndola en riesgo, por lo que responsabiliz\u00f3 al gobierno de Oaxaca en caso\nde que algo le ocurra a ella, a su familia y a las personas cercanas a ella.<\/p>\n","protected":false},"excerpt":{"rendered":"<p>Se confirma lo que desde hace un a\u00f1o hemos exigido: Soledad Jarqu\u00edn Redacci\u00f3n SemM\u00e9xico. Oaxaca de Ju\u00e1rez, Oax., 7 junio de 2019.- La reciente resoluci\u00f3n emitida por el Tribunal Superior de Justicia de Oaxaca es una muestra de lo que hemos planteado desde el principio sobre la investigaci\u00f3n hecha por la Fiscal\u00eda General de Justicia [&hellip;]<\/p>\n","protected":false},"author":3,"featured_media":8562,"comment_status":"open","ping_status":"open","sticky":false,"template":"","format":"standard","meta":{"_monsterinsights_skip_tracking":false,"footnotes":""},"categories":[690,47],"tags":[],"class_list":["post-8561","post","type-post","status-publish","format-standard","has-post-thumbnail","category-690","category-no-mas-impunidad"],"_links":{"self":[{"href":"https:\/\/redsemlac.com\/semmexico\/wp-json\/wp\/v2\/posts\/8561","targetHints":{"allow":["GET"]}}],"collection":[{"href":"https:\/\/redsemlac.com\/semmexico\/wp-json\/wp\/v2\/posts"}],"about":[{"href":"https:\/\/redsemlac.com\/semmexico\/wp-json\/wp\/v2\/types\/post"}],"author":[{"embeddable":true,"href":"https:\/\/redsemlac.com\/semmexico\/wp-json\/wp\/v2\/users\/3"}],"replies":[{"embeddable":true,"href":"https:\/\/redsemlac.com\/semmexico\/wp-json\/wp\/v2\/comments?post=8561"}],"version-history":[{"count":0,"href":"https:\/\/redsemlac.com\/semmexico\/wp-json\/wp\/v2\/posts\/8561\/revisions"}],"wp:featuredmedia":[{"embeddable":true,"href":"https:\/\/redsemlac.com\/semmexico\/wp-json\/wp\/v2\/media\/8562"}],"wp:attachment":[{"href":"https:\/\/redsemlac.com\/semmexico\/wp-json\/wp\/v2\/media?parent=8561"}],"wp:term":[{"taxonomy":"category","embeddable":true,"href":"https:\/\/redsemlac.com\/semmexico\/wp-json\/wp\/v2\/categories?post=8561"},{"taxonomy":"post_tag","embeddable":true,"href":"https:\/\/redsemlac.com\/semmexico\/wp-json\/wp\/v2\/tags?post=8561"}],"curies":[{"name":"wp","href":"https:\/\/api.w.org\/{rel}","templated":true}]}}