{"id":8555,"date":"2019-06-15T21:48:18","date_gmt":"2019-06-15T21:48:18","guid":{"rendered":"https:\/\/redsemlac.com\/semmexico\/?p=8555"},"modified":"2023-07-21T14:49:14","modified_gmt":"2023-07-21T19:49:14","slug":"necesario-consolidad-mas-herramientas-para-garantizar-la-justicia-para-las-mujeres-y-ninas","status":"publish","type":"post","link":"https:\/\/redsemlac.com\/semmexico\/necesario-consolidad-mas-herramientas-para-garantizar-la-justicia-para-las-mujeres-y-ninas\/","title":{"rendered":"Necesario consolidad m\u00e1s herramientas para garantizar  la justicia para las mujeres y ni\u00f1as"},"content":{"rendered":"\n<p class=\"wp-block-paragraph\"><strong>Redacci\u00f3n<\/strong><\/p>\n\n\n\n<p class=\"wp-block-paragraph\">SemM\u00e9xico. Cd. de M\u00e9xico. 05 de junio 2019.- Con el objetivo de presentar el diagn\u00f3stico sobre la violencia feminicida en M\u00e9xico y dise\u00f1ar una metodolog\u00eda que sirva para la revisi\u00f3n de los casos de homicidios dolosos y feminicidios, el Instituto Nacional de las Mujeres (INMUJERES), la Subprocuradur\u00eda de Derechos Humanos, Prevenci\u00f3n del Delito y Servicios a la Comunidad de la Fiscal\u00eda General de la Rep\u00fablica llevaron a cabo el Taller Nacional de \u201cAcceso a la Justicia para las Mujeres y las Ni\u00f1as en Casos de Muertes Violentas\u201d.<\/p>\n\n\n\n<p class=\"wp-block-paragraph\">En la inauguraci\u00f3n, Nadine Gasman, presidenta del INMUJERES expres\u00f3: \u201cestamos ante el reto de homologar los conceptos, la tipificaci\u00f3n y la t\u00e9cnica jur\u00eddica para sancionar adecuadamente los delitos de g\u00e9nero, en el marco jur\u00eddico mexicano para conseguir que el principio de igualdad entre mujeres y hombres sea efectivo, no solo en las leyes sino en su aplicaci\u00f3n\u201d.<\/p>\n\n\n\n<p class=\"wp-block-paragraph\">Por su parte Sara Irene Herrer\u00edas Guerra, Subprocuradora de Derechos Humanos, Prevenci\u00f3n del Delito y Servicios a la Comunidad de la Fiscal\u00eda General de la Rep\u00fablica (FGR), coment\u00f3 la necesidad de avanzar en una adecuada procuraci\u00f3n de justicia que lleve a una sanci\u00f3n justa del delito, la cual tiene que estar orientada por una investigaci\u00f3n que identifique todos los actos que llevaron al feminicidio; \u201cno podemos dejar de atender todas las dem\u00e1s violencias contra las mujeres, ya que una respuesta poco oportuna puede culminar en un feminicidio\u201d.<\/p>\n\n\n\n<p class=\"wp-block-paragraph\">En tanto, Candelaria Ochoa \u00c1valos, Comisionada Nacional para Prevenir y Erradicar la Violencia contra las Mujeres (CONAVIM) hizo un llamado a las fiscal\u00edas para enfocarse en mejorar las carpetas de investigaci\u00f3n, ya que estas \u201cson prioridad para alcanzar justicia. Las carpetas de investigaci\u00f3n no han pasado la prueba para que las mujeres obtengan justicia ante un crimen, ya que hay una gran impunidad y omisi\u00f3n en esta materia\u201d.<\/p>\n\n\n\n<p class=\"wp-block-paragraph\">Las funcionarias destacaron que el problema de la violencia contra las mujeres es un fen\u00f3meno que se da en todas las etapas de su vida como lo muestran los siguientes datos:<\/p>\n\n\n\n<ul class=\"wp-block-list\"><li>A nivel nacional 4.4 millones de mujeres mayores de 15 a\u00f1os sufrieron violencia sexual durante su infancia.<\/li><li>45% de las mujeres de 15 a\u00f1os y m\u00e1s han vivido, por lo menos, un incidente de violencia durante el \u00faltimo a\u00f1o.<sup>[<\/sup><\/li><\/ul>\n\n\n\n<p class=\"wp-block-paragraph\">Asimismo, coincidieron en que si bien hay avances en la armonizaci\u00f3n legislativa con perspectiva de igualdad de g\u00e9nero en las leyes de acceso de las mujeres a una vida libre de violencia de todas las entidades federativas y en la legislaci\u00f3n que tipifica el feminicidio, la realidad es que la existencia de la ley, por s\u00ed sola, no garantiza su efectiva aplicaci\u00f3n.<\/p>\n\n\n\n<p class=\"wp-block-paragraph\">En ese contexto, destacaron que la justicia debe mirar a las mujeres y acercarlas a la igualdad sustantiva, y para lograrlo, la perspectiva de g\u00e9nero es una herramienta fundamental para garantizar una respuesta judicial id\u00f3nea, inmediata y oportuna para las mujeres.<\/p>\n\n\n\n<p class=\"wp-block-paragraph\">\u201cTodav\u00eda enfrentamos barreras que superar para hacer del derecho a la justicia un derecho y no un privilegio. Justicia significa, tambi\u00e9n tener acceso a la salud, la educaci\u00f3n, el empleo, la cultura y a vivir sin violencia. El Gobierno de M\u00e9xico asume como nunca, su responsabilidad primaria de garantizar la seguridad, la protecci\u00f3n de la vida de las mujeres y la construcci\u00f3n de procesos de paz\u201d, concluy\u00f3 Gasman.<\/p>\n\n\n\n<p class=\"wp-block-paragraph\">Las funcionarias de las instituciones convocantes al taller reiteraron su compromiso para dar acompa\u00f1amiento a las y los agentes del ministerio p\u00fablico, peritos, juezas y jueces, polic\u00edas e investigadores, personal de trabajo social y de salud, para que cuenten con las herramientas indispensables para atender los casos de violencia contra las mujeres.<\/p>\n\n\n\n<p class=\"wp-block-paragraph\">Al Taller asistieron titulares de mecanismos de igualdad de g\u00e9nero de 26 entidades federativas y 42 fiscal\u00edas de todo el pa\u00eds, as\u00ed como funcionarias y funcionarios de la Administraci\u00f3n P\u00fablica Federal.<\/p>\n\n\n\n<p class=\"wp-block-paragraph\">SEM\/IL<\/p>\n","protected":false},"excerpt":{"rendered":"<p>Redacci\u00f3n SemM\u00e9xico. Cd. de M\u00e9xico. 05 de junio 2019.- Con el objetivo de presentar el diagn\u00f3stico sobre la violencia feminicida en M\u00e9xico y dise\u00f1ar una metodolog\u00eda que sirva para la revisi\u00f3n de los casos de homicidios dolosos y feminicidios, el Instituto Nacional de las Mujeres (INMUJERES), la Subprocuradur\u00eda de Derechos Humanos, Prevenci\u00f3n del Delito y [&hellip;]<\/p>\n","protected":false},"author":3,"featured_media":8556,"comment_status":"open","ping_status":"open","sticky":false,"template":"","format":"standard","meta":{"_monsterinsights_skip_tracking":false,"footnotes":""},"categories":[690,51],"tags":[],"class_list":["post-8555","post","type-post","status-publish","format-standard","has-post-thumbnail","category-690","category-ejecutivo"],"_links":{"self":[{"href":"https:\/\/redsemlac.com\/semmexico\/wp-json\/wp\/v2\/posts\/8555","targetHints":{"allow":["GET"]}}],"collection":[{"href":"https:\/\/redsemlac.com\/semmexico\/wp-json\/wp\/v2\/posts"}],"about":[{"href":"https:\/\/redsemlac.com\/semmexico\/wp-json\/wp\/v2\/types\/post"}],"author":[{"embeddable":true,"href":"https:\/\/redsemlac.com\/semmexico\/wp-json\/wp\/v2\/users\/3"}],"replies":[{"embeddable":true,"href":"https:\/\/redsemlac.com\/semmexico\/wp-json\/wp\/v2\/comments?post=8555"}],"version-history":[{"count":0,"href":"https:\/\/redsemlac.com\/semmexico\/wp-json\/wp\/v2\/posts\/8555\/revisions"}],"wp:featuredmedia":[{"embeddable":true,"href":"https:\/\/redsemlac.com\/semmexico\/wp-json\/wp\/v2\/media\/8556"}],"wp:attachment":[{"href":"https:\/\/redsemlac.com\/semmexico\/wp-json\/wp\/v2\/media?parent=8555"}],"wp:term":[{"taxonomy":"category","embeddable":true,"href":"https:\/\/redsemlac.com\/semmexico\/wp-json\/wp\/v2\/categories?post=8555"},{"taxonomy":"post_tag","embeddable":true,"href":"https:\/\/redsemlac.com\/semmexico\/wp-json\/wp\/v2\/tags?post=8555"}],"curies":[{"name":"wp","href":"https:\/\/api.w.org\/{rel}","templated":true}]}}