{"id":8552,"date":"2019-06-15T21:43:33","date_gmt":"2019-06-15T21:43:33","guid":{"rendered":"https:\/\/redsemlac.com\/semmexico\/?p=8552"},"modified":"2023-07-21T14:49:14","modified_gmt":"2023-07-21T19:49:14","slug":"retiran-de-sus-cargos-a-dos-funcionarios-de-la-universidad-policial-por-abuso-sexual","status":"publish","type":"post","link":"https:\/\/redsemlac.com\/semmexico\/retiran-de-sus-cargos-a-dos-funcionarios-de-la-universidad-policial-por-abuso-sexual\/","title":{"rendered":"Retiran de sus cargos a  dos funcionarios de la Universidad Policial por abuso sexual"},"content":{"rendered":"\n<p class=\"wp-block-paragraph\"><strong><em>El Rector y el Director General de Adiestramiento, de la Universidad Policial (Unipol), fueron retirados de sus cargos.\u00a0<\/em><\/strong><\/p>\n\n\n\n<p class=\"wp-block-paragraph\"><strong>Josefina Aguilar Pastor<\/strong>\u00a0<\/p>\n\n\n\n<p class=\"wp-block-paragraph\">SemM\u00e9xico. Chilpancingo, Guerrero.\u00a0\u00a05 de junio de 2019.-\u00a0\u00a0El Rector y el Director General de Adiestramiento, de la Universidad Policial (Unipol), fueron retirados de sus cargos, en tanto se desarrollan las investigaciones respecto a la denuncia hecha por mujeres cadetes, a trav\u00e9s de redes sociales, de supuesto abuso sexual, inform\u00f3 el Secretario de Seguridad P\u00fablica, David Portillo Menchaca, quien asegur\u00f3 que el 80 por ciento de los elementos de la corporaci\u00f3n, han sido capacitados con perspectiva de g\u00e9nero.<\/p>\n\n\n\n<p class=\"wp-block-paragraph\">En conferencia de prensa en la que anunci\u00f3 la detenci\u00f3n de supuestos integrantes de un grupo delictivo, el responsable de la seguridad publica en la entidad, dio a conocer que dicha corporaci\u00f3n cuenta con 4 mil 200 elementos operativos por parte de la Secretar\u00eda, y mil 200 administrativos,&nbsp;&nbsp;de los cuales \u201cen su mayor\u00eda\u201d, dijo, el 80 por ciento, han sido capacitados o \u201cpor lo menos han ido a un curso en perspectiva de g\u00e9nero\u201d.<\/p>\n\n\n\n<p class=\"wp-block-paragraph\">Al hacer referencia a la denuncia hecha por cadetes, y las publicaciones sobre la misma, Portillo Menchaca dijo que no considera que haya agresi\u00f3n sexual en contra de las denunciantes, pero s\u00ed apunt\u00f3, la nota \u201ces de \u00edndole de acoso con enfoque lascivo, esa es mi consideraci\u00f3n\u201d.<\/p>\n\n\n\n<p class=\"wp-block-paragraph\">Al momento asegur\u00f3 que no cuenta con una denuncia formal por parte de las supuestas afectadas, ni victima identificada, lo que conoce, es lo publicado en los medios de comunicaci\u00f3n \u201cyo fui a la Unipol, me entrevist\u00e9 con algunos instructores, por supuesto con las cadetes, y les manifest\u00e9 que tiene todo el apoyo del Secretario para que \u00e9sta investigaci\u00f3n se lleve a cabo de manera puntal y objetiva\u201d, les habr\u00eda dicho.<\/p>\n\n\n\n<p class=\"wp-block-paragraph\">Sin embargo, dijo que luego de conocer la denuncia, tom\u00f3 la decisi\u00f3n de retirar de sus cargos, al rector de la Unipol, y al Director General de Adiestramiento &#8211; capit\u00e1n&nbsp;N\u00e9stor Cruz Rosalino, el directamente denunciado-; como medida cuartelar para que las investigaciones se lleven de manera puntual y objetiva, seg\u00fan dijo.<\/p>\n\n\n\n<p class=\"wp-block-paragraph\">El Secretario de Seguridad Publica, asegur\u00f3 que a la dependencia le interesa aclarar \u201cla nota, y la fotograf\u00eda\u201d, para seguir generando certeza en la instituci\u00f3n.&nbsp;<\/p>\n\n\n\n<p class=\"wp-block-paragraph\">Finalmente precis\u00f3 que son 12 las cadetes en proceso de adiestramiento, pero que muchas m\u00e1s mujeres como instructoras y elementos en activo. Para el esclarecimiento de ese asunto, solicitaron la intervenci\u00f3n de la Comisi\u00f3n de Derechos Humanos del Estado de Guerrero, la Contralor\u00eda Interna del Estado, de la Secretar\u00eda de la Mujer, de la Comisi\u00f3n para Prevenir, y Erradicar la Violencia en contra de las Mujeres.<\/p>\n\n\n\n<p class=\"wp-block-paragraph\">Los dos funcionarios, siguen activos al interior de la SSP, pero no con el mismo cargo.<\/p>\n","protected":false},"excerpt":{"rendered":"<p>El Rector y el Director General de Adiestramiento, de la Universidad Policial (Unipol), fueron retirados de sus cargos.\u00a0 Josefina Aguilar Pastor\u00a0 SemM\u00e9xico. Chilpancingo, Guerrero.\u00a0\u00a05 de junio de 2019.-\u00a0\u00a0El Rector y el Director General de Adiestramiento, de la Universidad Policial (Unipol), fueron retirados de sus cargos, en tanto se desarrollan las investigaciones respecto a la denuncia [&hellip;]<\/p>\n","protected":false},"author":3,"featured_media":8553,"comment_status":"open","ping_status":"open","sticky":false,"template":"","format":"standard","meta":{"_monsterinsights_skip_tracking":false,"footnotes":""},"categories":[690,51],"tags":[],"class_list":["post-8552","post","type-post","status-publish","format-standard","has-post-thumbnail","category-690","category-ejecutivo"],"_links":{"self":[{"href":"https:\/\/redsemlac.com\/semmexico\/wp-json\/wp\/v2\/posts\/8552","targetHints":{"allow":["GET"]}}],"collection":[{"href":"https:\/\/redsemlac.com\/semmexico\/wp-json\/wp\/v2\/posts"}],"about":[{"href":"https:\/\/redsemlac.com\/semmexico\/wp-json\/wp\/v2\/types\/post"}],"author":[{"embeddable":true,"href":"https:\/\/redsemlac.com\/semmexico\/wp-json\/wp\/v2\/users\/3"}],"replies":[{"embeddable":true,"href":"https:\/\/redsemlac.com\/semmexico\/wp-json\/wp\/v2\/comments?post=8552"}],"version-history":[{"count":0,"href":"https:\/\/redsemlac.com\/semmexico\/wp-json\/wp\/v2\/posts\/8552\/revisions"}],"wp:featuredmedia":[{"embeddable":true,"href":"https:\/\/redsemlac.com\/semmexico\/wp-json\/wp\/v2\/media\/8553"}],"wp:attachment":[{"href":"https:\/\/redsemlac.com\/semmexico\/wp-json\/wp\/v2\/media?parent=8552"}],"wp:term":[{"taxonomy":"category","embeddable":true,"href":"https:\/\/redsemlac.com\/semmexico\/wp-json\/wp\/v2\/categories?post=8552"},{"taxonomy":"post_tag","embeddable":true,"href":"https:\/\/redsemlac.com\/semmexico\/wp-json\/wp\/v2\/tags?post=8552"}],"curies":[{"name":"wp","href":"https:\/\/api.w.org\/{rel}","templated":true}]}}