{"id":85483,"date":"2024-08-12T11:28:32","date_gmt":"2024-08-12T17:28:32","guid":{"rendered":"https:\/\/redsemlac.com\/semmexico\/?p=85483"},"modified":"2024-08-12T11:28:42","modified_gmt":"2024-08-12T17:28:42","slug":"los-capitales-la-mitad-de-mexico-muere-de-sed-y-la-otra-mitad-se-ahoga","status":"publish","type":"post","link":"https:\/\/redsemlac.com\/semmexico\/los-capitales-la-mitad-de-mexico-muere-de-sed-y-la-otra-mitad-se-ahoga\/","title":{"rendered":"Los capitales| La mitad de M\u00e9xico muere de sed y la otra mitad, se ahoga"},"content":{"rendered":"\n<p class=\"wp-block-paragraph\">Edgar Gonz\u00e1lez Mart\u00ednez<\/p>\n\n\n\n<p class=\"wp-block-paragraph\">SemM\u00e9xico, Cd. de M\u00e9xico, 2024.- Verdadera angustia vive el sector agropecuario mexicano y mundial, ante los efectos adversos de los fen\u00f3menos climatol\u00f3gicos conocidos como \u201cEl Ni\u00f1o\u201d y \u201cLa Ni\u00f1a\u201d. Mientras el primero afect\u00f3 a M\u00e9xico la primera mitad del a\u00f1o con una terrible sequ\u00eda, el segundo amenaza con inundar el pa\u00eds, haciendo pedazos los trabajos agr\u00edcolas de millones de campesinos. Todo esto ha provocado que actualmente el 64% del suelo en el pa\u00eds muestra un nivel de degradaci\u00f3n, con el 28% del territorio de cultivo teniendo como principal problema la p\u00e9rdida de fertilidad. As\u00ed, analistas de Banorte nos dicen: \u201ccreemos que el panorama para las actividades primarias \u2013en espec\u00edfico del rubro agr\u00edcola\u2013 sigue siendo muy retador. Las afectaciones de hect\u00e1reas de cultivo siniestradas y niveles de producci\u00f3n probablemente continuar\u00e1n, lo que provocar\u00e1 presiones inflacionarias adicionales. Con ello, la expectativa en t\u00e9rminos de producci\u00f3n total nacional para el 2024 es de 293.2 millones de toneladas, lo que representa una ca\u00edda de 1.9%.<\/p>\n\n\n\n<p class=\"wp-block-paragraph\">Y es que, pese al inicio de la temporada de lluvias, el 40% del pa\u00eds sufre a\u00fan alg\u00fan tipo de sequ\u00eda, mientras que la recuperaci\u00f3n de los niveles de agua en las presas llevar\u00e1 m\u00e1s tiempo. De acuerdo con estimados de la CONAGUA, el patr\u00f3n de lluvias inici\u00f3 en junio pasado y se extender\u00e1 hasta noviembre. En este sentido, el monitor de sequ\u00eda de la instituci\u00f3n da se\u00f1ales de mejor\u00eda, pasando de 73.8% del territorio con al menos un \u2018nivel\u2019 de sequ\u00eda en la 1\u00aa quincena de junio \u2013m\u00e1ximo hist\u00f3rico para esa quincena desde 2011\u2013 a 40.1% en la \u00faltima quincena de julio. Mientras tanto, las presas nacionales se han recuperado hacia 51.1% de almacenamiento en los primeros ocho d\u00edas de agosto desde 37.2% en su punto m\u00e1s bajo en octubre de 2023. No obstante, se requerir\u00e1 de flujos mucho mayores para regresar a su nivel de almacenamiento promedio de 62.8% en los \u00faltimos 33 a\u00f1os. Concentr\u00e1ndonos en las presas de uso agr\u00edcola, el pron\u00f3stico para 2024 es que pr\u00e1cticamente se mantendr\u00e1n sin cambios en su porcentaje de almacenamiento (-0.1%). Esto se observa en un entorno donde los riesgos climatol\u00f3gicos siguen latentes.<\/p>\n\n\n\n<p class=\"wp-block-paragraph\">Adem\u00e1s, ah\u00ed est\u00e1n los huracanes que -se estima- ser\u00e1 m\u00e1s agresiva por una serie de factores, tales como (1) La entrada del fen\u00f3meno de La Ni\u00f1a (situaci\u00f3n sobre la cual profundizamos m\u00e1s adelante); y (2) la disipaci\u00f3n temprana del polvo del Sahara en el Atl\u00e1ntico, el cual suele frenar la formaci\u00f3n de los huracanes. As\u00ed, el Servicio Meteorol\u00f3gico Nacional (SMN) estim\u00f3 que podr\u00edan formarse 23 sistemas en el oc\u00e9ano Atl\u00e1ntico y 15 en el Pac\u00edfico. A su vez, la Coordinadora General del SMN ha mencionado que los estados con mayor probabilidad de impacto son: Baja California Sur (13.5%); Sinaloa (10.3%); Quintana Roo (10.3%); Veracruz (8.9%); Tamaulipas (8.4%); Yucat\u00e1n (7.5%); Campeche (6.3%); y Oaxaca (5%). Considerando esto, la Secretar\u00eda de Agricultura hizo un cruce de este listado con: (1) Los principales cultivos por entidad y su participaci\u00f3n en la producci\u00f3n nacional; (2) las posibles afectaciones por exceso de lluvia en dichos cultivos; y (3) la importancia de cada uno de ellos dentro del INPC. Los resultados nos permiten anticipar que los cultivos de jitomate (con el 29.2% de la producci\u00f3n nacional concentrada en los estados mencionados), naranja (46.6%), cebolla (26.8%), calabacita (21.8%), pepino (39.8%), sand\u00eda (19.9%) y pl\u00e1tano (6.2%) podr\u00edan sufrir las mayores afectaciones en el corto plazo.<\/p>\n\n\n\n<p class=\"wp-block-paragraph\"><strong>Incrementa Viva Aerob\u00fas 6.2% tr\u00e1fico de pasajeros en julio<\/strong><\/p>\n\n\n\n<p class=\"wp-block-paragraph\">Viva Aerob\u00fas anunci\u00f3 sus resultados preliminares de tr\u00e1fico correspondientes a julio de 2024. Este mes, el tr\u00e1fico de pasajeros increment\u00f3 un 6.2% comparado con julio de 2023, alcanzando 2.5 millones de pasajeros, impulsado por un aumento del 6.6% y 2.5% en el tr\u00e1fico nacional e internacional, respectivamente. El factor de ocupaci\u00f3n alcanz\u00f3 un 92.0% en comparaci\u00f3n con el 91.3% en 2023, derivado de un factor de ocupaci\u00f3n del 92.3% y 90.3% en el mercado nacional e internacional, respectivamente.<\/p>\n\n\n\n<p class=\"wp-block-paragraph\">Viva aument\u00f3 su capacidad total en asientos por milla disponibles (ASMs) en un 4.9% en comparaci\u00f3n con julio de 2023. En cuanto al desglose por mercado, Viva creci\u00f3 su capacidad en un 5.1% en el mercado nacional y en un 3.6% en el internacional.<\/p>\n\n\n\n<p class=\"wp-block-paragraph\">Al respecto Juan Carlos Zuazua, Director General de Viva Aerob\u00fas, nos dijo: \u201cel tr\u00e1fico del mes de julio fue robusto, reflejando una buena demanda durante la temporada de verano en nuestros mercados. Las tendencias de reservaci\u00f3n permanecen positivas para el siguiente par de meses, impulsadas por los s\u00f3lidos fundamentales del mercado mexicano. Nos mantenemos cauteloso y estamos monitoreando de cerca nuestras operaciones, ya que continuamos dejando aviones en tierra dada la crisis de los llamados a revisi\u00f3n de los motores de Pratt &amp; Whitney\u201d, mencion\u00f3.<\/p>\n\n\n\n<p class=\"wp-block-paragraph\"><a href=\"mailto:loscapitales@yahoo.com.mx\" target=\"_blank\" rel=\"noreferrer noopener\">loscapitales@yahoo.com.mx<\/a><\/p>\n\n\n\n<p class=\"wp-block-paragraph\"><a href=\"http:\/\/www.agendadeinversiones.com.mx\/\" target=\"_blank\" rel=\"noreferrer noopener\">www.agendadeinversiones.com.mx<\/a><\/p>\n\n\n\n<p class=\"wp-block-paragraph\">Twiter: @Edgar4712<\/p>\n","protected":false},"excerpt":{"rendered":"<p>Edgar Gonz\u00e1lez Mart\u00ednez SemM\u00e9xico, Cd. de M\u00e9xico, 2024.- Verdadera angustia vive el sector agropecuario mexicano y mundial, ante los efectos adversos de los fen\u00f3menos climatol\u00f3gicos conocidos como \u201cEl Ni\u00f1o\u201d y \u201cLa Ni\u00f1a\u201d. Mientras el primero afect\u00f3 a M\u00e9xico la primera mitad del a\u00f1o con una terrible sequ\u00eda, el segundo amenaza con inundar el pa\u00eds, haciendo [&hellip;]<\/p>\n","protected":false},"author":3,"featured_media":75979,"comment_status":"open","ping_status":"open","sticky":false,"template":"","format":"standard","meta":{"_monsterinsights_skip_tracking":false,"footnotes":""},"categories":[750,110,35],"tags":[],"class_list":["post-85483","post","type-post","status-publish","format-standard","has-post-thumbnail","category-edgar-gonzalez-martinez","category-la-opinion-columnas","category-opinion"],"_links":{"self":[{"href":"https:\/\/redsemlac.com\/semmexico\/wp-json\/wp\/v2\/posts\/85483","targetHints":{"allow":["GET"]}}],"collection":[{"href":"https:\/\/redsemlac.com\/semmexico\/wp-json\/wp\/v2\/posts"}],"about":[{"href":"https:\/\/redsemlac.com\/semmexico\/wp-json\/wp\/v2\/types\/post"}],"author":[{"embeddable":true,"href":"https:\/\/redsemlac.com\/semmexico\/wp-json\/wp\/v2\/users\/3"}],"replies":[{"embeddable":true,"href":"https:\/\/redsemlac.com\/semmexico\/wp-json\/wp\/v2\/comments?post=85483"}],"version-history":[{"count":0,"href":"https:\/\/redsemlac.com\/semmexico\/wp-json\/wp\/v2\/posts\/85483\/revisions"}],"wp:featuredmedia":[{"embeddable":true,"href":"https:\/\/redsemlac.com\/semmexico\/wp-json\/wp\/v2\/media\/75979"}],"wp:attachment":[{"href":"https:\/\/redsemlac.com\/semmexico\/wp-json\/wp\/v2\/media?parent=85483"}],"wp:term":[{"taxonomy":"category","embeddable":true,"href":"https:\/\/redsemlac.com\/semmexico\/wp-json\/wp\/v2\/categories?post=85483"},{"taxonomy":"post_tag","embeddable":true,"href":"https:\/\/redsemlac.com\/semmexico\/wp-json\/wp\/v2\/tags?post=85483"}],"curies":[{"name":"wp","href":"https:\/\/api.w.org\/{rel}","templated":true}]}}