{"id":85481,"date":"2024-08-12T11:20:59","date_gmt":"2024-08-12T17:20:59","guid":{"rendered":"https:\/\/redsemlac.com\/semmexico\/?p=85481"},"modified":"2024-08-12T11:21:00","modified_gmt":"2024-08-12T17:21:00","slug":"violeta-del-anahuac-el-secuestro","status":"publish","type":"post","link":"https:\/\/redsemlac.com\/semmexico\/violeta-del-anahuac-el-secuestro\/","title":{"rendered":"Violeta del An\u00e1huac| \u201cEl secuestro\u201d"},"content":{"rendered":"\n<p class=\"wp-block-paragraph\">Isabel Ortega Morales<\/p>\n\n\n\n<p class=\"wp-block-paragraph\">SemM\u00e9xico,&nbsp; Tlapa, Guerrero, 12 de agosto, 2024.- No solo se trata del que dice Ismael \u201cel Mayo\u201d Zambada fue objeto por parte del \u201cchapito\u201d y las autoridades estadounidenses, en M\u00e9xico tenemos otros secuestros por ejemplo en el PRI, donde Alejandro Moreno estar\u00e1 hasta el 2028 como dirigente de ese instituto pol\u00edtico, con m\u00e1s del 97 por ciento del respaldo de las y los Consejeros pol\u00edticos.<\/p>\n\n\n\n<p class=\"wp-block-paragraph\">El Presidente de M\u00e9xico, Andr\u00e9s Manuel L\u00f3pez Obrador, tambi\u00e9n tiene la mano en varios temas de esa \u00edndole, desde querer quedarse con los \u00f3rganos aut\u00f3nomos que representan conquistas ciudadanas, democr\u00e1ticas, hasta decidir qu\u00e9 debe hacer la virtual Presidenta Electa en su pr\u00f3ximo gabinete.<\/p>\n\n\n\n<p class=\"wp-block-paragraph\">El secuestro es grave, es un delito que irrumpe la estabilidad social, emocional, patrimonial de la ciudadan\u00eda, pero no deja de ser menos grave el secuestro de institutos como la de Derechos Humanos o el INE que han sido omisas en la responsabilidad democr\u00e1tica que tienen en sus manos.<\/p>\n\n\n\n<p class=\"wp-block-paragraph\">Qu\u00e9 valor tendr\u00e1 la vida cuando se van cercenando desde las instituciones derechos y garant\u00edas?<\/p>\n\n\n\n<p class=\"wp-block-paragraph\">Qu\u00e9 puede defender la ciudadan\u00eda se le han ido secuestrando espacios para poder desarrollar sus capacidades y talentos?<\/p>\n\n\n\n<p class=\"wp-block-paragraph\">Y ahora, dos c\u00e1maras que han secuestrado equilibrios para mantener una equilibrada representaci\u00f3n ciudadana en sus espacios de decisi\u00f3n y ser un real contrapeso pol\u00edtico que permita a la vida democr\u00e1tica estar representada.<\/p>\n\n\n\n<p class=\"wp-block-paragraph\">Tendremos a\u00fan otros secuestros que negocien las relaciones internas y nos muestren que la corrupci\u00f3n tiene una dimensi\u00f3n m\u00e1s grande que la que podamos imaginar cuando empiecen a salir nombres de la garganta de dos personajes que no est\u00e1n en manos de mexicanos?<\/p>\n\n\n\n<p class=\"wp-block-paragraph\">El secuestro de la libertad, el secuestro de los fideicomisos, el secuestro de las estancias infantiles, el secuestro del deporte, el secuestro de la cultura nos muestran un desastre a menos de dos meses de que concluya un periodo de gobierno federal que sembr\u00f3 una gran expectativa y uso la infraestructura y el recurso econ\u00f3mico de un gobierno para intentar perpetuar su nombre a costa de la estabilidad de un pa\u00eds que tambi\u00e9n, tiene secuestrado.<\/p>\n","protected":false},"excerpt":{"rendered":"<p>Isabel Ortega Morales SemM\u00e9xico,&nbsp; Tlapa, Guerrero, 12 de agosto, 2024.- No solo se trata del que dice Ismael \u201cel Mayo\u201d Zambada fue objeto por parte del \u201cchapito\u201d y las autoridades estadounidenses, en M\u00e9xico tenemos otros secuestros por ejemplo en el PRI, donde Alejandro Moreno estar\u00e1 hasta el 2028 como dirigente de ese instituto pol\u00edtico, con [&hellip;]<\/p>\n","protected":false},"author":3,"featured_media":38368,"comment_status":"open","ping_status":"open","sticky":false,"template":"","format":"standard","meta":{"_monsterinsights_skip_tracking":false,"footnotes":""},"categories":[198,35,197],"tags":[],"class_list":["post-85481","post","type-post","status-publish","format-standard","has-post-thumbnail","category-isabel-ortega-morales","category-opinion","category-violeta-del-anahuac"],"_links":{"self":[{"href":"https:\/\/redsemlac.com\/semmexico\/wp-json\/wp\/v2\/posts\/85481","targetHints":{"allow":["GET"]}}],"collection":[{"href":"https:\/\/redsemlac.com\/semmexico\/wp-json\/wp\/v2\/posts"}],"about":[{"href":"https:\/\/redsemlac.com\/semmexico\/wp-json\/wp\/v2\/types\/post"}],"author":[{"embeddable":true,"href":"https:\/\/redsemlac.com\/semmexico\/wp-json\/wp\/v2\/users\/3"}],"replies":[{"embeddable":true,"href":"https:\/\/redsemlac.com\/semmexico\/wp-json\/wp\/v2\/comments?post=85481"}],"version-history":[{"count":0,"href":"https:\/\/redsemlac.com\/semmexico\/wp-json\/wp\/v2\/posts\/85481\/revisions"}],"wp:featuredmedia":[{"embeddable":true,"href":"https:\/\/redsemlac.com\/semmexico\/wp-json\/wp\/v2\/media\/38368"}],"wp:attachment":[{"href":"https:\/\/redsemlac.com\/semmexico\/wp-json\/wp\/v2\/media?parent=85481"}],"wp:term":[{"taxonomy":"category","embeddable":true,"href":"https:\/\/redsemlac.com\/semmexico\/wp-json\/wp\/v2\/categories?post=85481"},{"taxonomy":"post_tag","embeddable":true,"href":"https:\/\/redsemlac.com\/semmexico\/wp-json\/wp\/v2\/tags?post=85481"}],"curies":[{"name":"wp","href":"https:\/\/api.w.org\/{rel}","templated":true}]}}