{"id":85478,"date":"2024-08-12T11:14:32","date_gmt":"2024-08-12T17:14:32","guid":{"rendered":"https:\/\/redsemlac.com\/semmexico\/?p=85478"},"modified":"2024-08-12T11:14:32","modified_gmt":"2024-08-12T17:14:32","slug":"tras-la-puerta-del-poder-el-chapito-se-chamaqueo-al-mayo","status":"publish","type":"post","link":"https:\/\/redsemlac.com\/semmexico\/tras-la-puerta-del-poder-el-chapito-se-chamaqueo-al-mayo\/","title":{"rendered":"Tras la puerta del poder| \u00bfEl Chapito se \u201cchamaque\u00f3\u201d al Mayo?"},"content":{"rendered":"\n<p class=\"wp-block-paragraph\">Roberto Vizca\u00edno<\/p>\n\n\n\n<p class=\"wp-block-paragraph\">SemM\u00e9xico, Cd. de M\u00e9xico, 12 de agosto, 2024.- La carta p\u00fablica de\u00a0<strong>Ismael \u201c<em>El Mayo<\/em>\u201d Zambada<\/strong>, y la explicaci\u00f3n del embajador de EU en M\u00e9xico,\u00a0<strong>Ken Salazar<\/strong>\u00a0dada a medios informativos tienen un solo e impecable como contundente eje narrativo:<\/p>\n\n\n\n<p class=\"wp-block-paragraph\">&#8211;&nbsp;&nbsp;&nbsp;&nbsp;&nbsp;&nbsp;&nbsp;Todo fue sorpresivo. No hubo ninguna negociaci\u00f3n previa entre \u201cEl Chapito\u201d y EU. &nbsp;<\/p>\n\n\n\n<p class=\"wp-block-paragraph\">&#8211;&nbsp;&nbsp;&nbsp;&nbsp;&nbsp;&nbsp;&nbsp;<strong>Joaqu\u00edn&nbsp;<em>El Chapito<\/em>&nbsp;Guzm\u00e1n L\u00f3pez<\/strong>&nbsp;se entreg\u00f3 a la Justicia norteamericana y en ese mismo acto les \u201cregal\u00f3\u201d, atado de pies y manos, al&nbsp;<strong><em>Mayo<\/em>&nbsp;Zambada<\/strong>&nbsp;uno capos por el que EU daba 15 millones de d\u00f3lares a quien informara de su paradero.<\/p>\n\n\n\n<p class=\"wp-block-paragraph\">&#8211;&nbsp;&nbsp;&nbsp;&nbsp;&nbsp;&nbsp;&nbsp;<strong>En esa captura y rendici\u00f3n no intervinieron agentes ni ninguna agencia de EU.<\/strong><\/p>\n\n\n\n<p class=\"wp-block-paragraph\">Hasta aqu\u00ed lo que inform\u00f3 a los medios el capo coincide con lo explicado por el embajador a medios informativos.<\/p>\n\n\n\n<p class=\"wp-block-paragraph\">Lo adicional de&nbsp;<strong><em>El Mayo<\/em><\/strong>&nbsp;es explosivo:<\/p>\n\n\n\n<p class=\"wp-block-paragraph\">&#8211;&nbsp;&nbsp;&nbsp;&nbsp;&nbsp;&nbsp;&nbsp;<strong><em>El Chapito<\/em><\/strong>&nbsp;lo busc\u00f3 y le pidi\u00f3 mediar en un diferendo entre el gobernador de Sinaloa el morenista&nbsp;<strong>Rub\u00e9n Rocha Moya<\/strong>&nbsp;y el diputado electo&nbsp;<strong>H\u00e9ctor Melesio Cue.<\/strong><\/p>\n\n\n\n<p class=\"wp-block-paragraph\">&#8211;&nbsp;&nbsp;&nbsp;&nbsp;&nbsp;&nbsp;&nbsp;Todos se encontrar\u00edan en un rancho en Culiac\u00e1n donde, explica&nbsp;<strong><em>El Mayo<\/em><\/strong>, fue inesperadamente sometido por seis sujetos para luego ser subido al avi\u00f3n en que lo llevaron a un aeropuerto cercano a El Paso, Texas, para ser entregado a EU. En ese rancho, afirma el capo, fue asesinado el diputado&nbsp;<strong>Cue<\/strong>.<\/p>\n\n\n\n<p class=\"wp-block-paragraph\">Se dice que&nbsp;<strong><em>El Mayo<\/em><\/strong>&nbsp;acept\u00f3 ir a ese rancho a mediar entre los 2 pol\u00edticos&nbsp;<strong><em>porque manten\u00eda una buena relaci\u00f3n con ambos<\/em><\/strong>. Eso era conocido por&nbsp;<strong><em>El Chapito<\/em><\/strong>&nbsp;y fue aprovechado para tenderle la celada a&nbsp;<strong><em>El Mayo<\/em><\/strong>&nbsp;quien no sospech\u00f3 que ser\u00eda capturado por otro capo.<\/p>\n\n\n\n<p class=\"wp-block-paragraph\"><strong>Rocha Moya<\/strong>, quien recibi\u00f3&nbsp;<strong><em>muy convenientemente<\/em><\/strong>&nbsp;el fin de semana en Sinaloa al presidente&nbsp;<strong>Andr\u00e9s Manuel L\u00f3pez Obrador<\/strong>&nbsp;y a la electa Claudia Sheinbaum no neg\u00f3 su cercan\u00eda con&nbsp;<strong><em>El Mayo<\/em><\/strong>, pero si haber participado en el complot para capturarlo y llevarlo a EU. De eso afirm\u00f3 no saber nada. Y dijo que \u00e9l ni estaba en M\u00e9xico ese d\u00eda, sino en Los \u00c1ngeles, California en un viaje familiar.<\/p>\n\n\n\n<p class=\"wp-block-paragraph\">Todo este&nbsp;<strong><em>affaire<\/em><\/strong>&nbsp;apenas comienza. Es obvio que las declaraciones d<strong><em>el capo<\/em><\/strong>&nbsp;capturado&nbsp;<em>al m\u00e1s puro estilo del viejo oeste<\/em>, por un&nbsp;<em>caza recompensas<\/em>&nbsp;(o beneficios para \u00e9l y su hermano&nbsp;<strong>Ovidio<\/strong>) tendr\u00e1n ampliaciones y pronto sabremos m\u00e1s de c\u00f3mo y por qu\u00e9, cuando ocurrieron los hechos.<\/p>\n\n\n\n<p class=\"wp-block-paragraph\">Y uno de los puntos sensibles es la relaci\u00f3n de&nbsp;<strong><em>El Mayo<\/em><\/strong>&nbsp;con el gobernador&nbsp;<strong>Rocha Moya<\/strong>&nbsp;a quienes los hechos y los dichos afirman ayud\u00f3 a ganar la gubernatura de Sinaloa.<\/p>\n\n\n\n<p class=\"wp-block-paragraph\">Y sabremos igual cu\u00e1l era la relaci\u00f3n y arreglos del mandatario estatal de Morena con los hijos de&nbsp;<strong><em>El Chapo<\/em>&nbsp;Guzm\u00e1n<\/strong>, y especialmente con&nbsp;<strong>Joaqu\u00edn&nbsp;<em>El Chapito<\/em>&nbsp;Guzm\u00e1n L\u00f3pez.<\/strong><\/p>\n\n\n\n<p class=\"wp-block-paragraph\">De c\u00f3mo opera la relaci\u00f3n gobernantes y pol\u00edticos con los jefes del narcotr\u00e1fico en M\u00e9xico.<\/p>\n\n\n\n<p class=\"wp-block-paragraph\">Sin duda eso abrir\u00e1 o fortalecer\u00e1 expedientes de la DEA, de otras agencias de EU contra algunos pol\u00edticos mexicanos.<\/p>\n\n\n\n<p class=\"wp-block-paragraph\">Al final&nbsp;<strong><em>El Mayo<\/em><\/strong>&nbsp;ya comenz\u00f3 a hablar. Ya no tiene qu\u00e9 perder luego de haberlo perdido todo cuando fue entregado a EU por&nbsp;<strong><em>El Chapito<\/em><\/strong>.<\/p>\n\n\n\n<p class=\"wp-block-paragraph\">Su necesidad de explicar su desgracia, lo llevar\u00e1 a hacer p\u00fablicos y confirmar muchos de los supuestos que corren entre los mexicanos.<\/p>\n\n\n\n<p class=\"wp-block-paragraph\">Quiz\u00e1 hasta sabremos si es cierto o no que el presidente&nbsp;<strong>Andr\u00e9s Manuel L\u00f3pez Obrador<\/strong>&nbsp;fue un beneficiario del financiamiento y operaci\u00f3n electoral del Cartel de Sinaloa, como otros testigos protegidos han revelado y&nbsp;<strong>AMLO&nbsp;<\/strong>negado.<\/p>\n\n\n\n<p class=\"wp-block-paragraph\">Ya veremos, no comamos ansias dec\u00eda mi sabia abuela, esto apenas comienza.<\/p>\n\n\n\n<p class=\"wp-block-paragraph\"><strong>CONFORME A SU GUI\u00d3N,&nbsp;<em>\u201cALITO\u201d<\/em>&nbsp;QUED\u00d3 REELECTO<\/strong><\/p>\n\n\n\n<p class=\"wp-block-paragraph\">Todo en su historia se ha confirmado. No hay sorpresas. Lo ocurrido ayer en el PRI para la primera reelecci\u00f3n de&nbsp;<strong>Alejandro&nbsp;<em>Alito<\/em>&nbsp;Moreno<\/strong>&nbsp;al frente del institucional qued\u00f3 debidamente tramitado y sellado ante Notarios P\u00fablicos.<\/p>\n\n\n\n<p class=\"wp-block-paragraph\">Y ante la frustraci\u00f3n de sus opositores y sus detractores, el primero de estos \u00faltimos el diario Reforma el cual a pesar de todas sus planas y notas de ocho destinadas a da\u00f1arlo no logr\u00f3 hacerle la menor mella.<\/p>\n\n\n\n<p class=\"wp-block-paragraph\"><strong><em>Alito<\/em><\/strong>&nbsp;no se ha salido de su script ideado y construido por \u00e9l mismo y avalado por sus aliados internos, beneficiarios tambi\u00e9n de esta reelecci\u00f3n, y ahora de nuevo ante la validaci\u00f3n por el INE y el Tribunal Electoral.<\/p>\n\n\n\n<p class=\"wp-block-paragraph\">Va a ser dif\u00edcil que lo desconozcan, porque -por lo que se ve-, ha cumplido con todo el debido proceso.<\/p>\n\n\n\n<p class=\"wp-block-paragraph\">No deja de ser sorprendente ver c\u00f3mo todo su juego y su liderazgo provocan una reacci\u00f3n casi obsesiva entre sus opositores internos y sus detractores externos, entre ellos Reforma, connotados columnistas y conductores sobresalientes de informativos de la radio quienes asumen las victorias y logros de&nbsp;<strong><em>Alito<\/em><\/strong>&nbsp;como si fuesen graves ofensas personales para ellos. &nbsp;<\/p>\n\n\n\n<p class=\"wp-block-paragraph\"><strong><em>Pos qu\u00e9 les deber\u00e1 t\u00fa<\/em><\/strong>\u2026 por que se enojar\u00e1n tanto de que se reelija en un partido que ya no es ni la sombra de lo que fue.<\/p>\n\n\n\n<p class=\"wp-block-paragraph\"><strong>LA INTENCI\u00d3N ES QUE AMLO LA PROMULGUE: MONREAL<\/strong><\/p>\n\n\n\n<p class=\"wp-block-paragraph\">Ya terminaron los foros y ya se escuch\u00f3 a todos, y hoy lo esencial de la Reforma al Poder Judicial, es conocido por las mayor\u00edas en el pa\u00eds, indic\u00f3&nbsp;<strong>Ricardo Monreal<\/strong>, coordinador de Morena en el Senado y quien lo ser\u00e1 en la siguiente legislatura de los diputados federales de este mismo partido en San L\u00e1zaro.<\/p>\n\n\n\n<p class=\"wp-block-paragraph\">As\u00ed que apenas se inicie el per\u00edodo legislativo entrar\u00e1 a su debate interno y aprobaci\u00f3n, para que luego pase al Senado y de ah\u00ed a la aprobaci\u00f3n de al menos 17 legislaturas estatales -lo cual no tendr\u00e1 problema ni retraso alguno porque Morena y aliados son mayor\u00eda en al menos 25 congresos locales- y regrese aprobada para ser promulgada, publicada en el Diario Oficial, por el propio presidente&nbsp;<strong>L\u00f3pez Obrador<\/strong>.<\/p>\n\n\n\n<p class=\"wp-block-paragraph\">Para el zacatecano Monreal, todo esto no debe provocar extra\u00f1eza porque el presidente&nbsp;<strong>L\u00f3pez Obrador<\/strong>&nbsp;fue quien la present\u00f3 y quien la impuls\u00f3, y ser\u00e1 quien la haga realidad antes de entregar el Poder a su sucesora&nbsp;<strong>Claudia Sheinbaum<\/strong>.<\/p>\n\n\n\n<p class=\"wp-block-paragraph\">As\u00ed de simple y de directo, se\u00f1al\u00f3.<\/p>\n\n\n\n<p class=\"wp-block-paragraph\">\u2026 \/ Twitter: @_Vizcaino \/ Facebook<\/p>\n\n\n\n<p class=\"wp-block-paragraph\">\/&nbsp;<a href=\"https:\/\/www.facebook.com\/rvizcainoa\" target=\"_blank\" rel=\"noreferrer noopener\">https:\/\/www.facebook.com\/rvizcainoa<\/a><\/p>\n","protected":false},"excerpt":{"rendered":"<p>Roberto Vizca\u00edno SemM\u00e9xico, Cd. de M\u00e9xico, 12 de agosto, 2024.- La carta p\u00fablica de\u00a0Ismael \u201cEl Mayo\u201d Zambada, y la explicaci\u00f3n del embajador de EU en M\u00e9xico,\u00a0Ken Salazar\u00a0dada a medios informativos tienen un solo e impecable como contundente eje narrativo: &#8211;&nbsp;&nbsp;&nbsp;&nbsp;&nbsp;&nbsp;&nbsp;Todo fue sorpresivo. No hubo ninguna negociaci\u00f3n previa entre \u201cEl Chapito\u201d y EU. &nbsp; &#8211;&nbsp;&nbsp;&nbsp;&nbsp;&nbsp;&nbsp;&nbsp;Joaqu\u00edn&nbsp;El Chapito&nbsp;Guzm\u00e1n [&hellip;]<\/p>\n","protected":false},"author":3,"featured_media":39589,"comment_status":"open","ping_status":"open","sticky":false,"template":"","format":"standard","meta":{"_monsterinsights_skip_tracking":false,"footnotes":""},"categories":[35,623,622],"tags":[],"class_list":["post-85478","post","type-post","status-publish","format-standard","has-post-thumbnail","category-opinion","category-roberto-vizcaino","category-tras-la-puerta-del-poder"],"_links":{"self":[{"href":"https:\/\/redsemlac.com\/semmexico\/wp-json\/wp\/v2\/posts\/85478","targetHints":{"allow":["GET"]}}],"collection":[{"href":"https:\/\/redsemlac.com\/semmexico\/wp-json\/wp\/v2\/posts"}],"about":[{"href":"https:\/\/redsemlac.com\/semmexico\/wp-json\/wp\/v2\/types\/post"}],"author":[{"embeddable":true,"href":"https:\/\/redsemlac.com\/semmexico\/wp-json\/wp\/v2\/users\/3"}],"replies":[{"embeddable":true,"href":"https:\/\/redsemlac.com\/semmexico\/wp-json\/wp\/v2\/comments?post=85478"}],"version-history":[{"count":0,"href":"https:\/\/redsemlac.com\/semmexico\/wp-json\/wp\/v2\/posts\/85478\/revisions"}],"wp:featuredmedia":[{"embeddable":true,"href":"https:\/\/redsemlac.com\/semmexico\/wp-json\/wp\/v2\/media\/39589"}],"wp:attachment":[{"href":"https:\/\/redsemlac.com\/semmexico\/wp-json\/wp\/v2\/media?parent=85478"}],"wp:term":[{"taxonomy":"category","embeddable":true,"href":"https:\/\/redsemlac.com\/semmexico\/wp-json\/wp\/v2\/categories?post=85478"},{"taxonomy":"post_tag","embeddable":true,"href":"https:\/\/redsemlac.com\/semmexico\/wp-json\/wp\/v2\/tags?post=85478"}],"curies":[{"name":"wp","href":"https:\/\/api.w.org\/{rel}","templated":true}]}}