{"id":85469,"date":"2024-08-11T17:07:24","date_gmt":"2024-08-11T23:07:24","guid":{"rendered":"https:\/\/redsemlac.com\/semmexico\/?p=85469"},"modified":"2024-08-11T17:07:25","modified_gmt":"2024-08-11T23:07:25","slug":"todo-el-dia-hablan-de-nosotros-carolina-viggiano-candidata-a-secretaria-del-pri","status":"publish","type":"post","link":"https:\/\/redsemlac.com\/semmexico\/todo-el-dia-hablan-de-nosotros-carolina-viggiano-candidata-a-secretaria-del-pri\/","title":{"rendered":"Todo el d\u00eda hablan de nosotros: Carolina Viggiano, candidata a secretaria del PRI"},"content":{"rendered":"\n<p class=\"wp-block-paragraph\">La candidata a secretaria general del tricolor dice que el partido debe hacer una verdadera autocr\u00edtica<\/p>\n\n\n\n<p class=\"wp-block-paragraph\">Carolina Viggiano, candidata a secretaria del PRI Foto: Cortes\u00eda \/ Cuartoscuro<\/p>\n\n\n\n<p class=\"wp-block-paragraph\">La candidata a secretaria general del tricolor dice que el partido debe hacer una verdadera autocr\u00edtica<\/p>\n\n\n\n<p class=\"wp-block-paragraph\">Rafael Ram\u00edrez<\/p>\n\n\n\n<p class=\"wp-block-paragraph\">SemM\u00e9xico\/ El Sol de M\u00e9xico, Cd. de M\u00e9xico, 11 de agosto,2024.- Carolina Viggiano&nbsp;acepta las cr\u00edticas al&nbsp;Partido Revolucionario Institucional (PRI), un instituto pol\u00edtico que siempre est\u00e1 bajo el escrutinio p\u00fablico, m\u00e1s que los otros partidos. Por eso, la candidata&nbsp;a la Secretar\u00eda General&nbsp;del tricolor dice que todos hablan de ellos.<\/p>\n\n\n\n<p class=\"wp-block-paragraph\">\u201cNos dicen que nos sacan el acta de defunci\u00f3n, pero todo el d\u00eda hablan de nosotros\u201d, dice en entrevista con El Sol de M\u00e9xico la compa\u00f1era de f\u00f3rmula de&nbsp;Alejandro Alito Moreno, quien busca repetir como presidente nacional del partido.<\/p>\n\n\n\n<p class=\"wp-block-paragraph\">Este domingo el&nbsp;PRI&nbsp;realiza su asamblea donde sus delegados elegir\u00e1n a su nueva dirigencia nacional, un proceso cuestionado por personajes como&nbsp;Manlio Fabio Beltrones, Dulce Mar\u00eda Sauri o Aurelio Nu\u00f1o, porque Alejandro Moreno C\u00e1rdenas, pretende mantenerse en el cargo. La otra candidata es Lorena Pi\u00f1\u00f3n.<\/p>\n\n\n\n<p class=\"wp-block-paragraph\">\u00bfC\u00f3mo ve el ambiente para la elecci\u00f3n del domingo despu\u00e9s de las cr\u00edticas que ha habido?<\/p>\n\n\n\n<p class=\"wp-block-paragraph\">Sin duda las cr\u00edticas siempre ser\u00e1n bienvenidas porque nos obligan a ser mejores. Nos hacen revisar todos nuestros pasos de manera minuciosa y yo siempre estar\u00e9 abierta a ellas, a las cr\u00edticas, a las propuestas.<\/p>\n\n\n\n<p class=\"wp-block-paragraph\">Somos un partido que siempre ha estado bajo el escrutinio p\u00fablico, no as\u00ed lo est\u00e1n otros partidos. De nosotros nos dicen que nos sacan el acta de defunci\u00f3n pero todo el d\u00eda hablan de nosotros. Y los dem\u00e1s partidos, pues tienen dirigentes de hace muchas d\u00e9cadas y nadie habla de esos partidos.<\/p>\n\n\n\n<p class=\"wp-block-paragraph\">\u00bfQu\u00e9 sigue?&nbsp;Para nosotros es el inter\u00e9s de la poblaci\u00f3n, porque pues hablan del&nbsp;PRI&nbsp;y eso nos lleva en esta etapa, pues a ponerle mucho empe\u00f1o, muchas ganas.<\/p>\n\n\n\n<p class=\"wp-block-paragraph\">\u00bfC\u00f3mo le van a hacer para reconstruir al PRI despu\u00e9s de este proceso electoral en el que el oficialismo gan\u00f3 pr\u00e1cticamente todo?<\/p>\n\n\n\n<figure class=\"wp-block-image size-full\"><a href=\"https:\/\/redsemlac.com\/semmexico\/wp-content\/uploads\/2024\/08\/carolina-viggiano-02.jpg\"><img loading=\"lazy\" decoding=\"async\" width=\"720\" height=\"480\" src=\"https:\/\/redsemlac.com\/semmexico\/wp-content\/uploads\/2024\/08\/carolina-viggiano-02.jpg\" alt=\"\" class=\"wp-image-85471\"\/><\/a><\/figure>\n\n\n\n<p class=\"wp-block-paragraph\">Alejandro Moreno va en f\u00f3rmula con Carolina Viggiano. Foto: @alitomorenoc<\/p>\n\n\n\n<p class=\"wp-block-paragraph\">Nosotros estamos estimulados porque los 6.6 millones de&nbsp;votos&nbsp;que obtuvimos son&nbsp;votos&nbsp;limpios, son votos que fueron por su propio pie, por su voluntad. Estamos haciendo nuestras propias investigaciones para saber qu\u00e9 los hizo votar por nosotros, para poder fortalecer mejor nuestra oferta, nuestro mensaje y para reconquistar a quienes se fueron.<\/p>\n\n\n\n<p class=\"wp-block-paragraph\">Tenemos que hacer sin duda una autocr\u00edtica con mucha humildad, tenemos que romper paradigmas tambi\u00e9n y hablar las cosas por su nombre, ponerle el nombre que le corresponde a cada cosa, porque creo que esto es lo que hab\u00edamos evitado hacer durante todo este tiempo y que desde el 2000 debimos obligarlos a hacer una introspecci\u00f3n profunda.<\/p>\n\n\n\n<p class=\"wp-block-paragraph\">Nuestro problema es&nbsp;estructural, no es un problema de personas completamente, creo que el peque\u00f1o periodo en el que estuvimos como gobierno, de 2012 a 2018, perdimos una gran oportunidad de reconstruirnos como un partido en una \u00e9poca contempor\u00e1nea.<\/p>\n\n\n\n<figure class=\"wp-block-image size-full\"><a href=\"https:\/\/redsemlac.com\/semmexico\/wp-content\/uploads\/2024\/08\/carolina-viggiano-03.jpg\"><img loading=\"lazy\" decoding=\"async\" width=\"720\" height=\"480\" src=\"https:\/\/redsemlac.com\/semmexico\/wp-content\/uploads\/2024\/08\/carolina-viggiano-03.jpg\" alt=\"\" class=\"wp-image-85470\"\/><\/a><\/figure>\n\n\n\n<p class=\"wp-block-paragraph\">La candidata al Senado de la Rep\u00fablica, Carolina Viggiano Austria recorri\u00f3 el municipio de Tepeji del R\u00edo \/ Cortes\u00eda candidata<\/p>\n\n\n\n<p class=\"wp-block-paragraph\">\u00bfQu\u00e9 opina de este bloque que se est\u00e1 formando de opositores al interior del partido, entre ellos exdirigentes nacionales del partido?<\/p>\n\n\n\n<p class=\"wp-block-paragraph\">Si hay cr\u00edticos respecto del partido, son bienvenidos. Vamos a tener en los pr\u00f3ximos meses una asamblea que va a ser estrictamente para revisar nuestra identidad, nuestro programa de acci\u00f3n, es decir,&nbsp;vamos al fondo.<\/p>\n\n\n\n<p class=\"wp-block-paragraph\">Entonces, ah\u00ed es donde necesitamos decidir, porque esas voces puedan nutrir lo que debe hacerse en el partido y pienso que muchos de los compa\u00f1eros que han sido cr\u00edticos, pues han sido parte de una era neoliberal que nos ha hecho da\u00f1o y tenemos que reconocer tambi\u00e9n que no fueron lo mejor.<\/p>\n\n\n\n<p class=\"wp-block-paragraph\">\u00bfTeme una desbandada de cara a la creaci\u00f3n de nuevos partidos?<\/p>\n\n\n\n<p class=\"wp-block-paragraph\">Sin duda es un pa\u00eds de libertades, la gente puede estar donde se sienta representada, lo que yo quisiera es que no fuera un asunto de espejismos o un tema simplemente de moda. Aqu\u00ed s\u00ed necesitamos pensar con mucha seriedad el modelo de pa\u00eds que queremos, sobre un sistema democr\u00e1tico o que realmente abone a mejorar las condiciones de vida de la gente.<\/p>\n\n\n\n<p class=\"wp-block-paragraph\">\u00bfQu\u00e9 opina de lo que dijo Aurelio Nu\u00f1o, de que la reelecci\u00f3n de Alito Moreno ser\u00eda ponerle el \u00faltimo clavo al PRI?<\/p>\n\n\n\n<p class=\"wp-block-paragraph\">Obviamente no coincido, \u00e9l est\u00e1 en todo su derecho de emitir las opiniones que quiera. Creo que su voz cr\u00edtica nos hubiera hecho mucha falta todo este sexenio que no estuvo aqu\u00ed, estuvo en Estados Unidos.<\/p>\n\n\n\n<p class=\"wp-block-paragraph\">Nos hubiera ayudado mucho.<\/p>\n\n\n\n<p class=\"wp-block-paragraph\">\u00bfQu\u00e9 espera del pr\u00f3ximo domingo?<\/p>\n\n\n\n<p class=\"wp-block-paragraph\">Yo espero una asamblea que se manifieste libremente. La promesa de Alejandro, y yo la respaldo tambi\u00e9n, es hacer cambios importantes en el partido. Creo que esa va a ser nuestra tarea y a eso vamos a estar obligados estos a\u00f1os.<\/p>\n","protected":false},"excerpt":{"rendered":"<p>La candidata a secretaria general del tricolor dice que el partido debe hacer una verdadera autocr\u00edtica Carolina Viggiano, candidata a secretaria del PRI Foto: Cortes\u00eda \/ Cuartoscuro La candidata a secretaria general del tricolor dice que el partido debe hacer una verdadera autocr\u00edtica Rafael Ram\u00edrez SemM\u00e9xico\/ El Sol de M\u00e9xico, Cd. de M\u00e9xico, 11 de [&hellip;]<\/p>\n","protected":false},"author":3,"featured_media":85472,"comment_status":"open","ping_status":"open","sticky":false,"template":"","format":"standard","meta":{"_monsterinsights_skip_tracking":false,"footnotes":""},"categories":[903],"tags":[],"class_list":["post-85469","post","type-post","status-publish","format-standard","has-post-thumbnail","category-presidenta-y-mas"],"_links":{"self":[{"href":"https:\/\/redsemlac.com\/semmexico\/wp-json\/wp\/v2\/posts\/85469","targetHints":{"allow":["GET"]}}],"collection":[{"href":"https:\/\/redsemlac.com\/semmexico\/wp-json\/wp\/v2\/posts"}],"about":[{"href":"https:\/\/redsemlac.com\/semmexico\/wp-json\/wp\/v2\/types\/post"}],"author":[{"embeddable":true,"href":"https:\/\/redsemlac.com\/semmexico\/wp-json\/wp\/v2\/users\/3"}],"replies":[{"embeddable":true,"href":"https:\/\/redsemlac.com\/semmexico\/wp-json\/wp\/v2\/comments?post=85469"}],"version-history":[{"count":0,"href":"https:\/\/redsemlac.com\/semmexico\/wp-json\/wp\/v2\/posts\/85469\/revisions"}],"wp:featuredmedia":[{"embeddable":true,"href":"https:\/\/redsemlac.com\/semmexico\/wp-json\/wp\/v2\/media\/85472"}],"wp:attachment":[{"href":"https:\/\/redsemlac.com\/semmexico\/wp-json\/wp\/v2\/media?parent=85469"}],"wp:term":[{"taxonomy":"category","embeddable":true,"href":"https:\/\/redsemlac.com\/semmexico\/wp-json\/wp\/v2\/categories?post=85469"},{"taxonomy":"post_tag","embeddable":true,"href":"https:\/\/redsemlac.com\/semmexico\/wp-json\/wp\/v2\/tags?post=85469"}],"curies":[{"name":"wp","href":"https:\/\/api.w.org\/{rel}","templated":true}]}}