{"id":85456,"date":"2024-08-11T14:14:39","date_gmt":"2024-08-11T20:14:39","guid":{"rendered":"https:\/\/redsemlac.com\/semmexico\/?p=85456"},"modified":"2024-08-11T14:15:02","modified_gmt":"2024-08-11T20:15:02","slug":"mujer-y-poder-sigue-la-lucha-ciudadana-este-domingoen-el-ine","status":"publish","type":"post","link":"https:\/\/redsemlac.com\/semmexico\/mujer-y-poder-sigue-la-lucha-ciudadana-este-domingoen-el-ine\/","title":{"rendered":"Mujer y Poder| Sigue la lucha Ciudadana: este Domingo\u2026en el INE"},"content":{"rendered":"\n<p class=\"wp-block-paragraph\">&nbsp;&nbsp;&nbsp;&nbsp;&nbsp; *Natalia Vidales de Bitterlin<\/p>\n\n\n\n<p class=\"wp-block-paragraph\">SemM\u00e9xico, Cd. de M\u00e9xico, 11 de agosto, 2024.- Sin duda, el grueso de la poblaci\u00f3n desconoce -desafortunadamente- el significado de la sobrerrepresentaci\u00f3n del partido del gobierno, Morena, en el Congreso. Pero, en pocas palabras, significa que\u00a0 a los votos obtenidos de la ciudadan\u00eda\u00a0 por la oposici\u00f3n en las urnas\u00a0 legislativas del dos de junio ( y que fue del 45% del total) \u00a0le corresponda ese porcentaje\u00a0 de asientos en el Congreso; y no una hegemon\u00eda para Morena ( que obtuvo el 54%) pero que exige \u2013y est\u00e1 a punto de lograr&#8211;\u00a0 el 75%. \u00a0\u00a0\u00a0\u00a0\u00a0<\/p>\n\n\n\n<p class=\"wp-block-paragraph\">Es dif\u00edcil para el ciudadano \u00a8de a pie\u00a8 entender la complejidad de la distribuci\u00f3n legislativa -por m\u00e1s &nbsp;que circule informaci\u00f3n al respecto-. Eso es complicado, pero lo que es muy f\u00e1cil de captar es el da\u00f1o que a todos causar\u00e1 -no solo a los conocedores del tema- esta indebida distribuci\u00f3n de las curules.&nbsp; Todos seremos afectados.<\/p>\n\n\n\n<p class=\"wp-block-paragraph\">A punto estamos de que nuestro querido pa\u00eds sea cooptado en sus libertades y se convierta, s\u00ed, en otro Venezuela\u2026con todo y las atrocidades e ilegalidades que vemos est\u00e1n sucediendo en ese pa\u00eds donde sus habitantes hacen hoy hasta lo imposible por defender el ataque a los derechos humanos que impunemente realiza el dictador Nicol\u00e1s Maduro.<\/p>\n\n\n\n<p class=\"wp-block-paragraph\">En M\u00e9xico tenemos todav\u00eda tres poderes que funcionan&nbsp; -el Ejecutivo, el&nbsp; Legislativo y el Judicial-&nbsp; y que hacen posible vivir en un estado garantista &nbsp;y democr\u00e1tico; pero el Legislativo est\u00e1 a punto de convertirse en un despacho al servicio &nbsp;del Ejecutivo y el Judicial ser\u00e1 puesto tambi\u00e9n a su disposici\u00f3n, en vez de que ambos velen por los derechos de los ciudadanos. &nbsp;&nbsp;&nbsp;<\/p>\n\n\n\n<p class=\"wp-block-paragraph\">Pese a los intentos por un gobierno aut\u00f3crata, en que &nbsp;el presidente Andr\u00e9s Manuel L\u00f3pez Obrador est\u00e9 incluso por encima de la ley \u2013como \u00e9l mismo lo ha presumido &#8212; &nbsp;no ha logrado su cometido de tomar el control absoluto de las decisiones de los mexicanos y de la imposici\u00f3n de sus desprop\u00f3sitos e incluso necedades y caprichos solo vistos en los reyezuelos.<\/p>\n\n\n\n<p class=\"wp-block-paragraph\">Los mexicanos &nbsp;nos hemos defendido pero ahora nos encontramos ante &nbsp;la estocada final que se pretende dar a la democracia y ante ello no es posible &nbsp;quedarnos de brazos cruzados; porque &nbsp;de ser as\u00ed quiz\u00e1 ma\u00f1ana ya no haya mucho que sostener, entre ello nuestras libertades.<\/p>\n\n\n\n<p class=\"wp-block-paragraph\">Lo ciudadanos debemos, hoy m\u00e1s que nunca, permanecer unidos, alertas y activos.&nbsp;&nbsp; Hoy es tiempo de manifestarnos en las calles y alzar la voz en cuanto foro nos sea posible. \u00bfpara qu\u00e9?&nbsp;&nbsp; 1) Para crear conciencia entre quienes toman&nbsp; las decisiones: los diputados y senadores, para que act\u00faen y voten en bien del ciudadano y no de sus partidos;&nbsp; 2) Para que toda la poblaci\u00f3n defienda este atropello que se pretende, &nbsp;saliendo &nbsp;de nuevo a las calles a exigir el respeto a la ley para que haya una representaci\u00f3n adecuada de las diferentes maneras de pensar&nbsp; en el <em>Congreso de la Uni\u00f3n<\/em>, porque &nbsp;con la sobre representaci\u00f3n de Morena y sus partidos aliados ya no ser\u00e1 as\u00ed, sino solo tendremos &nbsp;la versi\u00f3n del gobierno.<\/p>\n\n\n\n<p class=\"wp-block-paragraph\">Este Domingo -agosto 11- a nivel nacional, hasta el momento 70 ciudades del pa\u00eds se reunir\u00e1n fuera de las sedes&nbsp; del <em>Instituto Nacional Electoral<\/em> para manifestarse contra la sobre representaci\u00f3n legislativa as\u00ed que\u2026organicemos nuestro domingo para poder participar, en familia si es posible, en esta manifestaci\u00f3n pac\u00edfica con la que se enviar\u00e1 un mensaje contundente a la instituci\u00f3n de que defienda nuestros derechos constitucionales atendiendo a la debida diversidad de pensamiento en el <em>Poder Legislativo,&nbsp; <\/em>tal y como fue mandatado en las urnas por los ciudadanos. &nbsp;&nbsp;&nbsp;&nbsp;<\/p>\n\n\n\n<p class=\"wp-block-paragraph\"><strong>*Activista y periodista con mas de 40 a\u00f1os de actividad profesional. Fundadora y directora de la revista Mujer y Poder. Comentarios: 6621441440. www.mujerypoder.com.mx<\/strong><\/p>\n","protected":false},"excerpt":{"rendered":"<p>&nbsp;&nbsp;&nbsp;&nbsp;&nbsp; *Natalia Vidales de Bitterlin SemM\u00e9xico, Cd. de M\u00e9xico, 11 de agosto, 2024.- Sin duda, el grueso de la poblaci\u00f3n desconoce -desafortunadamente- el significado de la sobrerrepresentaci\u00f3n del partido del gobierno, Morena, en el Congreso. Pero, en pocas palabras, significa que\u00a0 a los votos obtenidos de la ciudadan\u00eda\u00a0 por la oposici\u00f3n en las urnas\u00a0 legislativas [&hellip;]<\/p>\n","protected":false},"author":3,"featured_media":38550,"comment_status":"open","ping_status":"open","sticky":false,"template":"","format":"standard","meta":{"_monsterinsights_skip_tracking":false,"footnotes":""},"categories":[100,72,35],"tags":[],"class_list":["post-85456","post","type-post","status-publish","format-standard","has-post-thumbnail","category-mujer-y-poder","category-natalia-vidales","category-opinion"],"_links":{"self":[{"href":"https:\/\/redsemlac.com\/semmexico\/wp-json\/wp\/v2\/posts\/85456","targetHints":{"allow":["GET"]}}],"collection":[{"href":"https:\/\/redsemlac.com\/semmexico\/wp-json\/wp\/v2\/posts"}],"about":[{"href":"https:\/\/redsemlac.com\/semmexico\/wp-json\/wp\/v2\/types\/post"}],"author":[{"embeddable":true,"href":"https:\/\/redsemlac.com\/semmexico\/wp-json\/wp\/v2\/users\/3"}],"replies":[{"embeddable":true,"href":"https:\/\/redsemlac.com\/semmexico\/wp-json\/wp\/v2\/comments?post=85456"}],"version-history":[{"count":0,"href":"https:\/\/redsemlac.com\/semmexico\/wp-json\/wp\/v2\/posts\/85456\/revisions"}],"wp:featuredmedia":[{"embeddable":true,"href":"https:\/\/redsemlac.com\/semmexico\/wp-json\/wp\/v2\/media\/38550"}],"wp:attachment":[{"href":"https:\/\/redsemlac.com\/semmexico\/wp-json\/wp\/v2\/media?parent=85456"}],"wp:term":[{"taxonomy":"category","embeddable":true,"href":"https:\/\/redsemlac.com\/semmexico\/wp-json\/wp\/v2\/categories?post=85456"},{"taxonomy":"post_tag","embeddable":true,"href":"https:\/\/redsemlac.com\/semmexico\/wp-json\/wp\/v2\/tags?post=85456"}],"curies":[{"name":"wp","href":"https:\/\/api.w.org\/{rel}","templated":true}]}}