{"id":85442,"date":"2024-08-10T15:54:20","date_gmt":"2024-08-10T21:54:20","guid":{"rendered":"https:\/\/redsemlac.com\/semmexico\/?p=85442"},"modified":"2024-08-10T15:55:02","modified_gmt":"2024-08-10T21:55:02","slug":"la-via-lactea-un-espacio-de-libertad-para-crecer","status":"publish","type":"post","link":"https:\/\/redsemlac.com\/semmexico\/la-via-lactea-un-espacio-de-libertad-para-crecer\/","title":{"rendered":"La V\u00eda L\u00e1ctea, un espacio de libertad para crecer"},"content":{"rendered":"\n<p class=\"wp-block-paragraph\"><a href=\"https:\/\/www.redsemlac-cuba.net\/redsemlac\/sociedad-y-cultura\/la-via-lactea-un-espacio-de-libertad-para-crecer\/\"><\/a>&nbsp;La V\u00eda L\u00e1ctea es una labor que realizan de forma gratuita, &nbsp;para llevar a ni\u00f1as y ni\u00f1os un espacio de libertad, creaci\u00f3n, emociones y sensaciones, refieren sus integrantes. Foto tomada de @lavialactea_de_laproa\/IG<\/p>\n\n\n\n<p class=\"wp-block-paragraph\">Redacci\u00f3n<\/p>\n\n\n\n<p class=\"wp-block-paragraph\">SemM\u00e9xico\/SEMlac, La Habana, Cuba, 10 de agosto, 2024.- Crecimiento podr\u00eda ser la palabra para definir al proyecto La V\u00eda L\u00e1ctea, porque de ello es de lo que m\u00e1s hablan sus impulsoras, mujeres que se autodefinen como madres, cubanas, artistas y so\u00f1adoras.<\/p>\n\n\n\n<p class=\"wp-block-paragraph\">Esta iniciativa, gestada en el seno de Teatro La Proa, es una experiencia dedicada a llevar el teatro a ni\u00f1os y ni\u00f1as entre uno y cinco a\u00f1os de edad, a partir de los resortes del Teatro Espont\u00e1neo y de los principios de la Educaci\u00f3n Montessori.<\/p>\n\n\n\n<p class=\"wp-block-paragraph\">Sus creadoras, Brenda Ch\u00e1vez, Niurbis Santom\u00e9, Isabel Cristina L\u00f3pez Hamze y Amanda Thal\u00eda V\u00e1zquez, se propusieron establecer un&nbsp;espacio de libertad&nbsp;creativa donde los infantes sientan que pueden expresarse y a ese sue\u00f1o se le han unido otras personas, como Sailin Carbonell, Amanda Oropesa, Ana Lilian Medina y Alynn Ben\u00edtez Castellanos.<\/p>\n\n\n\n<p class=\"wp-block-paragraph\">\u201cEl proyecto, en primer lugar, me ha permitido acercarme al teatro no ya como espectadora, sino como \u2018hacedora\u2019\u201d, coment\u00f3 a SEMlac Ben\u00edtez Castellanos, quien valor\u00f3 el trabajo como una forma novedosa de teatro.<\/p>\n\n\n\n<p class=\"wp-block-paragraph\">Ella explica que la experiencia va mucho m\u00e1s all\u00e1 de las particularidades del p\u00fablico que, en ocasiones, nunca antes ha visto un t\u00edtere o un viol\u00edn, ni ha participado de un espect\u00e1culo. La escena, adem\u00e1s, se traslada a un sal\u00f3n de c\u00edrculo infantil u otros escenarios de esa naturaleza, en lugar de ocurrir en una sala teatral.<\/p>\n\n\n\n<p class=\"wp-block-paragraph\">\u201cDurante la funci\u00f3n, se rompen los l\u00edmites espaciales y no se imponen reglas que coarten el accionar de ni\u00f1as y ni\u00f1os, quienes participan desde las primeras acciones, a partir del concepto de \u2018teatro espont\u00e1neo\u2019\u201d, subray\u00f3 esta ingeniera en Telecomunicaciones, que hoy incursiona en el mundo de la m\u00fasica y la fotograf\u00eda.<\/p>\n\n\n\n<p class=\"wp-block-paragraph\">A Brenda Ch\u00e1vez, licenciada en M\u00fasica por la Universidad de las Artes, violinista, compositora y con un hijo peque\u00f1o, La V\u00eda L\u00e1ctea la ha convertido en \u201cmejor madre\u201d.<\/p>\n\n\n\n<p class=\"wp-block-paragraph\">\u201cHe podido ver diferentes infancias y entornos; eso me ha preparado m\u00e1s para entender y acompa\u00f1ar a mi hijo, para jugar mejor con \u00e9l, tener m\u00e1s recursos para estimularlo y hacerlo feliz\u201d, dijo a SEMlac.<\/p>\n\n\n\n<p class=\"wp-block-paragraph\">Precisamente, crear un espacio para sus hijos y que ellos fueran quienes las guiaran y ense\u00f1aran a compartir con otros ni\u00f1os, estuvo en el centro del surgimiento del proyecto, el 24 de marzo de 2023.<\/p>\n\n\n\n<figure class=\"wp-block-image size-full\"><a href=\"https:\/\/redsemlac.com\/semmexico\/wp-content\/uploads\/2024\/08\/la-via-lactea-02.png\"><img loading=\"lazy\" decoding=\"async\" width=\"718\" height=\"747\" src=\"https:\/\/redsemlac.com\/semmexico\/wp-content\/uploads\/2024\/08\/la-via-lactea-02.png\" alt=\"\" class=\"wp-image-85445\"\/><\/a><\/figure>\n\n\n\n<p class=\"wp-block-paragraph\"><a href=\"http:\/\/www.redsemlac-cuba.net\/wp-content\/uploads\/2024\/07\/La-Via-Lactea-.png\"><\/a>A Brenda Ch\u00e1vez La V\u00eda L\u00e1ctea la ha convertido en \u201cmejor madre\u201d, pues ver diferentes infancias y entornos la ha preparado mejor para entender y acompa\u00f1ar a su hijo. Foto tomada de @lavialactea_de_laproa\/IG<\/p>\n\n\n\n<p class=\"wp-block-paragraph\">Ese d\u00eda realizaron su primera funci\u00f3n en la guarder\u00eda La Isla de los ni\u00f1os, ubicada en el Vedado, en La Habana, y desde entonces han apostado por impulsar un entorno respetuoso, donde a peque\u00f1os y peque\u00f1as no se les mande a callar o a sentarse, puedan fluir con la m\u00fasica y el teatro, cada uno a su ritmo y seg\u00fan sus necesidades, como refieren en sus publicaciones en redes sociales.<\/p>\n\n\n\n<p class=\"wp-block-paragraph\"><strong>Teatro para comenzar la vida<\/strong><\/p>\n\n\n\n<p class=\"wp-block-paragraph\">\u201cPensamos en el p\u00fablico de uno a cinco a\u00f1os, a lo que se le llama la&nbsp;<a href=\"https:\/\/www.redsemlac-cuba.net\/redsemlac\/sociedad-y-cultura\/cuidados-y-primera-infancia-derechos-de-las-mujeres-en-tension\/\"><strong>primera infancia<\/strong><\/a>, porque las experiencias de teatro para esas edades no son muchas en el pa\u00eds\u201d, detall\u00f3 la teatr\u00f3loga Isabel Cristina L\u00f3pez Hamze.<\/p>\n\n\n\n<p class=\"wp-block-paragraph\">\u201cHay muchos grupos de teatro para ni\u00f1os, pero no hay ninguno que trabaje de forma exclusiva para la primera infancia, que es un rango de edad complejo y para el cual hay que estudiar mucho\u201d, apunt\u00f3.<\/p>\n\n\n\n<p class=\"wp-block-paragraph\">Preparar cada presentaci\u00f3n implica tener en cuenta siempre el periodo del desarrollo por el que atraviesan las y los infantes a quienes se dirigen. Para los peque\u00f1os de segundo a\u00f1o de vida \u2013que es la denominaci\u00f3n que en los c\u00edrculos infantiles cubanos dan al rango de edades de uno a dos a\u00f1os\u2013, priorizan lo musical, la interacci\u00f3n con texturas, los colores y el libre movimiento; mientras que con los de tercer a\u00f1o (2-3 a\u00f1os) trabajan m\u00e1s las rondas tradicionales, explic\u00f3 L\u00f3pez Hamze.<\/p>\n\n\n\n<p class=\"wp-block-paragraph\">\u201cPara los de cuarto a\u00f1o de vida (3-4 a\u00f1os) tenemos algo que nosotros llamamos la excursi\u00f3n, que es como un viaje imaginario en el que vamos por un campo y los ni\u00f1os van encontrando diferentes est\u00edmulos. Como son m\u00e1s grandes, tiene que ver m\u00e1s con los movimientos f\u00edsicos y con que los ni\u00f1os corran, salten\u2026\u201d, agreg\u00f3.<\/p>\n\n\n\n<figure class=\"wp-block-image size-full\"><a href=\"https:\/\/redsemlac.com\/semmexico\/wp-content\/uploads\/2024\/08\/la-via-lactea-03.png\"><img loading=\"lazy\" decoding=\"async\" width=\"727\" height=\"535\" src=\"https:\/\/redsemlac.com\/semmexico\/wp-content\/uploads\/2024\/08\/la-via-lactea-03.png\" alt=\"\" class=\"wp-image-85444\"\/><\/a><\/figure>\n\n\n\n<p class=\"wp-block-paragraph\"><a href=\"http:\/\/www.redsemlac-cuba.net\/wp-content\/uploads\/2024\/07\/La-Via-Lactea-3.png\"><\/a>Las experiencias de teatro para los p\u00fablicos de la primera infancia no son muchas en el pa\u00eds, detall\u00f3 la teatr\u00f3loga Isabel Cristina L\u00f3pez Hamze. Foto tomada de @lavialactea_de_laproa\/IG<\/p>\n\n\n\n<p class=\"wp-block-paragraph\">Con los de quinto y sexto a\u00f1o de vida trabajan otras capacidades, como la pintura a partir de la m\u00fasica, siembran plantas, hacen manualidades y los ense\u00f1an a confeccionar t\u00edteres sencillos. La creaci\u00f3n, la espontaneidad y la libertad son la base de estos espacios, donde pueden aparecer temas diversos, dependiendo de la edad, capacidades y atenci\u00f3n del p\u00fablico.<\/p>\n\n\n\n<p class=\"wp-block-paragraph\">Para Brenda Ch\u00e1vez, todo esto supuso un reto que le ha permitido ser mejor artista. \u201cLa preparaci\u00f3n musical y el repertorio que he tenido que aprender ahora son superiores a cuando empec\u00e9. Mi papel como acompa\u00f1ante ha mejorado mucho, porque como violinista son pocas las veces que tenemos ese rol. Adem\u00e1s de tener que bailar y actuar en cada funci\u00f3n\u201d, confes\u00f3 a SEMlac.<\/p>\n\n\n\n<p class=\"wp-block-paragraph\">Valor\u00f3 que el componente espont\u00e1neo que surge en cada actividad, como el llanto de un ni\u00f1o, una ri\u00f1a por alg\u00fan material, o querer tomar el viol\u00edn la han desafiado a pensar en c\u00f3mo resolverlas de la manera m\u00e1s sabia y amigable.<\/p>\n\n\n\n<p class=\"wp-block-paragraph\">Alynn Ben\u00edtez Castellanos tambi\u00e9n considera La V\u00eda L\u00e1ctea como un aprendizaje, pues desde su rol de fot\u00f3grafa ha aprendido a apoyar a sus compa\u00f1eras en el canto o animando en ciertas acciones, pero tambi\u00e9n interactuando con los ni\u00f1os.<\/p>\n\n\n\n<p class=\"wp-block-paragraph\">\u201cAlgunos se quedan rezagados, se entretienen o disocian y con mucho cari\u00f1o y un mensaje claro les indico ad\u00f3nde deben dirigir la atenci\u00f3n. Algunos quieren jugar con la c\u00e1mara e interact\u00faan conmigo como si fuera parte activa del espect\u00e1culo\u201d, relat\u00f3.<\/p>\n\n\n\n<p class=\"wp-block-paragraph\">Profesionalmente tambi\u00e9n result\u00f3 un reto, porque es fotograf\u00eda en movimiento \u201cmucho movimiento, realmente\u201d, acot\u00f3, y no siempre ocurre en las mejores condiciones de iluminaci\u00f3n.<\/p>\n\n\n\n<p class=\"wp-block-paragraph\">\u201cEllo, unido a las limitaciones de la c\u00e1mara que poseo, ha requerido de estudio y profundizaci\u00f3n en t\u00e9cnicas de edici\u00f3n. Una de mis grandes satisfacciones viene luego de la funci\u00f3n, cuando compartimos las fotos y las chicas me felicitan. Es ah\u00ed cuando llegan los aplausos que me animan a seguir, a superarme\u201d, expres\u00f3.<\/p>\n\n\n\n<p class=\"wp-block-paragraph\">Isabel Cristina L\u00f3pez Hamze, quien tambi\u00e9n es M\u00e1ster en Pedagog\u00eda del Teatro, remarc\u00f3 la novedad de la experiencia, pues en Cuba se hace mucho teatro para ni\u00f1os y teatro de t\u00edteres, pero ning\u00fan grupo trabaja espec\u00edficamente para la primera infancia, ni desde el punto de vista de la teatrolog\u00eda ni de la pr\u00e1ctica teatral.<\/p>\n\n\n\n<p class=\"wp-block-paragraph\">Sin embargo, La V\u00eda L\u00e1ctea no va de ese protagonismo, coment\u00f3; es una labor que realizan de forma gratuita para llevar a ni\u00f1as y ni\u00f1os a un espacio de libertad, creaci\u00f3n, emociones y sensaciones.<\/p>\n\n\n\n<p class=\"wp-block-paragraph\"><strong>De obst\u00e1culos y recompensas<\/strong><\/p>\n\n\n\n<p class=\"wp-block-paragraph\">Esta es una entrega no exenta de sacrificios, pues implica llevarla a la par de los compromisos laborales.<\/p>\n\n\n\n<p class=\"wp-block-paragraph\">\u201cPor ejemplo, estoy en dos orquestas y siempre hay posibilidad de que me llamen para otros proyectos. Lidiar con todo el trabajo y sus horarios diferentes e inestables, adem\u00e1s de ser mam\u00e1, es a veces muy estresante. Pero es lo lindo que cada una de nosotras: a pesar de estar complicadas, siempre hacemos un espacio para nuestro encuentro, como reflejo de nuestra conciencia sobre la importancia que tiene este proyecto\u201d, coment\u00f3 Brenda Ch\u00e1vez.<\/p>\n\n\n\n<figure class=\"wp-block-image size-full\"><a href=\"https:\/\/redsemlac.com\/semmexico\/wp-content\/uploads\/2024\/08\/la-via-lactea-04.png\"><img loading=\"lazy\" decoding=\"async\" width=\"703\" height=\"515\" src=\"https:\/\/redsemlac.com\/semmexico\/wp-content\/uploads\/2024\/08\/la-via-lactea-04.png\" alt=\"\" class=\"wp-image-85443\"\/><\/a><\/figure>\n\n\n\n<p class=\"wp-block-paragraph\"><a href=\"http:\/\/www.redsemlac-cuba.net\/wp-content\/uploads\/2024\/07\/La-Via-Lactea-2.png\"><\/a>Las creadoras del proyecto se propusieron establecer un espacio de libertad creativa, donde ni\u00f1as y ni\u00f1os sientan que pueden expresarse. Foto tomada de @lavialactea_de_laproa\/IG<\/p>\n\n\n\n<p class=\"wp-block-paragraph\">Alynn Ben\u00edtez Castellanos se\u00f1al\u00f3 que a menudo es dif\u00edcil coincidir todas para alguna funci\u00f3n, porque tienen otros trabajos y responsabilidades; sin embargo, eso no detiene la presentaci\u00f3n, escogen un formato menor y ajustan el programa seg\u00fan las integrantes que participan, siempre tratando de que la duraci\u00f3n y calidad no se afecten.<\/p>\n\n\n\n<p class=\"wp-block-paragraph\">\u201cSomos muy celosas con esto y, cuando no podemos cumplir con ello, movemos de fecha la funci\u00f3n\u201d, acot\u00f3.<\/p>\n\n\n\n<p class=\"wp-block-paragraph\">Las dificultades con el transporte para llegar a tiempo a cada presentaci\u00f3n, o la falta de materiales para confeccionar los t\u00edteres, origamis, barquitos de papel, estrellitas y t\u00edteres de dedos que usan y regalan son obst\u00e1culos que, sin embargo, no las desaniman. Usan recursos donados o reciclan ellas mismas, pues las manualidades son una pieza esencial en sus presentaciones, cont\u00f3 Ben\u00edtez Castellanos.<\/p>\n\n\n\n<p class=\"wp-block-paragraph\">Con una hija de 24 a\u00f1os, refiri\u00f3 que asumi\u00f3 el trabajo de La V\u00eda L\u00e1ctea con el pensamiento de cu\u00e1nto le hubiera gustado que su hija hubiera podido disfrutar de actividades similares. Por eso no es de extra\u00f1ar que sostenga que el mayor impacto del proyecto en su vida es la felicidad que le aporta.<\/p>\n\n\n\n<p class=\"wp-block-paragraph\">\u201cLos d\u00edas que empiezan con estas funciones son d\u00edas felices. Las chicas tienen una energ\u00eda limpia y linda que luego se multiplica en la alegr\u00eda, sorpresa y agradecimiento de ni\u00f1as y ni\u00f1os, y tambi\u00e9n de las educadoras y padres que nos acompa\u00f1an\u201d, apunt\u00f3.<\/p>\n\n\n\n<p class=\"wp-block-paragraph\">En tanto, Brenda Ch\u00e1vez resalta como logro el poder conectarse cada una desde sus diferencias art\u00edsticas y entenderse.<\/p>\n\n\n\n<p class=\"wp-block-paragraph\">\u201cComprender en la escena cu\u00e1ndo debemos repetir una canci\u00f3n, o darle un cierre rotundo, suplir alguna falta de alguna de nosotras, aprender a tocar y cantar al mismo tiempo; y tambi\u00e9n estar al tanto de las necesidades especiales de alg\u00fan ni\u00f1o o ni\u00f1a en medio del programa, para poder modificar lo que ten\u00edamos pensado en pos de su inclusi\u00f3n y bienestar\u201d, afirm\u00f3.<\/p>\n","protected":false},"excerpt":{"rendered":"<p>&nbsp;La V\u00eda L\u00e1ctea es una labor que realizan de forma gratuita, &nbsp;para llevar a ni\u00f1as y ni\u00f1os un espacio de libertad, creaci\u00f3n, emociones y sensaciones, refieren sus integrantes. Foto tomada de @lavialactea_de_laproa\/IG Redacci\u00f3n SemM\u00e9xico\/SEMlac, La Habana, Cuba, 10 de agosto, 2024.- Crecimiento podr\u00eda ser la palabra para definir al proyecto La V\u00eda L\u00e1ctea, porque de [&hellip;]<\/p>\n","protected":false},"author":3,"featured_media":85446,"comment_status":"open","ping_status":"open","sticky":false,"template":"","format":"standard","meta":{"_monsterinsights_skip_tracking":false,"footnotes":""},"categories":[748,694],"tags":[],"class_list":["post-85442","post","type-post","status-publish","format-standard","has-post-thumbnail","category-cultura-feminista","category-destacadas"],"_links":{"self":[{"href":"https:\/\/redsemlac.com\/semmexico\/wp-json\/wp\/v2\/posts\/85442","targetHints":{"allow":["GET"]}}],"collection":[{"href":"https:\/\/redsemlac.com\/semmexico\/wp-json\/wp\/v2\/posts"}],"about":[{"href":"https:\/\/redsemlac.com\/semmexico\/wp-json\/wp\/v2\/types\/post"}],"author":[{"embeddable":true,"href":"https:\/\/redsemlac.com\/semmexico\/wp-json\/wp\/v2\/users\/3"}],"replies":[{"embeddable":true,"href":"https:\/\/redsemlac.com\/semmexico\/wp-json\/wp\/v2\/comments?post=85442"}],"version-history":[{"count":0,"href":"https:\/\/redsemlac.com\/semmexico\/wp-json\/wp\/v2\/posts\/85442\/revisions"}],"wp:featuredmedia":[{"embeddable":true,"href":"https:\/\/redsemlac.com\/semmexico\/wp-json\/wp\/v2\/media\/85446"}],"wp:attachment":[{"href":"https:\/\/redsemlac.com\/semmexico\/wp-json\/wp\/v2\/media?parent=85442"}],"wp:term":[{"taxonomy":"category","embeddable":true,"href":"https:\/\/redsemlac.com\/semmexico\/wp-json\/wp\/v2\/categories?post=85442"},{"taxonomy":"post_tag","embeddable":true,"href":"https:\/\/redsemlac.com\/semmexico\/wp-json\/wp\/v2\/tags?post=85442"}],"curies":[{"name":"wp","href":"https:\/\/api.w.org\/{rel}","templated":true}]}}