{"id":85424,"date":"2024-08-10T13:38:15","date_gmt":"2024-08-10T19:38:15","guid":{"rendered":"https:\/\/redsemlac.com\/semmexico\/?p=85424"},"modified":"2024-08-10T13:38:16","modified_gmt":"2024-08-10T19:38:16","slug":"en-mexico-10-mil-ninos-nacieron-en-prision-en-la-ultima-decada-reinserta","status":"publish","type":"post","link":"https:\/\/redsemlac.com\/semmexico\/en-mexico-10-mil-ninos-nacieron-en-prision-en-la-ultima-decada-reinserta\/","title":{"rendered":"En M\u00e9xico, 10 mil ni\u00f1os nacieron en prisi\u00f3n en la \u00faltima d\u00e9cada: Reinserta"},"content":{"rendered":"\n<p class=\"wp-block-paragraph\">Redacci\u00f3n<\/p>\n\n\n\n<p class=\"wp-block-paragraph\">SemM\u00e9xico\/\u00cdndice Pol\u00edtico, Cd. de M\u00e9xico, 10 de agosto, 2024.- Una de las poblaciones m\u00e1s olvidadas por el sistema de justicia mexicano son los ni\u00f1os y ni\u00f1as que nacen y viven sus primeros a\u00f1os de vida dentro de los centros penitenciarios, debido a que en las prisiones no existen \u00e1reas seguras, libres de violencia para los menores de edad y donde puedan desarrollarse social y emocionalmente de forma adecuada, por lo que se encuentran en desprotecci\u00f3n ante situaciones que ponen en peligro su integridad.<\/p>\n\n\n\n<p class=\"wp-block-paragraph\">En entrevista, Mercedes Llamas, directora de proyectos en la fundaci\u00f3n Reinserta, inform\u00f3 que en M\u00e9xico, al menos 10 mil menores de edad viven y crecen dentro de prisi\u00f3n en los \u00faltimos 10 a\u00f1os y m\u00e1s de 500 mil ni\u00f1os tienen a su mam\u00e1 o pap\u00e1 en prisi\u00f3n, por lo que visitan constantemente a sus familiares.<\/p>\n\n\n\n<p class=\"wp-block-paragraph\">Coment\u00f3 que ante la fuerte necesidad de atender a esta poblaci\u00f3n de infantes, en 2013 se fund\u00f3 Reinserta como una organizaci\u00f3n sin fines de lucro y a trav\u00e9s de su programa \u201cNi\u00f1ez y Prisi\u00f3n\u201d buscan la seguridad, protecci\u00f3n y acompa\u00f1amiento para ni\u00f1as y ni\u00f1os que viven dentro de prisi\u00f3n o que tienen madres o padres privados de la libertad.<\/p>\n\n\n\n<p class=\"wp-block-paragraph\">\u201cEs una organizaci\u00f3n sin fines de lucro, se fund\u00f3 en 2013 y se fund\u00f3 porque, las cofundadoras Mercedes Casta\u00f1eda y Saskia Ni\u00f1o de Rivera, empezaron a ver una necesidad muy fuerte con infancias y adolescencias marcadas por violencia, es decir, ni\u00f1os que nacen y crecen en prisi\u00f3n\u201d, indic\u00f3.<\/p>\n\n\n\n<p class=\"wp-block-paragraph\"><strong>Reinserta apoya a madres en prisi\u00f3n desde el embarazo hasta su separaci\u00f3n<\/strong><\/p>\n\n\n\n<p class=\"wp-block-paragraph\">Explic\u00f3 que el modelo del programa consiste en trabajar en los cuidados de la mam\u00e1 que est\u00e1 privada de su libertad desde que est\u00e1 embarazada; despu\u00e9s del parto, apoyan al beb\u00e9 y la madre para que una crianza positiva y estimulaci\u00f3n temprana dentro de los centros penitenciarios para que haya un apego positivo y posteriormente trabajan en realizan una separaci\u00f3n sana.<\/p>\n\n\n\n<p class=\"wp-block-paragraph\">Los infantes que nacen y crecen en las c\u00e1rceles anteriormente permanec\u00edan junto a las madres de los 0 a los 6 a\u00f1os, sin embargo, Mercedes enfatiz\u00f3 que desde Reinserta lograron un cambio de ley para que la separaci\u00f3n de los menores sea a los 3 a\u00f1os y a partir de ese momento, la organizaci\u00f3n comienzan a dar seguimiento a los ni\u00f1os para su vida fuera de prisi\u00f3n.<\/p>\n\n\n\n<p class=\"wp-block-paragraph\">\u201cNosotros pujamos mucho por un cambio de ley, porque anteriormente se pod\u00eda que los ni\u00f1os estuvieran en prisi\u00f3n hasta los 6 a\u00f1os, actualmente, logramos ese cambio en la ley y ahora se puede hasta los 3 a\u00f1os, entonces tambi\u00e9n preparamos a la madre y al ni\u00f1o para esta separaci\u00f3n\u201d, explic\u00f3.<\/p>\n\n\n\n<p class=\"wp-block-paragraph\">Cuando los ni\u00f1os est\u00e1n fuera de prisi\u00f3n, detall\u00f3 que la fundaci\u00f3n les asigna los llamados cuidadores, quienes pueden ser el pap\u00e1 o mam\u00e1 del menor o una persona nueva que est\u00e9 capacitada en psicotrauma, en caso de que no tengan alg\u00fan otro familiar, con la finalidad de que los acompa\u00f1en y transformen la vida de los infantes.<\/p>\n\n\n\n<p class=\"wp-block-paragraph\">\u201cLes decimos cuidadores porque muchas veces, gran parte de estos ni\u00f1os, pues no tienen a su pap\u00e1 o a su mam\u00e1, pero muchas veces s\u00ed, entonces los cuidadores pueden ser la mam\u00e1, que lo trae aqu\u00ed a Reinserta o el pap\u00e1 que trae a su ni\u00f1o o a su ni\u00f1a o adolescente aqu\u00ed a Reinserta o las personas nuevas que los est\u00e1n cuidando, por ejemplo, trabajamos tambi\u00e9n mucho con DIF, entonces los cuidadores son las personas del DIF, trabajamos con un albergue de trata sexual, entonces los cuidadores de ese albergue vienen y tambi\u00e9n trabajamos con ellos\u201d, puntualiz\u00f3.<\/p>\n\n\n\n<p class=\"wp-block-paragraph\">Adem\u00e1s, buscan que el lugar donde vivan estos ni\u00f1os sea en un lugar digno y seguro, y que tambi\u00e9n tengan el mismo enfoque que la organizaci\u00f3n, por lo que a trav\u00e9s de diferentes albergues o DIF, dan una intervenci\u00f3n mediante un programa comunitario en esas casas y cada semana visitan estas instalaciones para darles una intervenci\u00f3n psicol\u00f3gica y una grupal.<\/p>\n\n\n\n<p class=\"wp-block-paragraph\">\u201cNosotros una vez a la semana, vamos a esas casas, ya sea a DIF, ya sea albergues, les damos una intervenci\u00f3n grupal ah\u00ed y tambi\u00e9n buscamos que las personas, sus cuidadores, est\u00e9n capacitados en el enfoque psicotrauma, para que ellos sepan tambi\u00e9n como tratarlos con el mismo enfoque que nosotros tratamos a los ni\u00f1os aqu\u00ed, y que los espacios donde vivan sean dignos\u201d, afirm\u00f3.<\/p>\n\n\n\n<p class=\"wp-block-paragraph\"><strong>Con viajes o visitas a museos, buscan que ni\u00f1os vivan nuevas experiencias<\/strong><\/p>\n\n\n\n<p class=\"wp-block-paragraph\">Para brindar atenci\u00f3n integral a ni\u00f1as y ni\u00f1os que nacen y viven en prisi\u00f3n, as\u00ed como las o los que tienen una madre o un padre privados de libertad, cuentan con espacios libres de violencia en sus instalaciones ubicadas en Insurgentes Sur, que constan de cinco bebetecas, un espacio de maternidad y una \u00e1rea de visitas infantil.<\/p>\n\n\n\n<p class=\"wp-block-paragraph\">A su vez, con el prop\u00f3sito de transformar sus vidas y que vivan experiencias que dif\u00edcilmente podr\u00edan disfrutan, se\u00f1al\u00f3 que Reinserta organiza cada a\u00f1o salidas a la playa o museos junto con los cuidadores para que los ni\u00f1os, que nunca han salido de prisi\u00f3n o los que sus mam\u00e1s o pap\u00e1s est\u00e1n privadas de su libertad, puedan tener vivencias de un infante normal.<\/p>\n\n\n\n<p class=\"wp-block-paragraph\">\u201cHemos transformado la vida de estos ni\u00f1os y tambi\u00e9n de todo su alrededor. Tenemos experiencias significativas, por ejemplo, cada a\u00f1o los llevamos a la playa. Los ni\u00f1os que nunca han salido de prisi\u00f3n o los ni\u00f1os que sus mam\u00e1s o pap\u00e1s est\u00e1n en prisi\u00f3n, buscamos que tengan este tipo de experiencias que por estar en prisi\u00f3n o por tener alg\u00fan familiar en prisi\u00f3n, les han sido restringidas este tipo de experiencias\u201d.<\/p>\n\n\n\n<p class=\"wp-block-paragraph\">No solo es la terapia que podemos darle aqu\u00ed, no solo es la intervenci\u00f3n familiar, sino es buscar que este ni\u00f1o, en gran parte de lo posible, reduzca toda sus experiencias adversas y pueda tener un contacto mayor como un ni\u00f1o, lo que podr\u00edamos decir, en la normalidad\u201d, coment\u00f3.<\/p>\n\n\n\n<p class=\"wp-block-paragraph\"><strong>Reinserta ayuda a m\u00e1s de mil 500 ni\u00f1os y adolescentes<\/strong><\/p>\n\n\n\n<p class=\"wp-block-paragraph\">Durante 11 a\u00f1os de experiencia, indic\u00f3 que ha ayudado a cerca de 4 mil madres y padres, ya sea privados de libertad o en libertad, y a m\u00e1s de mil 500 quinientos ni\u00f1os, ni\u00f1as y adolescentes. Aunque esta cifra pueda sonar un n\u00famero reducido, asegur\u00f3 que trabajan con los menores a profundidad para lograr transformar sus vidas.<\/p>\n\n\n\n<p class=\"wp-block-paragraph\">\u201cEsto a veces, cuando dices mil 500, puede sonar un n\u00famero reducido, pero es una intervenci\u00f3n tan a profundidad, que realmente transforma la vida de estos mil 500 ni\u00f1os ni\u00f1as adolescentes\u201d, asegur\u00f3.<\/p>\n\n\n\n<p class=\"wp-block-paragraph\">Actualmente, Reinserta trabaja en m\u00e1s de 15 prisiones de la Ciudad de M\u00e9xico, Estado de M\u00e9xico y Nuevo Le\u00f3n, con ni\u00f1os, ni\u00f1as que viven en prisi\u00f3n, con madres, padres privados de libertad, con adolescentes y ni\u00f1os, ni\u00f1as que son sobrevivientes de violencias graves.<\/p>\n\n\n\n<p class=\"wp-block-paragraph\"><strong>Empresas ponen su granito de arena para apoyar a ni\u00f1os y adolescentes<\/strong><\/p>\n\n\n\n<p class=\"wp-block-paragraph\">Toda esta esta ayuda ha sido posible gracias al financiamiento de grandes patrocinadores, pues aunque al principio la fundaci\u00f3n inici\u00f3 en una casa peque\u00f1a, empez\u00f3 a crecer poco a poco con el apoyo econ\u00f3mico de USAID del gobierno de Estados Unidos durante 8 a\u00f1os, que les permiti\u00f3 afianzar todos sus modelos, principalmente el de \u201cReinserci\u00f3n\u201d, as\u00ed como el del gobierno de Canad\u00e1.<\/p>\n\n\n\n<p class=\"wp-block-paragraph\">Sin embargo, Mercedes Llamas destac\u00f3 el financiamiento que Fibra UNO (empresa de fideicomiso de inversi\u00f3n para bienes ra\u00edces) ha brindado a Reinserta \u201cdesde el d\u00eda uno\u201d de haber iniciado el programa de \u201cSobrevivientes\u201d hace casi tres a\u00f1os, debido a que la empresa les ayud\u00f3 a consolidar y a empezar dicho programa que brinda ayuda a m\u00e1s de 150 ni\u00f1os, ni\u00f1as y adolescentes y sus familias v\u00edctimas de alguna violencia grave.<\/p>\n\n\n\n<p class=\"wp-block-paragraph\">\u201cLlevamos casi ya tres a\u00f1os con un financiamiento espectacular, que es el financiamiento de Fibra Uno, los cuales nos han ayudado desde el d\u00eda uno en el programa de Sobrevivientes y actualmente atiende ya a 150 ni\u00f1os, ni\u00f1as y adolescentes y a sus familias y ha sido realmente la empresa que nos ha ayudado a consolidar y a empezar el programa de Sobrevivientes, nos financia el programa en su totalidad\u201d, especific\u00f3.<\/p>\n\n\n\n<p class=\"wp-block-paragraph\">Adem\u00e1s, indic\u00f3 que anteriormente se ubicaban en \u201cuna casita muy peque\u00f1a\u201d y el espacio ya no era suficiente para dar atenci\u00f3n a los ni\u00f1os y j\u00f3venes, pero Fibra UNO tambi\u00e9n los apoy\u00f3 brindarles unas instalaciones que se encuentran en Insurgentes Sur, en la Ciudad de M\u00e9xico y les ayudan con gran parte de la renta del lugar.<\/p>\n\n\n\n<p class=\"wp-block-paragraph\">\u201cFibra UNO tambi\u00e9n nos apoy\u00f3 con gran parte de las instalaciones en las que estamos actualmente, porque por el tipo de poblaci\u00f3n con el que atendemos, pues atendemos a casi 200 personas que entran y salen de nuestra oficina semanalmente, entonces estamos en instalaciones que est\u00e1n muy bien ubicadas y grandes instalaciones para poder dar esa atenci\u00f3n y pues nos ayuda much\u00edsimo con la renta y las instalaciones\u201d coment\u00f3.<\/p>\n\n\n\n<p class=\"wp-block-paragraph\">Para finalizar, se\u00f1al\u00f3 que uno de los grandes retos que tienen es replicar sus modelos de acompa\u00f1amiento en m\u00e1s estados y lograr que diferentes instituciones gubernamentales adopten sus modelos, porque \u201clo que nosotros podamos lograr como instituci\u00f3n privada, es mucho m\u00e1s acotado a lo que se podr\u00eda lograr a trav\u00e9s de instituciones p\u00fablicas\u201d.<\/p>\n\n\n\n<p class=\"wp-block-paragraph\">Por esa raz\u00f3n, se\u00f1al\u00f3 que cuentan con un \u00e1rea de incidencia pol\u00edtica, la cual les permite modificar situaciones a trav\u00e9s de leyes o convenios para que se conviertan en pol\u00edticas p\u00fablicas que se repliquen en todo el pa\u00eds y de esta manera, mejorar la vida de las personas que ellos puedan atender en sus instalaciones.<\/p>\n\n\n\n<p class=\"wp-block-paragraph\">\u201cAlgo s\u00faper importante y que tenemos que pujar hacia ello, es que nuestros modelos que est\u00e1n funcionando, se conviertan en medidas que el gobierno adopte para lograr una pol\u00edtica p\u00fablica. Esa ser\u00eda nuestra tirada principal, para lograr que nuestros modelos se conviertan en algo que se replique a nivel Rep\u00fablica Mexicana e independientemente de nosotros, o sea que se pueda gestar esto en los gobiernos de los diferentes estados y que se adquiera como una pol\u00edtica p\u00fablica\u201d, asegur\u00f3.<\/p>\n","protected":false},"excerpt":{"rendered":"<p>Redacci\u00f3n SemM\u00e9xico\/\u00cdndice Pol\u00edtico, Cd. de M\u00e9xico, 10 de agosto, 2024.- Una de las poblaciones m\u00e1s olvidadas por el sistema de justicia mexicano son los ni\u00f1os y ni\u00f1as que nacen y viven sus primeros a\u00f1os de vida dentro de los centros penitenciarios, debido a que en las prisiones no existen \u00e1reas seguras, libres de violencia para [&hellip;]<\/p>\n","protected":false},"author":3,"featured_media":85425,"comment_status":"open","ping_status":"open","sticky":false,"template":"","format":"standard","meta":{"_monsterinsights_skip_tracking":false,"footnotes":""},"categories":[63],"tags":[],"class_list":["post-85424","post","type-post","status-publish","format-standard","has-post-thumbnail","category-reportajes"],"_links":{"self":[{"href":"https:\/\/redsemlac.com\/semmexico\/wp-json\/wp\/v2\/posts\/85424","targetHints":{"allow":["GET"]}}],"collection":[{"href":"https:\/\/redsemlac.com\/semmexico\/wp-json\/wp\/v2\/posts"}],"about":[{"href":"https:\/\/redsemlac.com\/semmexico\/wp-json\/wp\/v2\/types\/post"}],"author":[{"embeddable":true,"href":"https:\/\/redsemlac.com\/semmexico\/wp-json\/wp\/v2\/users\/3"}],"replies":[{"embeddable":true,"href":"https:\/\/redsemlac.com\/semmexico\/wp-json\/wp\/v2\/comments?post=85424"}],"version-history":[{"count":0,"href":"https:\/\/redsemlac.com\/semmexico\/wp-json\/wp\/v2\/posts\/85424\/revisions"}],"wp:featuredmedia":[{"embeddable":true,"href":"https:\/\/redsemlac.com\/semmexico\/wp-json\/wp\/v2\/media\/85425"}],"wp:attachment":[{"href":"https:\/\/redsemlac.com\/semmexico\/wp-json\/wp\/v2\/media?parent=85424"}],"wp:term":[{"taxonomy":"category","embeddable":true,"href":"https:\/\/redsemlac.com\/semmexico\/wp-json\/wp\/v2\/categories?post=85424"},{"taxonomy":"post_tag","embeddable":true,"href":"https:\/\/redsemlac.com\/semmexico\/wp-json\/wp\/v2\/tags?post=85424"}],"curies":[{"name":"wp","href":"https:\/\/api.w.org\/{rel}","templated":true}]}}