{"id":85404,"date":"2024-08-09T16:07:38","date_gmt":"2024-08-09T22:07:38","guid":{"rendered":"https:\/\/redsemlac.com\/semmexico\/?p=85404"},"modified":"2024-08-09T16:07:39","modified_gmt":"2024-08-09T22:07:39","slug":"la-evolucion-del-traje-de-bano-a-traves-de-la-historia","status":"publish","type":"post","link":"https:\/\/redsemlac.com\/semmexico\/la-evolucion-del-traje-de-bano-a-traves-de-la-historia\/","title":{"rendered":"La evoluci\u00f3n del traje de ba\u00f1o a trav\u00e9s de la historia\u00a0"},"content":{"rendered":"\n<p class=\"wp-block-paragraph\">Foto: Cortes\u00eda<\/p>\n\n\n\n<p class=\"wp-block-paragraph\">Por el d\u00eda internacional del bikini<\/p>\n\n\n\n<p class=\"wp-block-paragraph\">Celeste Herrera<\/p>\n\n\n\n<p class=\"wp-block-paragraph\">SemM\u00e9xico\/ La Voz de la Frontera, Mexicali, B.C., 9 de agosto, 2024.- \u00bfUn d\u00eda para conmemorar una prenda de ba\u00f1o? As\u00ed es, y contrario a lo superficial que uno puede pensar que sea, en realidad es un atuendo que revolucion\u00f3 y form\u00f3 parte de la&nbsp;liberaci\u00f3n femenina, desde el origen de su nombre hasta su&nbsp;aceptaci\u00f3n en la sociedad, por ello que te hablaremos sobre la&nbsp;historia de este ic\u00f3nico traje de verano.<\/p>\n\n\n\n<p class=\"wp-block-paragraph\"><strong>Inicios<\/strong><\/p>\n\n\n\n<p class=\"wp-block-paragraph\">Para comenzar a hablar sobre los trajes de ba\u00f1o, debemos remontarnos unos cuantos a\u00f1os en el tiempo, por el siglo XVIII, donde el Rey Jorge III de Inglaterra plante\u00f3 la actividad de ba\u00f1arse en el mar como acto social.<\/p>\n\n\n\n<p class=\"wp-block-paragraph\">Anteriormente s\u00f3lo se acud\u00eda a caminar por la orilla de este.<\/p>\n\n\n\n<p class=\"wp-block-paragraph\">A partir de eso, las personas comenzaron a refrescarse en el agua, aunque a\u00fan no exist\u00eda el traje de ba\u00f1o, por lo que, tanto hombres como mujeres se ba\u00f1aban con su ropa, las damas con sus vestidos y los varones con pantalones largos y camisetas.<\/p>\n\n\n\n<p class=\"wp-block-paragraph\">Esta prenda como tal, no surgi\u00f3 hasta finales del siglo XIX, estaban conformados por una camisola de mangas cortas y las mujeres lo usaban con pantalones por debajo, complementando el \u201coutfit\u201d con sombreros y medias, esto debido a que broncearse era considerado de \u201cclase baja\u201d.<\/p>\n\n\n\n<figure class=\"wp-block-image size-full\"><a href=\"https:\/\/redsemlac.com\/semmexico\/wp-content\/uploads\/2024\/08\/evolucion-bano-02.png\"><img loading=\"lazy\" decoding=\"async\" width=\"720\" height=\"459\" src=\"https:\/\/redsemlac.com\/semmexico\/wp-content\/uploads\/2024\/08\/evolucion-bano-02.png\" alt=\"\" class=\"wp-image-85411\"\/><\/a><\/figure>\n\n\n\n<p class=\"wp-block-paragraph\">Foto: Cortes\u00eda<\/p>\n\n\n\n<p class=\"wp-block-paragraph\">Mientras que los hombres solo usaban playeras grandes y dejaban al descubierto sus brazos y pantorrillas, como dato curioso, por aquella \u00e9poca, las mujeres llevaban hasta la orilla del mar los cambiadores para evitar la mirada masculina.<\/p>\n\n\n\n<p class=\"wp-block-paragraph\">En Argentina, 1888, fue redactado el primer Reglamento de Ba\u00f1os en Mar del Plata por el subprefecto Hilario Rubio Medina, donde se establec\u00eda que era prohibido nada sin ropa, los trajes de ba\u00f1o deb\u00edan cubrir desde el cuello hasta las rodillas y que los hombres no pod\u00edan mezclarse con las mujeres, a menos que estuvieran casados, entre otras reglas.<\/p>\n\n\n\n<p class=\"wp-block-paragraph\">A principios del siglo XX, la nadadora profesional australiana&nbsp;Annette Kellerman, utiliz\u00f3 un traje de ba\u00f1o de mangas cortas y con pantalones hasta la altura de la rodilla, lo que caus\u00f3 revuelo e hizo que fuera arrestada por la polic\u00eda de Boston.<\/p>\n\n\n\n<figure class=\"wp-block-image size-full\"><a href=\"https:\/\/redsemlac.com\/semmexico\/wp-content\/uploads\/2024\/08\/evolucion-bano-03.png\"><img loading=\"lazy\" decoding=\"async\" width=\"720\" height=\"459\" src=\"https:\/\/redsemlac.com\/semmexico\/wp-content\/uploads\/2024\/08\/evolucion-bano-03.png\" alt=\"\" class=\"wp-image-85410\"\/><\/a><\/figure>\n\n\n\n<p class=\"wp-block-paragraph\">Foto: Cortes\u00eda Redes Sociales X@WFPProject<\/p>\n\n\n\n<p class=\"wp-block-paragraph\">Tras esto, a inicios de la d\u00e9cada de 1910, poco a poco se fueron dejando de utilizar las medias y los trajes se volvieron m\u00e1s ajustados, lo cual era considerado un atentado contra la moral, sin embargo, el traje de ba\u00f1o femenino comenz\u00f3 a acortarse hasta las rodillas.<\/p>\n\n\n\n<p class=\"wp-block-paragraph\">Los a\u00f1os 20\u2019s se caracterizaron por el inicio de la liberaci\u00f3n femenina, durante este periodo surge el primer traje de ba\u00f1o moderno, el cual era de solo una pieza, el escote era m\u00e1s amplio, ten\u00eda tirantes en vez de mangas y cubr\u00eda solo la mitad del muslo, lo que ocasion\u00f3 que los polic\u00edas que vigilaban las costas fueran los encargados de medir el largo del ba\u00f1ador a las mujeres, mismo, que no pod\u00eda ser m\u00e1s corto que 15 cm arriba de la rodilla.<\/p>\n\n\n\n<p class=\"wp-block-paragraph\">Estos nuevos trajes estaban confeccionados de lana, por lo que al estar mojados, llegaban a pesar hasta 3 kg.<\/p>\n\n\n\n<p class=\"wp-block-paragraph\">Mientras que los hombres se ba\u00f1aban con bodies que ten\u00edan mangas y eran cortos, destacando que ya no usaban pantalones.<\/p>\n\n\n\n<figure class=\"wp-block-image size-full\"><a href=\"https:\/\/redsemlac.com\/semmexico\/wp-content\/uploads\/2024\/08\/evolucion-bano-04.png\"><img loading=\"lazy\" decoding=\"async\" width=\"720\" height=\"460\" src=\"https:\/\/redsemlac.com\/semmexico\/wp-content\/uploads\/2024\/08\/evolucion-bano-04.png\" alt=\"\" class=\"wp-image-85409\"\/><\/a><\/figure>\n\n\n\n<p class=\"wp-block-paragraph\">Foto: Cortes\u00eda Pinterest<\/p>\n\n\n\n<p class=\"wp-block-paragraph\">Por esa \u00e9poca, broncearse ya hab\u00eda dejado de considerarse de clase baja, por lo que las personas quer\u00edan dejar m\u00e1s al descubierto su cuerpo para tomar el sol.<\/p>\n\n\n\n<p class=\"wp-block-paragraph\">En 1935, se comenzaron a vender los shorts de ba\u00f1o para hombres, en ese entonces ya era permitido ba\u00f1arse mostrando los pectorales, es decir, sin camisa, otro acontecimiento que caus\u00f3 controversia, por esto estaba la opci\u00f3n de usar modelos mixtos en los que la parte superior era desmontable.<\/p>\n\n\n\n<p class=\"wp-block-paragraph\">Bikini<\/p>\n\n\n\n<p class=\"wp-block-paragraph\">En la d\u00e9cada de los 30 &#8216;s, el dise\u00f1ador de moda,&nbsp;Jacques Heim&nbsp;fue el precursor del \u2018Bikini\u2019 sin saberlo, ya que fue el creador del conjunto \u201cAtom\u201d que era un traje de dos piezas con corpi\u00f1o y bombacha parecida a un short.<\/p>\n\n\n\n<figure class=\"wp-block-image size-full\"><a href=\"https:\/\/redsemlac.com\/semmexico\/wp-content\/uploads\/2024\/08\/evolucion-bano-05.png\"><img loading=\"lazy\" decoding=\"async\" width=\"720\" height=\"459\" src=\"https:\/\/redsemlac.com\/semmexico\/wp-content\/uploads\/2024\/08\/evolucion-bano-05.png\" alt=\"\" class=\"wp-image-85408\"\/><\/a><\/figure>\n\n\n\n<p class=\"wp-block-paragraph\">Foto: Cortes\u00eda Redes Sociales X @XoseCastro<\/p>\n\n\n\n<p class=\"wp-block-paragraph\">Sin embargo, no fue hasta el a\u00f1o 1946, donde aparecer\u00eda la creaci\u00f3n que marcar\u00eda un antes y un despu\u00e9s respecto a la liberaci\u00f3n de la silueta femenina: El Bikini.<\/p>\n\n\n\n<p class=\"wp-block-paragraph\">Est\u00e1 prenda fue inventada por el Ingeniero Mec\u00e1nico franc\u00e9s&nbsp;Lous R\u00e9ard, quien estaba a cargo de la empresa de lencer\u00eda de su madre, y pens\u00f3 en este dise\u00f1o luego de ver en unas vacaciones en Saint Tropez que las mujeres quer\u00edan broncearse, fue por ello que imagino este conjunto caracter\u00edstico, era peque\u00f1o y pod\u00eda dejar al descubierto la panza.<\/p>\n\n\n\n<p class=\"wp-block-paragraph\">De hecho, hay un trasfondo de el por qu\u00e9 se les denomina \u201cBikini\u201d y es por qu\u00e9 era el nombre de una isla del oc\u00e9ano pac\u00edfico, que en aquel entonces, estaban realizando detonaciones de una bomba nuclear. R\u00e9ard dijo que su creaci\u00f3n ser\u00eda \u201cexplosiva\u201d, derivando en ese nombre.<\/p>\n\n\n\n<figure class=\"wp-block-image size-full\"><a href=\"https:\/\/redsemlac.com\/semmexico\/wp-content\/uploads\/2024\/08\/evolucion-bano-06.png\"><img loading=\"lazy\" decoding=\"async\" width=\"720\" height=\"478\" src=\"https:\/\/redsemlac.com\/semmexico\/wp-content\/uploads\/2024\/08\/evolucion-bano-06.png\" alt=\"\" class=\"wp-image-85407\"\/><\/a><\/figure>\n\n\n\n<p class=\"wp-block-paragraph\">Foto: Cortes\u00eda Redes Sociales X @CGMontemayor<\/p>\n\n\n\n<p class=\"wp-block-paragraph\">La encargada de presentar el Bikini en sociedad fue la nudista parisina&nbsp;Michelin Bernardini, ya que fue la \u00fanica que estuvo dispuesta a posar con esta prenda.<\/p>\n\n\n\n<p class=\"wp-block-paragraph\">Por ello es que se conmemora la primera vez que este se exhibi\u00f3 ante el mundo.<\/p>\n\n\n\n<p class=\"wp-block-paragraph\">Aunque este conjunto de dos piezas se origin\u00f3 en 1946, no fue socialmente aceptado hasta la d\u00e9cada de los 60 &#8216;s, portarlo en aquellos a\u00f1os era s\u00edmbolo de libertad y de oposici\u00f3n a los mandatos, la primera figura p\u00fablica en impulsar este atuendo fue la modelo&nbsp;Brigitte Bardot.<\/p>\n\n\n\n<p class=\"wp-block-paragraph\">Los avances textiles tambi\u00e9n influyeron a que esta prenda sea cada vez m\u00e1s utilizada, ya que aparecen telas como el nylon y la lycra, lo que volv\u00eda los trajes m\u00e1s c\u00f3modos, adaptables al cuerpo y de un secado r\u00e1pido.<\/p>\n\n\n\n<p class=\"wp-block-paragraph\">En cuanto al traje masculino, vuelve a acortarse en durante esta \u00e9poca de revoluci\u00f3n, donde se utilizaron colores m\u00e1s llamativos y con estampados psicod\u00e9licos, es aqu\u00ed que nace el slip de ba\u00f1o, siguiendo con la ideolog\u00eda de liberaci\u00f3n sexual predominante durante esos a\u00f1os.<\/p>\n\n\n\n<p class=\"wp-block-paragraph\">Durante los 70\u00b4s el bikini ya es totalmente aceptado en la sociedad, los a\u00f1os 80\u00b4s y 90\u00b4s fueron la \u00e9poca dorada de estas prendas, destacando la d\u00e9cada de los 80, donde el cuerpo femenino y la publicidad invad\u00eda a las mujeres con estereotipos, promoviendo una figura atl\u00e9tica y fomentando las dietas para cumplir con la figura de verano que se estaba promoviendo.<\/p>\n\n\n\n<p class=\"wp-block-paragraph\">En esta \u00e9poca se convive tanto con los bikinis de dos piezas como con los de una pieza.<\/p>\n\n\n\n<figure class=\"wp-block-image size-full\"><a href=\"https:\/\/redsemlac.com\/semmexico\/wp-content\/uploads\/2024\/08\/evolucion-bano-07.png\"><img loading=\"lazy\" decoding=\"async\" width=\"720\" height=\"406\" src=\"https:\/\/redsemlac.com\/semmexico\/wp-content\/uploads\/2024\/08\/evolucion-bano-07.png\" alt=\"\" class=\"wp-image-85406\"\/><\/a><\/figure>\n\n\n\n<p class=\"wp-block-paragraph\">Foto: Cortes\u00eda<\/p>\n\n\n\n<p class=\"wp-block-paragraph\"><strong>Actualidad<\/strong><\/p>\n\n\n\n<p class=\"wp-block-paragraph\">En nuestra \u00e9poca se utilizan todo tipo de trajes de ba\u00f1o, de una sola pieza, tiro alto, tiro bajo, shorts, topless, escotes profundos, de diversos colores, estampados y dise\u00f1os.<\/p>\n\n\n\n<figure class=\"wp-block-image size-full\"><a href=\"https:\/\/redsemlac.com\/semmexico\/wp-content\/uploads\/2024\/08\/evolucion-bano-08.png\"><img loading=\"lazy\" decoding=\"async\" width=\"720\" height=\"480\" src=\"https:\/\/redsemlac.com\/semmexico\/wp-content\/uploads\/2024\/08\/evolucion-bano-08.png\" alt=\"\" class=\"wp-image-85405\"\/><\/a><\/figure>\n\n\n\n<p class=\"wp-block-paragraph\">Con informaci\u00f3n de La<a href=\"https:\/\/lacallevistealamoda.com\/2021\/11\/15\/la-historia-y-evolucion-del-traje-de-bano\/\">&nbsp;Calle Viste a la Moda<\/a>&nbsp;(2021) Foto: Imagen Ilustrativa \/ Freepik<\/p>\n","protected":false},"excerpt":{"rendered":"<p>Foto: Cortes\u00eda Por el d\u00eda internacional del bikini Celeste Herrera SemM\u00e9xico\/ La Voz de la Frontera, Mexicali, B.C., 9 de agosto, 2024.- \u00bfUn d\u00eda para conmemorar una prenda de ba\u00f1o? As\u00ed es, y contrario a lo superficial que uno puede pensar que sea, en realidad es un atuendo que revolucion\u00f3 y form\u00f3 parte de la&nbsp;liberaci\u00f3n [&hellip;]<\/p>\n","protected":false},"author":3,"featured_media":85412,"comment_status":"open","ping_status":"open","sticky":false,"template":"","format":"standard","meta":{"_monsterinsights_skip_tracking":false,"footnotes":""},"categories":[748],"tags":[],"class_list":["post-85404","post","type-post","status-publish","format-standard","has-post-thumbnail","category-cultura-feminista"],"_links":{"self":[{"href":"https:\/\/redsemlac.com\/semmexico\/wp-json\/wp\/v2\/posts\/85404","targetHints":{"allow":["GET"]}}],"collection":[{"href":"https:\/\/redsemlac.com\/semmexico\/wp-json\/wp\/v2\/posts"}],"about":[{"href":"https:\/\/redsemlac.com\/semmexico\/wp-json\/wp\/v2\/types\/post"}],"author":[{"embeddable":true,"href":"https:\/\/redsemlac.com\/semmexico\/wp-json\/wp\/v2\/users\/3"}],"replies":[{"embeddable":true,"href":"https:\/\/redsemlac.com\/semmexico\/wp-json\/wp\/v2\/comments?post=85404"}],"version-history":[{"count":0,"href":"https:\/\/redsemlac.com\/semmexico\/wp-json\/wp\/v2\/posts\/85404\/revisions"}],"wp:featuredmedia":[{"embeddable":true,"href":"https:\/\/redsemlac.com\/semmexico\/wp-json\/wp\/v2\/media\/85412"}],"wp:attachment":[{"href":"https:\/\/redsemlac.com\/semmexico\/wp-json\/wp\/v2\/media?parent=85404"}],"wp:term":[{"taxonomy":"category","embeddable":true,"href":"https:\/\/redsemlac.com\/semmexico\/wp-json\/wp\/v2\/categories?post=85404"},{"taxonomy":"post_tag","embeddable":true,"href":"https:\/\/redsemlac.com\/semmexico\/wp-json\/wp\/v2\/tags?post=85404"}],"curies":[{"name":"wp","href":"https:\/\/api.w.org\/{rel}","templated":true}]}}