{"id":85400,"date":"2024-08-09T15:09:34","date_gmt":"2024-08-09T21:09:34","guid":{"rendered":"https:\/\/redsemlac.com\/semmexico\/?p=85400"},"modified":"2024-08-09T15:09:35","modified_gmt":"2024-08-09T21:09:35","slug":"el-congreso-tiene-que-despenalizar-el-aborto-en-jalisco-advirtio-diputada-local-electa","status":"publish","type":"post","link":"https:\/\/redsemlac.com\/semmexico\/el-congreso-tiene-que-despenalizar-el-aborto-en-jalisco-advirtio-diputada-local-electa\/","title":{"rendered":"El Congreso tiene que despenalizar el aborto en Jalisco, advirti\u00f3 diputada local electa"},"content":{"rendered":"\n<p class=\"wp-block-paragraph\"><a href=\"https:\/\/blob.udgtv.com\/images\/2024\/08\/07\/aborto.diputada.ip-focus-0-0-696-464.jpg\"><\/a>Foto: Ignacio P\u00e9rez<\/p>\n\n\n\n<p class=\"wp-block-paragraph\"><br>Diputada local electa del partido Hagamos se\u00f1ala como \u00abinaceptable\u00bb que el Congreso de Jalisco haya evadido una vez m\u00e1s su responsabilidad de despenalizar el aborto.<\/p>\n\n\n\n<p class=\"wp-block-paragraph\"><a href=\"https:\/\/udgtv.com\/autor\/ignacio-perez-vega\/160\">Ignacio P\u00e9rez Vega<\/a><\/p>\n\n\n\n<p class=\"wp-block-paragraph\">SemM\u00e9xico\/Radio UDG, Guadalajara, Jalisco, 9 de agosto, 2024.- Es inaceptable que el&nbsp;Congreso&nbsp;de&nbsp;Jalisco&nbsp;haya evadido una vez m\u00e1s su responsabilidad de&nbsp;despenalizar el aborto, tal y como lo ordena la Suprema Corte de Justicia de la Naci\u00f3n (SCJN) y un Tribunal Colegiado, advirti\u00f3 la diputada local electa de Hagamos, Valeria \u00c1vila.<\/p>\n\n\n\n<p class=\"wp-block-paragraph\">El tema se ha&nbsp;aplazado en diversas oportunidades&nbsp;y la m\u00e1s reciente fue el lunes pasado, cuando el dictamen ni siquiera se incluy\u00f3 en la orden del d\u00eda.<\/p>\n\n\n\n<p class=\"wp-block-paragraph\">Lo \u00fanico que le exige al&nbsp;Congreso&nbsp;del Estado es que haga su trabajo y si no lo hace&nbsp;caer\u00e1 en desacato.<\/p>\n\n\n\n<p class=\"wp-block-paragraph\">\u201cS\u00ed, son tintes pol\u00edticos y apegados a la moral de ciertas diputadas y ciertos diputados, pero lo que dice la diputada Mara Robles, es cierto, el&nbsp;Congreso&nbsp;no tiene nada m\u00e1s que hacer, que hacer su trabajo\u00bb.<\/p>\n\n\n\n<p class=\"wp-block-paragraph\">\u00abSolamente tendr\u00e1 que homologarse a las sentencias que emitieron el Tribunal federal y la Suprema Corte de Justicia para que salieran&nbsp;limpios de estos 85 d\u00edas&nbsp;que les quedan de su gesti\u00f3n\u00bb.<\/p>\n\n\n\n<p class=\"wp-block-paragraph\">\u00abNo les estamos pidiendo que hagan una reforma de ley integral para que les aseguren a las mujeres el andamiaje institucional para poder interrumpir un embarazo de forma segura, legal, gratuita y acompa\u00f1ada por parte de las instituciones, lo \u00fanico que les estamos solicitando es que se apeguen a derecho y que le ayuden a las mujeres a dejar de ser perseguidas cuando estos procedimientos se lleven a cabo en el estado\u201d, enfatiz\u00f3.<\/p>\n\n\n\n<p class=\"wp-block-paragraph\">Lo que se busca es que en&nbsp;Jalisco, las mujeres cuenten con un mecanismo seguro para interrumpir el embarazo. No obliga a nadie, es para aquellas mujeres que requieran hacerlo en el estado y que&nbsp;ya no tengan que viajar a la CDMX.<\/p>\n\n\n\n<p class=\"wp-block-paragraph\">Ante la negativa del&nbsp;Congreso&nbsp;a despenalizar el&nbsp;aborto&nbsp;en&nbsp;Jalisco, la asociaci\u00f3n GIRE (Grupo de Informaci\u00f3n en Reproducci\u00f3n Elegida) que present\u00f3 un juicio de amparo en contra del&nbsp;Congreso, ahora podr\u00e1 pedir a la SCJN que aplique sanciones a los&nbsp;38 diputados por aplazar una sentencia&nbsp;que ya emiti\u00f3 la propia Corte y un Tribunal Colegiado, dijo Valeria \u00c1vila.<\/p>\n\n\n\n<p class=\"wp-block-paragraph\">\u201cLo que sigue es que GIRE ahora que el Congreso del estado no se apega a la sentencia del Tribunal federal puede promover una incidencia de incumplimiento de sentencia y esto puede llegar desde una amonestaci\u00f3n hasta la c\u00e1rcel, dependiendo de la gravedad de lo que consideren los juzgadores para las y los diputados del Congreso del Estado\u00bb.<\/p>\n\n\n\n<p class=\"wp-block-paragraph\">\u00abSer\u00eda lastimoso, porque hay diputadas y diputados que&nbsp;s\u00ed est\u00e1n luchando por los derechos sexuales&nbsp;y&nbsp;reproductivos&nbsp;de las mujeres y sin embargo, tambi\u00e9n ser\u00edan amonestados por esta causa\u201d, dijo.<\/p>\n\n\n\n<ul class=\"wp-block-list\">\n<li>Lo que teme Valeria \u00c1vila es que el\u00a0Congreso\u00a0actual herede el dictamen para despenalizar el\u00a0aborto\u00a0a la siguiente Legislatura y de ocurrir eso, los nuevos legisladores y legisladoras, lo har\u00e1n, porque hay mayores condiciones pol\u00edticas para hacerlo.<\/li>\n<\/ul>\n\n\n\n<p class=\"wp-block-paragraph\"><a href=\"https:\/\/udgtv.com\/autor\/ignacio-perez-vega\/160\">Ignacio P\u00e9rez Vega<\/a> 28 a\u00f1os como periodista, en medios escrito, radiof\u00f3nico y televisivo. 17 de ellos en Radio UdeG, con amplia experiencia en temas como: Movilidad, educaci\u00f3n, trabajo y desarrollo urbano, pero adem\u00e1s en cobertura en temas de pol\u00edtica y administraciones tanto municipales como estatales. Becario de la Fundaci\u00f3n Nuevo Periodismo Iberoamericano (FNPI), en periodismo educativo en 2006.<\/p>\n","protected":false},"excerpt":{"rendered":"<p>Foto: Ignacio P\u00e9rez Diputada local electa del partido Hagamos se\u00f1ala como \u00abinaceptable\u00bb que el Congreso de Jalisco haya evadido una vez m\u00e1s su responsabilidad de despenalizar el aborto. Ignacio P\u00e9rez Vega SemM\u00e9xico\/Radio UDG, Guadalajara, Jalisco, 9 de agosto, 2024.- Es inaceptable que el&nbsp;Congreso&nbsp;de&nbsp;Jalisco&nbsp;haya evadido una vez m\u00e1s su responsabilidad de&nbsp;despenalizar el aborto, tal y como [&hellip;]<\/p>\n","protected":false},"author":3,"featured_media":85401,"comment_status":"open","ping_status":"open","sticky":false,"template":"","format":"standard","meta":{"_monsterinsights_skip_tracking":false,"footnotes":""},"categories":[50],"tags":[],"class_list":["post-85400","post","type-post","status-publish","format-standard","has-post-thumbnail","category-congreso"],"_links":{"self":[{"href":"https:\/\/redsemlac.com\/semmexico\/wp-json\/wp\/v2\/posts\/85400","targetHints":{"allow":["GET"]}}],"collection":[{"href":"https:\/\/redsemlac.com\/semmexico\/wp-json\/wp\/v2\/posts"}],"about":[{"href":"https:\/\/redsemlac.com\/semmexico\/wp-json\/wp\/v2\/types\/post"}],"author":[{"embeddable":true,"href":"https:\/\/redsemlac.com\/semmexico\/wp-json\/wp\/v2\/users\/3"}],"replies":[{"embeddable":true,"href":"https:\/\/redsemlac.com\/semmexico\/wp-json\/wp\/v2\/comments?post=85400"}],"version-history":[{"count":0,"href":"https:\/\/redsemlac.com\/semmexico\/wp-json\/wp\/v2\/posts\/85400\/revisions"}],"wp:featuredmedia":[{"embeddable":true,"href":"https:\/\/redsemlac.com\/semmexico\/wp-json\/wp\/v2\/media\/85401"}],"wp:attachment":[{"href":"https:\/\/redsemlac.com\/semmexico\/wp-json\/wp\/v2\/media?parent=85400"}],"wp:term":[{"taxonomy":"category","embeddable":true,"href":"https:\/\/redsemlac.com\/semmexico\/wp-json\/wp\/v2\/categories?post=85400"},{"taxonomy":"post_tag","embeddable":true,"href":"https:\/\/redsemlac.com\/semmexico\/wp-json\/wp\/v2\/tags?post=85400"}],"curies":[{"name":"wp","href":"https:\/\/api.w.org\/{rel}","templated":true}]}}