{"id":85342,"date":"2024-08-08T10:22:32","date_gmt":"2024-08-08T16:22:32","guid":{"rendered":"https:\/\/redsemlac.com\/semmexico\/?p=85342"},"modified":"2024-08-08T10:22:33","modified_gmt":"2024-08-08T16:22:33","slug":"los-capitales-contaminacion-electromagnetica-con-el-uso-de-wi-fi-y-4g-5g","status":"publish","type":"post","link":"https:\/\/redsemlac.com\/semmexico\/los-capitales-contaminacion-electromagnetica-con-el-uso-de-wi-fi-y-4g-5g\/","title":{"rendered":"Los capitales | Contaminaci\u00f3n electromagn\u00e9tica con el uso de Wi-Fi y 4G\/5G"},"content":{"rendered":"\n<p class=\"wp-block-paragraph\">Edgar&nbsp; Gonz\u00e1lez Mart\u00ednez&nbsp;<\/p>\n\n\n\n<p class=\"wp-block-paragraph\">SemM\u00e9xico, Cd. de M\u00e9xico, 8 de agosto, 2024.- El uso de dispositivos electr\u00f3nicos y la exposici\u00f3n a redes inal\u00e1mbricas Wi-Fi y 4G\/5G, est\u00e1n aumentado significativamente la cantidad de contaminaci\u00f3n electromagn\u00e9tica (CEM) a la que estamos expuestos. Al respecto, Jorge Barrea, Director Asociado de TES Am\u00e9rica, nos dice que la huella de contaminaci\u00f3n electromagn\u00e9tica de cada individuo se puede medir con los trastornos del sue\u00f1o, dolores de cabeza y otros problemas neurol\u00f3gicos.<\/p>\n\n\n\n<p class=\"wp-block-paragraph\">Hace 10 a\u00f1os, a\u00f1ade, la exposici\u00f3n promedio a campos electromagn\u00e9ticos de baja frecuencia, como los generados por l\u00edneas el\u00e9ctricas y electrodom\u00e9sticos, era generalmente insignificante. Los niveles t\u00edpicos en entornos dom\u00e9sticos estaban por debajo de 0.6 miligauss (mG) para campos magn\u00e9ticos.<\/p>\n\n\n\n<p class=\"wp-block-paragraph\"><strong>Actualmente, con&nbsp;<\/strong>el incremento de dispositivos electr\u00f3nicos y el uso intensivo de electricidad, los niveles de exposici\u00f3n han aumentado. Aunque todav\u00eda se mantienen generalmente dentro de l\u00edmites seguros establecidos por normativas, aunque se ha registrado un mayor n\u00famero de fuentes de emisi\u00f3n en los hogares y espacios p\u00fablicos.\u200b<br><em>\u201cEn la vida diaria, una persona puede absorber una considerable cantidad de contaminaci\u00f3n electromagn\u00e9tica debido al uso constante de dispositivos como tel\u00e9fonos m\u00f3viles, routers y repetidores inal\u00e1mbricos y aud\u00edfonos inal\u00e1mbricos. Estos aparatos emiten campos electromagn\u00e9ticos (CEM) que, aunque generalmente est\u00e1n dentro de los l\u00edmites seguros, contribuyen a una exposici\u00f3n acumulativa\u201d,<\/em>&nbsp;indica Jorge Barrera de&nbsp;<strong>TES America<\/strong>.<\/p>\n\n\n\n<p class=\"wp-block-paragraph\">Adem\u00e1s, el especialista de&nbsp;<strong>TES America<\/strong>&nbsp;se\u00f1ala que con la proliferaci\u00f3n de redes Wi-Fi y Bluetooth, junto con el uso intensivo de dispositivos electr\u00f3nicos, incrementa la presencia de radiaci\u00f3n no ionizante en nuestros entornos cotidianos, subrayando la importancia de monitorear y gestionar esta exposici\u00f3n para minimizar potenciales riesgos a la salud.<br>Se estima que la contaminaci\u00f3n electromagn\u00e9tica podr\u00eda agravarse significativamente en los pr\u00f3ximos 5 a 10 a\u00f1os debido al continuo avance y adopci\u00f3n de nuevas tecnolog\u00edas. El despliegue de redes 5G y la eventual introducci\u00f3n de 6G, junto con el crecimiento del Internet de las Cosas (IoT) y la expansi\u00f3n de dispositivos inteligentes, incrementar\u00e1n significativamente la cantidad de campos electromagn\u00e9ticos a los que estamos expuestos.&nbsp;<\/p>\n\n\n\n<p class=\"wp-block-paragraph\"><strong>M\u00e9xico, el segundo mercado m\u00e1s demandado en AL para construir Data Center<\/strong>&nbsp;<\/p>\n\n\n\n<p class=\"wp-block-paragraph\">El avance de las operaciones digitales est\u00e1 obligando a abrir m\u00e1s Centros de Datos. Seg\u00fan informaci\u00f3n de&nbsp;<strong>Data Center Market,&nbsp;<\/strong>el segundo mercado m\u00e1s grande de Latinoam\u00e9rica en cuanto a metros cuadrados y potencia energ\u00e9tica de data centers es M\u00e9xico. Actualmente, los Centros de Datos en M\u00e9xico consumen una gran cantidad de energ\u00eda, aproximadamente&nbsp;<strong>305 megawatts<\/strong>, mientras que en los pr\u00f3ximos cinco a\u00f1os, se estima que la industria demandar\u00e1&nbsp;<strong>1,492.7 megawatts,<\/strong>&nbsp;de los cuales 475.7 megawatts corresponden a los proyectos en construcci\u00f3n y 1,017 megawatts a los proyectos anunciados-. Esta energ\u00eda supondr\u00e1 una inversi\u00f3n de&nbsp;<strong>8 mil 737 millones de d\u00f3lares&nbsp;<\/strong>en el pa\u00eds.<\/p>\n\n\n\n<p class=\"wp-block-paragraph\">De acuerdo con estimaciones de&nbsp;<strong>La Asociaci\u00f3n Mexicana de Data Centers<\/strong>, para&nbsp;<strong>2029<\/strong>&nbsp;se espera la construcci\u00f3n de&nbsp;<strong>73 nuevos Centros de Datos en M\u00e9xico<\/strong>, que se suman a los&nbsp;<strong>166&nbsp;<\/strong>ya existentes en el pa\u00eds, la mayor\u00eda de los cuales est\u00e1n instalados en la regi\u00f3n Baj\u00edo, principalmente en Quer\u00e9taro, que concentra la mitad de la energ\u00eda destinada a Data Centers en el pa\u00eds, seguido de la Ciudad de M\u00e9xico y el Estado de M\u00e9xico, que concentran el 23 por ciento.<\/p>\n\n\n\n<p class=\"wp-block-paragraph\"><em>Automotive Innovations Awards<\/em>), premia Geely, una importante automotriz china.&nbsp;&nbsp;<\/p>\n\n\n\n<p class=\"wp-block-paragraph\">La empresa automotriz china fue reconocida como el fabricante n\u00famero uno de ese pa\u00eds y el segundo a nivel global en innovaci\u00f3n automotriz. Esto lo revela el Centro de Administraci\u00f3n Automotriz (CAM por sus siglas en ingl\u00e9s) como parte de los Premios a la Innovaci\u00f3n Automotriz 2024 (<em>Automotive Innovations Awards<\/em>), el cual reconoce a los mejores grupos automotrices de todo el mundo, por sus diversas invenciones dentro de la industria.&nbsp;<\/p>\n\n\n\n<p class=\"wp-block-paragraph\">Expertos automotrices del CAM realizaron un profundo an\u00e1lisis en 30 grupos automotrices con m\u00e1s de 100 marcas, que incluy\u00f3 un total de 709 inventos en el periodo anual 2023-2024. Con un \u00edndice de calificaci\u00f3n de 149.4 puntos (150 es el valor m\u00e1s alto), determinaron que Geely sobresali\u00f3 entre todos los fabricantes asi\u00e1ticos, y es la primera vez que este conglomerado se encuentra entre los 10 grupos automovil\u00edsticos m\u00e1s innovadores.<\/p>\n\n\n\n<p class=\"wp-block-paragraph\"><a href=\"mailto:loscapitales@yahoo.com.mx\">loscapitales@yahoo.com.mx<\/a><\/p>\n\n\n\n<p class=\"wp-block-paragraph\"><a href=\"http:\/\/www.agendadeinverciones.com.mx\/\">www.agendadeinverciones.com.mx<\/a><\/p>\n\n\n\n<p class=\"wp-block-paragraph\">Twiter: @Edgar4712<\/p>\n","protected":false},"excerpt":{"rendered":"<p>Edgar&nbsp; Gonz\u00e1lez Mart\u00ednez&nbsp; SemM\u00e9xico, Cd. de M\u00e9xico, 8 de agosto, 2024.- El uso de dispositivos electr\u00f3nicos y la exposici\u00f3n a redes inal\u00e1mbricas Wi-Fi y 4G\/5G, est\u00e1n aumentado significativamente la cantidad de contaminaci\u00f3n electromagn\u00e9tica (CEM) a la que estamos expuestos. Al respecto, Jorge Barrea, Director Asociado de TES Am\u00e9rica, nos dice que la huella de contaminaci\u00f3n [&hellip;]<\/p>\n","protected":false},"author":3,"featured_media":75979,"comment_status":"open","ping_status":"open","sticky":false,"template":"","format":"standard","meta":{"_monsterinsights_skip_tracking":false,"footnotes":""},"categories":[750,35],"tags":[],"class_list":["post-85342","post","type-post","status-publish","format-standard","has-post-thumbnail","category-edgar-gonzalez-martinez","category-opinion"],"_links":{"self":[{"href":"https:\/\/redsemlac.com\/semmexico\/wp-json\/wp\/v2\/posts\/85342","targetHints":{"allow":["GET"]}}],"collection":[{"href":"https:\/\/redsemlac.com\/semmexico\/wp-json\/wp\/v2\/posts"}],"about":[{"href":"https:\/\/redsemlac.com\/semmexico\/wp-json\/wp\/v2\/types\/post"}],"author":[{"embeddable":true,"href":"https:\/\/redsemlac.com\/semmexico\/wp-json\/wp\/v2\/users\/3"}],"replies":[{"embeddable":true,"href":"https:\/\/redsemlac.com\/semmexico\/wp-json\/wp\/v2\/comments?post=85342"}],"version-history":[{"count":0,"href":"https:\/\/redsemlac.com\/semmexico\/wp-json\/wp\/v2\/posts\/85342\/revisions"}],"wp:featuredmedia":[{"embeddable":true,"href":"https:\/\/redsemlac.com\/semmexico\/wp-json\/wp\/v2\/media\/75979"}],"wp:attachment":[{"href":"https:\/\/redsemlac.com\/semmexico\/wp-json\/wp\/v2\/media?parent=85342"}],"wp:term":[{"taxonomy":"category","embeddable":true,"href":"https:\/\/redsemlac.com\/semmexico\/wp-json\/wp\/v2\/categories?post=85342"},{"taxonomy":"post_tag","embeddable":true,"href":"https:\/\/redsemlac.com\/semmexico\/wp-json\/wp\/v2\/tags?post=85342"}],"curies":[{"name":"wp","href":"https:\/\/api.w.org\/{rel}","templated":true}]}}