{"id":85331,"date":"2024-08-07T14:03:47","date_gmt":"2024-08-07T20:03:47","guid":{"rendered":"https:\/\/redsemlac.com\/semmexico\/?p=85331"},"modified":"2024-08-07T14:03:48","modified_gmt":"2024-08-07T20:03:48","slug":"los-capitales-especuladores-presionan-a-banxico-para-que-libere-tasas-bancarias","status":"publish","type":"post","link":"https:\/\/redsemlac.com\/semmexico\/los-capitales-especuladores-presionan-a-banxico-para-que-libere-tasas-bancarias\/","title":{"rendered":"Los capitales | Especuladores presionan a Banxico para que libere tasas bancarias"},"content":{"rendered":"\n<p class=\"wp-block-paragraph\"><\/p>\n\n\n\n<p class=\"wp-block-paragraph\">Edgar Gonz\u00e1lez Mart\u00ednez&nbsp;&nbsp;&nbsp;&nbsp;&nbsp;&nbsp;&nbsp;&nbsp;&nbsp;&nbsp;&nbsp;&nbsp;&nbsp;&nbsp;&nbsp;&nbsp;&nbsp;&nbsp;&nbsp;&nbsp;&nbsp;&nbsp;&nbsp;&nbsp;&nbsp;&nbsp;&nbsp;&nbsp;&nbsp;&nbsp;&nbsp;&nbsp;&nbsp;&nbsp;&nbsp;&nbsp;&nbsp;&nbsp;&nbsp;&nbsp;&nbsp;&nbsp;&nbsp;&nbsp;&nbsp;&nbsp;&nbsp;&nbsp;&nbsp;&nbsp;&nbsp;&nbsp;&nbsp;&nbsp;&nbsp;&nbsp;&nbsp;&nbsp;&nbsp;&nbsp;&nbsp;&nbsp;&nbsp;&nbsp;&nbsp;&nbsp;&nbsp;&nbsp;&nbsp;&nbsp;&nbsp;&nbsp;&nbsp;<\/p>\n\n\n\n<p class=\"wp-block-paragraph\">SemM\u00e9xico, Cd. de M\u00e9xico, 7 de agosto, 2024.- El Banco de M\u00e9xico sigue recibiendo presiones para que cambie su actual pol\u00edtica monetaria que ha llevado en el \u00faltimo a\u00f1o de un gobierno, ciertamente caracterizada por ser restrictiva, pero que a\u00fan con eso ha permitido a la econom\u00eda nacional terminar un sexenio con una holgura que hac\u00eda tiempo no se ten\u00eda en los anales de la historia pol\u00edtica-econ\u00f3mica de este pa\u00eds. \u00bfQui\u00e9n ganar\u00eda si M\u00e9xico decide liberar el actual nivel de tasas bancarias? Todo apunta a especuladores, especialmente a aquellos que se dedican a mover capitales y buscar protecci\u00f3n para sus cuantiosas inversiones bajo el manto de un gobierno dispuesto a pagar los intereses monetarios para que se siga considerando a M\u00e9xico un campo para la inversi\u00f3n.<\/p>\n\n\n\n<p class=\"wp-block-paragraph\">No, los verdaderos inversionistas, aquellos que en verdad arriesgan su dinero, no necesitan de ese tipo de apoyos. Los capitales vienen o se van, pero por motivos mercantiles, no especulativos. Precisamente, hace unos d\u00edas, la UNCTAD (La Conferencia de las Naciones Unidas sobre Comercio y Desarrollo) inform\u00f3 que M\u00e9xico es la novena econom\u00eda que m\u00e1s flujos capt\u00f3 a nivel global por concepto de Inversi\u00f3n Extranjera Directa (IED) en el a\u00f1o 2023, y en Am\u00e9rica Latina es el segundo m\u00e1s relevante, s\u00f3lo despu\u00e9s de Brasil. En los \u00faltimos cinco a\u00f1os, la reinversi\u00f3n de utilidades aument\u00f3 en 53%, lo que habla de la determinaci\u00f3n de los empresarios sobre seguir potencializando sus inversiones en M\u00e9xico. Esto \u00faltimo sugiere que buena parte de las compa\u00f1\u00edas sigue ampliando su capacidad instalada en M\u00e9xico.<\/p>\n\n\n\n<p class=\"wp-block-paragraph\">Precisamente, la Secretar\u00eda de Econom\u00eda (SE) inform\u00f3 que, del 1 de enero al 30 de junio de 2024, se han identificado 143 anuncios de inversi\u00f3n por un total estimado en 45,464 millones de d\u00f3lares (mdd). Estas inversiones se suman a los 110,744 mdd que fueron anunciados en el 2023. La SE se\u00f1al\u00f3 que se espera que este monto ingrese al pa\u00eds en los pr\u00f3ximos dos o tres a\u00f1os y que tendr\u00edan un impacto de 50,498 nuevos empleos. Los principales pa\u00edses de origen son: Estados Unidos con el 48% del total, seguido por Alemania con el 15% y Argentina con el 10%. Sin embargo, de acuerdo con la SE, se observa el ingreso de China y Francia entre los principales pa\u00edses interesados en invertir en M\u00e9xico, especialmente en el rubro automotriz y gas natural.&nbsp;&nbsp;&nbsp;&nbsp;&nbsp;&nbsp;&nbsp;<\/p>\n\n\n\n<p class=\"wp-block-paragraph\">Estos son los verdaderos inversionistas, no los que buscan un beneficio para proteger sus intereses bajo el manto de una pol\u00edtica monetaria \u201clibre\u201d de restricciones. Dejen al Banco de M\u00e9xico tomar sus decisiones. Lo que pasa en el mundo econ\u00f3mico es muy dif\u00edcil y un ejemplo lo tuvimos con el reciente \u201clunes negro\u201d en las bolsas. Por favor, se\u00f1ores especuladores, dejen de hacer ruido.<\/p>\n\n\n\n<p class=\"wp-block-paragraph\">Tenemos cifras r\u00e9cord no solo en inversi\u00f3n, sino en empleo, en salario m\u00ednimo, en salario promedio, en inversi\u00f3n extranjera, en exportaciones; estamos batiendo much\u00edsimos r\u00e9cords hist\u00f3ricos. En materia comercial tambi\u00e9n hemos desplazado a China como proveedor de Estados Unidos, que es nuestro principal socio comercial. La regi\u00f3n de Am\u00e9rica del Norte produce el 30 por ciento del PIB a nivel global, entonces participar en ese mercado como uno de los principales exportadores nos habla de lo importante que somos.&nbsp;&nbsp;En fin, somos el noveno pa\u00eds en exportaciones a nivel global.<\/p>\n\n\n\n<p class=\"wp-block-paragraph\"><strong>Se dice que la econom\u00eda de EU est\u00e1 mal y va para peor<\/strong><\/p>\n\n\n\n<p class=\"wp-block-paragraph\">En efecto, en esta \u00faltima semana se conocieron algunos indicadores (muy pocos), de que nuestro socio comercial est\u00e1 mal. Por supuesto, ninguna econom\u00eda en el mundo est\u00e1 exenta de esos vaivenes, y como se\u00f1alan analistas de INVEX \u201csurgi\u00f3&nbsp;en el mercado una expectativa, con mucha fuerza, pero pocos argumentos, sobre una posible recesi\u00f3n en la econom\u00eda de Estados Unidos durante los pr\u00f3ximos meses. Esto a ra\u00edz de un reporte de empleo que se ubic\u00f3 por debajo de lo esperado por el mercado y que, si bien confirma un debilitamiento del mercado laboral, en ning\u00fan momento apunta hacia una contracci\u00f3n del empleo\u201d.<\/p>\n\n\n\n<p class=\"wp-block-paragraph\">Por supuesto, se monitorear\u00e1n indicadores econ\u00f3micos relevantes durante los siguientes d\u00edas para determinar hasta d\u00f3nde podr\u00eda frenarse el ritmo de actividad en la principal econom\u00eda del mundo.<\/p>\n\n\n\n<p class=\"wp-block-paragraph\">El 2 de septiembre, discusi\u00f3n y posible aprobaci\u00f3n, de las reformas al Poder Judicial.<\/p>\n\n\n\n<p class=\"wp-block-paragraph\">As\u00ed lo afirm\u00f3 el senador Ricardo Monreal \u00c1vila, y dijo que se respetar\u00e1n todas las expresiones y puntos de vista, pero tambi\u00e9n \u201cresistiremos presiones internas, externas y mantendremos firmes nuestros principios y nuestros compromisos\u201d. Durante el octavo foro de los \u201cDi\u00e1logos Nacionales para la Reforma al Poder Judicial\u201d, el presidente de la Junta de Coordinaci\u00f3n Pol\u00edtica del Senado se refiri\u00f3 as\u00ed a las declaraciones de la Relatora Especial sobre la Independencia de Magistrados y Abogados de la ONU, Margaret Satterthwaite:<\/p>\n\n\n\n<p class=\"wp-block-paragraph\"><a href=\"mailto:loscapitales@yahoo.com.mx\">loscapitales@yahoo.com.mx<\/a><\/p>\n\n\n\n<p class=\"wp-block-paragraph\"><a href=\"http:\/\/www.agendadeinversiones.com.mx\/\">www.agendadeinversiones.com.mx<\/a><\/p>\n\n\n\n<p class=\"wp-block-paragraph\">Twiter: @Edgar4712<\/p>\n","protected":false},"excerpt":{"rendered":"<p>Edgar Gonz\u00e1lez Mart\u00ednez&nbsp;&nbsp;&nbsp;&nbsp;&nbsp;&nbsp;&nbsp;&nbsp;&nbsp;&nbsp;&nbsp;&nbsp;&nbsp;&nbsp;&nbsp;&nbsp;&nbsp;&nbsp;&nbsp;&nbsp;&nbsp;&nbsp;&nbsp;&nbsp;&nbsp;&nbsp;&nbsp;&nbsp;&nbsp;&nbsp;&nbsp;&nbsp;&nbsp;&nbsp;&nbsp;&nbsp;&nbsp;&nbsp;&nbsp;&nbsp;&nbsp;&nbsp;&nbsp;&nbsp;&nbsp;&nbsp;&nbsp;&nbsp;&nbsp;&nbsp;&nbsp;&nbsp;&nbsp;&nbsp;&nbsp;&nbsp;&nbsp;&nbsp;&nbsp;&nbsp;&nbsp;&nbsp;&nbsp;&nbsp;&nbsp;&nbsp;&nbsp;&nbsp;&nbsp;&nbsp;&nbsp;&nbsp;&nbsp; SemM\u00e9xico, Cd. de M\u00e9xico, 7 de agosto, 2024.- El Banco de M\u00e9xico sigue recibiendo presiones para que cambie su actual pol\u00edtica monetaria que ha llevado en el \u00faltimo a\u00f1o de un gobierno, ciertamente caracterizada por ser restrictiva, pero que a\u00fan con eso ha permitido a la econom\u00eda nacional terminar un sexenio con [&hellip;]<\/p>\n","protected":false},"author":3,"featured_media":75979,"comment_status":"open","ping_status":"open","sticky":false,"template":"","format":"standard","meta":{"_monsterinsights_skip_tracking":false,"footnotes":""},"categories":[750,35],"tags":[],"class_list":["post-85331","post","type-post","status-publish","format-standard","has-post-thumbnail","category-edgar-gonzalez-martinez","category-opinion"],"_links":{"self":[{"href":"https:\/\/redsemlac.com\/semmexico\/wp-json\/wp\/v2\/posts\/85331","targetHints":{"allow":["GET"]}}],"collection":[{"href":"https:\/\/redsemlac.com\/semmexico\/wp-json\/wp\/v2\/posts"}],"about":[{"href":"https:\/\/redsemlac.com\/semmexico\/wp-json\/wp\/v2\/types\/post"}],"author":[{"embeddable":true,"href":"https:\/\/redsemlac.com\/semmexico\/wp-json\/wp\/v2\/users\/3"}],"replies":[{"embeddable":true,"href":"https:\/\/redsemlac.com\/semmexico\/wp-json\/wp\/v2\/comments?post=85331"}],"version-history":[{"count":0,"href":"https:\/\/redsemlac.com\/semmexico\/wp-json\/wp\/v2\/posts\/85331\/revisions"}],"wp:featuredmedia":[{"embeddable":true,"href":"https:\/\/redsemlac.com\/semmexico\/wp-json\/wp\/v2\/media\/75979"}],"wp:attachment":[{"href":"https:\/\/redsemlac.com\/semmexico\/wp-json\/wp\/v2\/media?parent=85331"}],"wp:term":[{"taxonomy":"category","embeddable":true,"href":"https:\/\/redsemlac.com\/semmexico\/wp-json\/wp\/v2\/categories?post=85331"},{"taxonomy":"post_tag","embeddable":true,"href":"https:\/\/redsemlac.com\/semmexico\/wp-json\/wp\/v2\/tags?post=85331"}],"curies":[{"name":"wp","href":"https:\/\/api.w.org\/{rel}","templated":true}]}}