{"id":85326,"date":"2024-08-07T14:00:16","date_gmt":"2024-08-07T20:00:16","guid":{"rendered":"https:\/\/redsemlac.com\/semmexico\/?p=85326"},"modified":"2024-08-07T14:02:10","modified_gmt":"2024-08-07T20:02:10","slug":"la-reconexion-de-teleplanteles-dara-acceso-a-la-educacion-a-1-5-millones-de-estudiantes","status":"publish","type":"post","link":"https:\/\/redsemlac.com\/semmexico\/la-reconexion-de-teleplanteles-dara-acceso-a-la-educacion-a-1-5-millones-de-estudiantes\/","title":{"rendered":"La reconexi\u00f3n de teleplanteles dar\u00e1 acceso a la educaci\u00f3n a 1.5 millones de estudiantes\u00a0"},"content":{"rendered":"\n<p class=\"wp-block-paragraph\">Inicio C\u00e1tedra \u00c1lvaro G\u00e1lvez y Fuentes 2024<\/p>\n\n\n\n<p class=\"wp-block-paragraph\">Micaela M\u00e1rquez&nbsp;<\/p>\n\n\n\n<p class=\"wp-block-paragraph\">SemM\u00e9xico, Ciudad de M\u00e9xico, 7 de agosto,&nbsp; 2024.- La reconexi\u00f3n de teleplanteles que realiza el Gobierno de M\u00e9xico es fundamental, pues representa la recuperaci\u00f3n de la televisi\u00f3n educativa para que m\u00e1s de 1.5 millones de estudiantes ejerzan su derecho a la educaci\u00f3n y accedan a recursos educativos y digitales, asegur\u00f3 la&nbsp; directora general de @<a href=\"http:\/\/prende.mx\/\">prende.mx<\/a>, de la Secretaria de Educaci\u00f3n P\u00fablica, Azucena Pimentel Mendoza.<\/p>\n\n\n\n<p class=\"wp-block-paragraph\">Al inaugurar los trabajos de la C\u00e1tedra \u201c\u00c1lvaro G\u00e1lvez y Fuentes\u201d edici\u00f3n 2024 en el marco de los&nbsp; 60 a\u00f1os de la televisi\u00f3n educativa y publica en el pa\u00eds, destac\u00f3 el trabajo actual de los medios p\u00fablicos de comunicaci\u00f3n, ya que, en circunstancias como la emergencia sanitaria y el distanciamiento social, apuntalaron la estrategia nacional para no interrumpir la formaci\u00f3n de millones de estudiantes.<\/p>\n\n\n\n<p class=\"wp-block-paragraph\">Expuso que la labor que realizan las y los maestros en los teleplanteles est\u00e1 fortalecida y potencializada por la Nueva Escuela Mexicana (NEM), una propuesta pedag\u00f3gica que prioriza el aprendizaje de ni\u00f1as, ni\u00f1os, adolescentes y j\u00f3venes en busca de la equidad y la mejora continua del proceso de ense\u00f1anza-aprendizaje.<\/p>\n\n\n\n<p class=\"wp-block-paragraph\">Expres\u00f3 que la educaci\u00f3n es un acto pol\u00edtico de transformaci\u00f3n de la realidad. La dignificaci\u00f3n de la infraestructura y la renovaci\u00f3n de los materiales educativos trae consigo una transformaci\u00f3n de las m\u00faltiples dimensiones de la vida escolar, por lo que retom\u00f3 las palabras del gran novelista y pol\u00edtico mexicano Agust\u00edn Y\u00e1nez, \u201clos medios audiovisuales no sustituyen al maestro, lo ayudan, lo emulan y contribuyen en su eficiencia profesional.\u201d<\/p>\n\n\n\n<p class=\"wp-block-paragraph\">Record\u00f3 que la Nueva Escuela Mexicana impulsa la transformaci\u00f3n social dentro y fuera de las escuelas a trav\u00e9s de campos formativos, adem\u00e1s de fomentar el humanismo; la formaci\u00f3n de un pensamiento cr\u00edtico; el sentido de pertenencia; el respeto desde la interculturalidad y el aprendizaje basado en el di\u00e1logo.<\/p>\n\n\n\n<p class=\"wp-block-paragraph\">En el conversatorio \u201c\u00c1lvaro G\u00e1lvez y Fuentes, el bachiller\u201d, los panelistas compartieron an\u00e9cdotas y resaltaron las aportaciones de \u201cel Bachiller\u201d en los medios p\u00fablicos de comunicaci\u00f3n; la fundaci\u00f3n de las telesecundarias y la producci\u00f3n de contenidos audiovisuales de radio y televisi\u00f3n, para favorecer la alfabetizaci\u00f3n de millones de personas en todo el pa\u00eds.<\/p>\n\n\n\n<p class=\"wp-block-paragraph\">Participaron el director general de&nbsp;Canal 22, Pavel Granados Chaparro; el periodista y escritor Teodoro Renter\u00eda Arr\u00f3yave, y el dramaturgo, investigador de la comunicaci\u00f3n y productor, Jos\u00e9 Miguel Sabido Ruis\u00e1nchez.<\/p>\n\n\n\n<figure class=\"wp-block-image\"><img decoding=\"async\" src=\"https:\/\/lh7-rt.googleusercontent.com\/docsz\/AD_4nXfyixGsWECO0rV0uOV2aK89ob1y4kw2eCCkRvs2xoyPn-6_1MF6HkMlyQDX3tPb6tqtkoOjYEgZV30KoCIqkiVrV6ZKqU7WdtU5w2Wazv6MP3M1nrIBadwk52yIcjx0U2RG09N1tC4R3iRk0EaSoTeeeKkJy0XeOE2X3OVTv4JzGvbpCBNT3Q?key=gYrgQFQYYcemLfwDWyPWeg\" alt=\"Una mujer parada enfrente de una laptop\n\nDescripci\u00f3n generada autom\u00e1ticamente con confianza baja\"\/><\/figure>\n\n\n\n<p class=\"wp-block-paragraph\">La C\u00e1tedra \u201c\u00c1lvaro G\u00e1lvez y Fuentes\u201d edici\u00f3n 2024 se realiza de manera presencial y virtual, en el Aula Mayor de El Colegio Nacional, ubicado en Donceles No. 104, Centro Hist\u00f3rico, alcald\u00eda Cuauht\u00e9moc, CP 06000, Ciudad de M\u00e9xico&nbsp;<a href=\"https:\/\/t.ly\/-SK6r\">https:\/\/t.ly\/-SK6r<\/a><\/p>\n\n\n\n<p class=\"wp-block-paragraph\">C\u00e1tedra \u201c\u00c1lvaro G\u00e1lvez y Fuentes\u201d, edici\u00f3n 2024<\/p>\n\n\n\n<p class=\"wp-block-paragraph\">Las conferencias y los conversatorios est\u00e1n disponibles en las redes institucionales de la SEP y de @<a href=\"http:\/\/aprende.mx\/\">aprende.mx<\/a><\/p>\n\n\n\n<p class=\"wp-block-paragraph\">Mi\u00e9rcoles 7 de agosto<\/p>\n\n\n\n<p class=\"wp-block-paragraph\">Conferencia: \u201cGarantizando el derecho a la educaci\u00f3n de ni\u00f1as, ni\u00f1os y adolescentes en contextos de marginaci\u00f3n rural y urbana\u201d.<\/p>\n\n\n\n<p class=\"wp-block-paragraph\">Conversatorio: \u201cLa inclusi\u00f3n educativa en M\u00e9xico\u201d.<\/p>\n\n\n\n<p class=\"wp-block-paragraph\">Jueves 8 de agosto<\/p>\n\n\n\n<p class=\"wp-block-paragraph\">Conferencia: \u201cLas agendas digitales educativas: herramientas para reducir desigualdades y promover justicia laboral\u201d.<\/p>\n\n\n\n<p class=\"wp-block-paragraph\">Conversatorio: \u201cLa agenda digital educativa\u201d.<\/p>\n","protected":false},"excerpt":{"rendered":"<p>Inicio C\u00e1tedra \u00c1lvaro G\u00e1lvez y Fuentes 2024 Micaela M\u00e1rquez&nbsp; SemM\u00e9xico, Ciudad de M\u00e9xico, 7 de agosto,&nbsp; 2024.- La reconexi\u00f3n de teleplanteles que realiza el Gobierno de M\u00e9xico es fundamental, pues representa la recuperaci\u00f3n de la televisi\u00f3n educativa para que m\u00e1s de 1.5 millones de estudiantes ejerzan su derecho a la educaci\u00f3n y accedan a recursos [&hellip;]<\/p>\n","protected":false},"author":3,"featured_media":85327,"comment_status":"open","ping_status":"open","sticky":false,"template":"","format":"standard","meta":{"_monsterinsights_skip_tracking":false,"footnotes":""},"categories":[682],"tags":[],"class_list":["post-85326","post","type-post","status-publish","format-standard","has-post-thumbnail","category-noticias"],"_links":{"self":[{"href":"https:\/\/redsemlac.com\/semmexico\/wp-json\/wp\/v2\/posts\/85326","targetHints":{"allow":["GET"]}}],"collection":[{"href":"https:\/\/redsemlac.com\/semmexico\/wp-json\/wp\/v2\/posts"}],"about":[{"href":"https:\/\/redsemlac.com\/semmexico\/wp-json\/wp\/v2\/types\/post"}],"author":[{"embeddable":true,"href":"https:\/\/redsemlac.com\/semmexico\/wp-json\/wp\/v2\/users\/3"}],"replies":[{"embeddable":true,"href":"https:\/\/redsemlac.com\/semmexico\/wp-json\/wp\/v2\/comments?post=85326"}],"version-history":[{"count":0,"href":"https:\/\/redsemlac.com\/semmexico\/wp-json\/wp\/v2\/posts\/85326\/revisions"}],"wp:featuredmedia":[{"embeddable":true,"href":"https:\/\/redsemlac.com\/semmexico\/wp-json\/wp\/v2\/media\/85327"}],"wp:attachment":[{"href":"https:\/\/redsemlac.com\/semmexico\/wp-json\/wp\/v2\/media?parent=85326"}],"wp:term":[{"taxonomy":"category","embeddable":true,"href":"https:\/\/redsemlac.com\/semmexico\/wp-json\/wp\/v2\/categories?post=85326"},{"taxonomy":"post_tag","embeddable":true,"href":"https:\/\/redsemlac.com\/semmexico\/wp-json\/wp\/v2\/tags?post=85326"}],"curies":[{"name":"wp","href":"https:\/\/api.w.org\/{rel}","templated":true}]}}