{"id":85323,"date":"2024-08-07T13:58:04","date_gmt":"2024-08-07T19:58:04","guid":{"rendered":"https:\/\/redsemlac.com\/semmexico\/?p=85323"},"modified":"2024-08-07T13:58:05","modified_gmt":"2024-08-07T19:58:05","slug":"en-50-anos-de-politica-de-poblacion-destacan-los-derechos-reproductivos-la-igualdad-de-genero-y-el-desarrollo-sostenible","status":"publish","type":"post","link":"https:\/\/redsemlac.com\/semmexico\/en-50-anos-de-politica-de-poblacion-destacan-los-derechos-reproductivos-la-igualdad-de-genero-y-el-desarrollo-sostenible\/","title":{"rendered":"En 50 a\u00f1os de pol\u00edtica de poblaci\u00f3n destacan los derechos reproductivos, la igualdad de g\u00e9nero y el desarrollo sostenible"},"content":{"rendered":"\n<p class=\"wp-block-paragraph\">Memoria Hist\u00f3rica en fotograf\u00edas en el Senado de la Republica&nbsp;<\/p>\n\n\n\n<p class=\"wp-block-paragraph\">Elda Montiel&nbsp;<\/p>\n\n\n\n<p class=\"wp-block-paragraph\">SemM\u00e9xico, Ciudad de M\u00e9xico, 7 de agosto, 2024.- La exposici\u00f3n 50 a\u00f1os de la Memoria Hist\u00f3rica de la Poblaci\u00f3n en M\u00e9xico&nbsp; presenta los cambios de paradigma en la pol\u00edtica de poblaci\u00f3n del pa\u00eds, principalmente en los derechos reproductivos, los derechos humanos y la dignidad y bienestar de las personas se expuso en el Senado de la Rep\u00fablica.&nbsp;<\/p>\n\n\n\n<p class=\"wp-block-paragraph\">La presidenta del Senado, Ana Lilia Rivera Rivera destac\u00f3 que durante cinco d\u00e9cadas hemos sido testigos de cambios demogr\u00e1ficos significativos y que la pol\u00edtica de poblaci\u00f3n del futuro presenta desaf\u00edos complejos que s\u00f3lo se podr\u00e1n enfrentar si se suman esfuerzos, se construyen alianzas y se dise\u00f1an pol\u00edticas que respondan a las necesidades de nuestra poblaci\u00f3n en su diversidad y dinamismo.<\/p>\n\n\n\n<p class=\"wp-block-paragraph\">\u201cAl unir nuestras voces y acciones, forjamos un camino hacia un M\u00e9xico en el que cada persona, sin importar su origen o condici\u00f3n, tengan las herramientas para prosperar y contribuir en el desarrollo colectivo\u201d, agreg\u00f3 Rivera Rivera.<\/p>\n\n\n\n<p class=\"wp-block-paragraph\">En la ceremonia de inauguraci\u00f3n de la exposici\u00f3n \u201cMemoria hist\u00f3rica de la Pol\u00edtica de Poblaci\u00f3n en M\u00e9xico\u201d por los 50 a\u00f1os del Consejo Nacional de Poblaci\u00f3n, la legisladora agradeci\u00f3 al Fondo de Poblaci\u00f3n de las Naciones Unidas por su labor incansable a favor de los derechos reproductivos, la igualdad de g\u00e9nero y el desarrollo sostenible que es fundamental para el progreso de nuestra sociedad.<\/p>\n\n\n\n<p class=\"wp-block-paragraph\">A la Secretar\u00eda de Gobernaci\u00f3n y al Consejo Nacional de Poblaci\u00f3n, el reconocimiento por su compromiso y esfuerzo por la promoci\u00f3n de pol\u00edticas p\u00fablicas que buscan el bienestar de toda la poblaci\u00f3n mexicana. Su trabajo es vital para construir un M\u00e9xico m\u00e1s equitativo y pr\u00f3spero.<\/p>\n\n\n\n<p class=\"wp-block-paragraph\">Alanna Armitage, representante del Fondo de Poblaci\u00f3n de las Naciones Unidas (Unfpa) en M\u00e9xico, resalt\u00f3 que esta exposici\u00f3n representa 50 a\u00f1os de compromiso y dedicaci\u00f3n en la b\u00fasqueda de un M\u00e9xico m\u00e1s pr\u00f3spero y equitativo.<\/p>\n\n\n\n<p class=\"wp-block-paragraph\">\u201cA trav\u00e9s de los posters vemos c\u00f3mo a lo largo de estas cinco d\u00e9cadas, la pol\u00edtica de poblaci\u00f3n de M\u00e9xico ha impactado positivamente en la vida de los mexicanos y muestra el cambio de paradigma en la forma de pensar sobre poblaci\u00f3n y desarrollo que ahora se centra en los derechos humanos, la dignidad y el bienestar de las personas, en particular en su derecho a decidir libremente si tiene o no hijos y cu\u00e1ndo tenerlos, a ejercer la autonom\u00eda sobre su propio cuerpo y al derecho a vivir sin violencia\u201d, dijo.<\/p>\n\n\n\n<p class=\"wp-block-paragraph\">La presidenta del Senado de la Rep\u00fablica, Ana Lilia Rivera Rivera, explic\u00f3 que este acto celebra los avances en la pol\u00edtica de poblaci\u00f3n, y representa un testimonio del compromiso del Senado de la Rep\u00fablica con la promoci\u00f3n de proyectos poblacionales inclusivos y de vanguardia.&nbsp;A\u00f1adi\u00f3 que este acto refleja el compromiso institucional con la historia y el entendimiento profundo de la evoluci\u00f3n de las pol\u00edticas de poblaci\u00f3n en nuestro pa\u00eds.<\/p>\n\n\n\n<p class=\"wp-block-paragraph\">\u201cEsta galer\u00eda fotogr\u00e1fica, ofrece una ventana para observar, reflexionar y documentar momentos hist\u00f3ricos clave a fin de detectar los avances y las \u00e1reas en las que a\u00fan se tiene que trabajar\u201d.<\/p>\n\n\n\n<p class=\"wp-block-paragraph\">Por su parte, la senadora M\u00f3nica Fern\u00e1ndez Balboa, presidenta de la Comisi\u00f3n de Gobernaci\u00f3n, consider\u00f3 que el CONAPO ha jugado un papel crucial en la formulaci\u00f3n de pol\u00edticas p\u00fablicas que contribuyen a la creaci\u00f3n de una sociedad m\u00e1s informada e incluyente.<\/p>\n\n\n\n<p class=\"wp-block-paragraph\">Esta exposici\u00f3n, se\u00f1al\u00f3, es un recordatorio de que el camino hacia el desarrollo y la equidad es continuo y requiere de la participaci\u00f3n de todas y todos.<\/p>\n\n\n\n<p class=\"wp-block-paragraph\">Mientras que Arturo Medina Padilla, subsecretario de Derechos Humanos, Poblaci\u00f3n y Migraci\u00f3n de la Secretar\u00eda de Gobernaci\u00f3n,&nbsp; resalto el trabajo de an\u00e1lisis del Consejo en el dise\u00f1o de las pol\u00edticas p\u00fablicas como en el dise\u00f1o de programas sociales como la pensi\u00f3n para adultos mayores y j\u00f3venes construyendo el futuro.<\/p>\n\n\n\n<p class=\"wp-block-paragraph\">En este sentido, manifest\u00f3 el compromiso de que la pol\u00edtica que se genere permitir\u00e1 en el futuro pr\u00f3ximo aumentar programas de bienestar para todas y todos los mexicanos, a fin de \u201ccimentar lo que ser\u00e1 el segundo piso de la transformaci\u00f3n, con la presidenta electa de M\u00e9xico, Claudia Sheinbaum Pardo\u201d.<\/p>\n\n\n\n<p class=\"wp-block-paragraph\">Gabriela Rodr\u00edguez Ram\u00edrez, secretaria general del CONAPO, destac\u00f3 que, gracias al trabajo de las 11 Secretar\u00edas y cinco organismos que forman parte de esta dependencia, M\u00e9xico se ha posicionado en el \u00e1mbito internacional como la naci\u00f3n con pol\u00edticas de poblaci\u00f3n m\u00e1s avanzadas y progresistas.<\/p>\n\n\n\n<p class=\"wp-block-paragraph\">En la galer\u00eda abierta, ubicada en la reja perimetral del edificio de esta C\u00e1mara, el p\u00fablico en general podr\u00e1 apreciar 50 a\u00f1os de historia del CONAPO, desde su instalaci\u00f3n el 27 de marzo de 1974, hasta los avances que se han registrado en estos a\u00f1os, a trav\u00e9s de materiales gr\u00e1ficos, fotograf\u00edas, carteles y portadas de publicaciones sobre distintos temas sociodemogr\u00e1ficos que se exhibir\u00e1n desde este martes y hasta el pr\u00f3ximo 16 de agosto.<\/p>\n\n\n\n<p class=\"wp-block-paragraph\">\u201cA 50 a\u00f1os de vida institucional del Consejo Nacional de Poblaci\u00f3n, los avances son significativos, somos un pa\u00eds grande, con 132.3 millones de habitantes. Ocupamos el d\u00e9cimo lugar entre los pa\u00edses con m\u00e1s poblaci\u00f3n en el mundo y, desde que arranc\u00f3 este siglo, ya crecemos lentamente, a menos del uno por ciento anual. Se estima que llegaremos al tope en 2052, con un volumen de 147 millones de personas\u201d, precis\u00f3 la dependencia.<\/p>\n","protected":false},"excerpt":{"rendered":"<p>Memoria Hist\u00f3rica en fotograf\u00edas en el Senado de la Republica&nbsp; Elda Montiel&nbsp; SemM\u00e9xico, Ciudad de M\u00e9xico, 7 de agosto, 2024.- La exposici\u00f3n 50 a\u00f1os de la Memoria Hist\u00f3rica de la Poblaci\u00f3n en M\u00e9xico&nbsp; presenta los cambios de paradigma en la pol\u00edtica de poblaci\u00f3n del pa\u00eds, principalmente en los derechos reproductivos, los derechos humanos y la [&hellip;]<\/p>\n","protected":false},"author":3,"featured_media":85324,"comment_status":"open","ping_status":"open","sticky":false,"template":"","format":"standard","meta":{"_monsterinsights_skip_tracking":false,"footnotes":""},"categories":[682],"tags":[],"class_list":["post-85323","post","type-post","status-publish","format-standard","has-post-thumbnail","category-noticias"],"_links":{"self":[{"href":"https:\/\/redsemlac.com\/semmexico\/wp-json\/wp\/v2\/posts\/85323","targetHints":{"allow":["GET"]}}],"collection":[{"href":"https:\/\/redsemlac.com\/semmexico\/wp-json\/wp\/v2\/posts"}],"about":[{"href":"https:\/\/redsemlac.com\/semmexico\/wp-json\/wp\/v2\/types\/post"}],"author":[{"embeddable":true,"href":"https:\/\/redsemlac.com\/semmexico\/wp-json\/wp\/v2\/users\/3"}],"replies":[{"embeddable":true,"href":"https:\/\/redsemlac.com\/semmexico\/wp-json\/wp\/v2\/comments?post=85323"}],"version-history":[{"count":0,"href":"https:\/\/redsemlac.com\/semmexico\/wp-json\/wp\/v2\/posts\/85323\/revisions"}],"wp:featuredmedia":[{"embeddable":true,"href":"https:\/\/redsemlac.com\/semmexico\/wp-json\/wp\/v2\/media\/85324"}],"wp:attachment":[{"href":"https:\/\/redsemlac.com\/semmexico\/wp-json\/wp\/v2\/media?parent=85323"}],"wp:term":[{"taxonomy":"category","embeddable":true,"href":"https:\/\/redsemlac.com\/semmexico\/wp-json\/wp\/v2\/categories?post=85323"},{"taxonomy":"post_tag","embeddable":true,"href":"https:\/\/redsemlac.com\/semmexico\/wp-json\/wp\/v2\/tags?post=85323"}],"curies":[{"name":"wp","href":"https:\/\/api.w.org\/{rel}","templated":true}]}}