{"id":85319,"date":"2024-08-07T13:56:27","date_gmt":"2024-08-07T19:56:27","guid":{"rendered":"https:\/\/redsemlac.com\/semmexico\/?p=85319"},"modified":"2024-08-07T13:56:27","modified_gmt":"2024-08-07T19:56:27","slug":"rosario-castellanos-pionera-en-las-luchas-por-los-derechos-de-la-mujer-y-de-los-pueblos-indigenas-dice-el-gobierno","status":"publish","type":"post","link":"https:\/\/redsemlac.com\/semmexico\/rosario-castellanos-pionera-en-las-luchas-por-los-derechos-de-la-mujer-y-de-los-pueblos-indigenas-dice-el-gobierno\/","title":{"rendered":"Rosario Castellanos, pionera en las luchas por los derechos de la mujer y de los pueblos ind\u00edgenas dice el gobierno"},"content":{"rendered":"\n<p class=\"wp-block-paragraph\">Es recordada este 7 de agosto, en el 50 aniversario de su fallecimiento, como una de las escritoras mexicanas m\u00e1s destacadas del siglo XX<\/p>\n\n\n\n<p class=\"wp-block-paragraph\">&nbsp;Redacci\u00f3n<\/p>\n\n\n\n<p class=\"wp-block-paragraph\">SemM\u00e9xico, 7 de agosto, 2024.- El 7 de agosto de 2024 se cumplen 50 a\u00f1os del fallecimiento de la escritora mexicana Rosario Castellanos, ocurrido en 1974 en Tel Aviv, en Israel, donde se desempe\u00f1aba como embajadora de M\u00e9xico en ese pa\u00eds.<\/p>\n\n\n\n<p class=\"wp-block-paragraph\">Al cumplirse medio siglo de su deceso, la Secretar\u00eda de Cultura del Gobierno de M\u00e9xico y el Instituto Nacional de Bellas Artes y Literatura (Inbal) la recuerdan como la escritora mexicana m\u00e1s importantes del siglo XX y como una pionera de las luchas por los derechos de la mujer y de los pueblos ind\u00edgenas.<\/p>\n\n\n\n<p class=\"wp-block-paragraph\">Por el medio centenario del deceso de Rosario Castellanos, el Inbal llevar\u00e1 a cabo este mi\u00e9rcoles 7 de agosto a las 17:00 horas, v\u00eda Facebook, la charla&nbsp;<em>Rosario Castellanos. 50 a\u00f1os de su deceso<\/em>, coordinada por la Capilla Alfonsina, con la participaci\u00f3n de Martha Robles y la moderaci\u00f3n de Javier Garciadiego; y el pasado viernes 2 de agosto, el Centro de Creaci\u00f3n Literaria&nbsp;<em>Xavier Villaurrutia<\/em>&nbsp;realiz\u00f3 el conversatorio&nbsp;<em>Rosario Castellanos. 50 a\u00f1os de su legado<\/em>, a cargo de la especialista Sara Uribe.<\/p>\n\n\n\n<p class=\"wp-block-paragraph\">Rosario Castellanos naci\u00f3 en la Ciudad de M\u00e9xico el 25 de mayo de 1925, aunque la mayor parte de su infancia y adolescencia la vivi\u00f3 en una hacienda familiar en Comit\u00e1n de Dom\u00ednguez, regi\u00f3n maya de los Altos de Chiapas. Qued\u00f3 hu\u00e9rfana en 1948, al tiempo que comenzaba a destacar en el campo de las letras. Posteriormente, emigr\u00f3 a la Ciudad de M\u00e9xico para graduarse como maestra en Filosof\u00eda por la Universidad Nacional Aut\u00f3noma de M\u00e9xico y despu\u00e9s fue becada para estudiar est\u00e9tica y estil\u00edstica en la Universidad de Madrid.<\/p>\n\n\n\n<p class=\"wp-block-paragraph\">Escritora de diversos g\u00e9neros, periodista y diplom\u00e1tica, se inici\u00f3 en la literatura como poeta, pero su primer libro fue una novela:&nbsp;<em>Bal\u00fan Can\u00e1n<\/em>, que, junto con&nbsp;<em>Ciudad Real<\/em>, su primer libro de cuentos, y&nbsp;<em>Oficio de tinieblas<\/em>, su segunda novela, forman una aut\u00e9ntica trilog\u00eda indigenista de las m\u00e1s importantes en la narrativa mexicana. &nbsp;<\/p>\n\n\n\n<p class=\"wp-block-paragraph\">En 1972 su obra po\u00e9tica se reuni\u00f3 en&nbsp;<em>Poes\u00eda no eres t\u00fa<\/em>&nbsp;y desde 1950, a\u00f1o en que public\u00f3 su tesis&nbsp;<em>Sobre cultura femenina,<\/em>&nbsp;no dej\u00f3 de incursionar en el ensayo. De toda su obra, incluyendo su \u00fanico volumen de teatro,&nbsp;<em>El eterno femenino<\/em>, se desprende una clara conciencia del problema que significa la doble condici\u00f3n de ser mujer y mexicana.<\/p>\n\n\n\n<p class=\"wp-block-paragraph\">Recibi\u00f3 el Premio Chiapas en 1958 por&nbsp;<em>Bal\u00fan Can\u00e1n<\/em>&nbsp;y en 1960 el prestigiado Premio&nbsp;<em>Xavier Villaurrutia<\/em>&nbsp;de Escritores para Escritores por&nbsp;<em>Ciudad Real,&nbsp;<\/em>adem\u00e1s del<em>&nbsp;<\/em>Premio s<em>or Juana In\u00e9s de la Cruz<\/em>&nbsp;(1962), el Premio&nbsp;<em>Carlos Trouyet<\/em>&nbsp;de Letras (1967) y el Premio&nbsp;<em>El\u00edas Sourasky<\/em>&nbsp;de Letras (1972).<\/p>\n\n\n\n<p class=\"wp-block-paragraph\">En el campo de la promoci\u00f3n cultural, Rosario Castellanos trabaj\u00f3 en el Instituto de Ciencias y Artes de Tuxtla Guti\u00e9rrez, adem\u00e1s de dirigir el Teatro Gui\u00f1ol del Centro Coordinador Tzeltal-Tzotzil, auspiciado por el Instituto Nacional Indigenista. En 1971 fue nombrada embajadora de M\u00e9xico en Israel, donde falleci\u00f3 en 1974 a los 49 a\u00f1os de edad a causa de una descarga el\u00e9ctrica por un cable en mal estado de su l\u00e1mpara de bur\u00f3. Sus restos se ubican en la Rotonda de las Personas Ilustres, en la Ciudad de M\u00e9xico.<\/p>\n\n\n\n<p class=\"wp-block-paragraph\">En una entrevista para el libro&nbsp;<em>Protagonistas de la literatura mexicana<\/em>, la autora dijo a su autor Emmanuel Carballo: \u201cLo que busco cuando escribo es descubrir cosas: \u00bfPor qu\u00e9 vivimos? \u00bfPor qu\u00e9 vivimos de determinada manera? \u00bfC\u00f3mo podemos realizarnos?\u201d.<\/p>\n\n\n\n<p class=\"wp-block-paragraph\">Con ello, el tambi\u00e9n escritor consider\u00f3: \u201cRosario Castellanos fue una de las principales precursoras del movimiento de liberaci\u00f3n femenina, no s\u00f3lo por las ideas que expuso en sus textos sino por la capacidad con que desempe\u00f1\u00f3 las tareas docentes, administrativas e intelectuales\u201d.<\/p>\n\n\n\n<p class=\"wp-block-paragraph\">La escritora Dolores Castro -fallecida en 2022 y quien fue su amiga cercana-, dijo alguna vez que una de las aportaciones de Castellanos es que influy\u00f3 en muchas escritoras, como en ella, que fue determinante en su vida y obra, \u201cpor ser una mujer ejemplo de tenacidad en el cumplimiento de una vocaci\u00f3n y por su fortaleza para defender principios elementales\u201d.<\/p>\n\n\n\n<p class=\"wp-block-paragraph\">Es Dolores Castro quien consider\u00f3: \u201cPara m\u00ed Rosario Castellanos es la escritora m\u00e1s importante del siglo XX en M\u00e9xico y su aportaci\u00f3n es riqu\u00edsima en obra po\u00e9tica, narrativa, reflexiva y dram\u00e1tica, g\u00e9neros que casi ning\u00fan literato ejerce en su totalidad.<\/p>\n\n\n\n<p class=\"wp-block-paragraph\">El Instituto Nacional de Bellas Artes y Literatura (Inbal) ha sido un constante promotor de la vida y obra de la escritora y diplom\u00e1tica. Recientemente present\u00f3 el libro&nbsp;<em>Cartas encontradas (1966-1974)<\/em>, de Rosario Castellanos y Ra\u00fal Ortiz y Ortiz, un epistolario que re\u00fane la correspondencia in\u00e9dita de ambos de 1966 a 1967 (mientras ella estaba en Estados Unidos) y de 1971 a 1974 (durante su estancia en Israel).<\/p>\n\n\n\n<p class=\"wp-block-paragraph\">El libro \u2013se dijo\u2014 es un documento imprescindible no solo por su alta calidad literaria, sino porque es un valioso documento que \u201crefleja los acontecimientos y los protagonistas hist\u00f3ricos y culturales m\u00e1s relevantes de los a\u00f1os sesenta y setenta, principalmente en M\u00e9xico, pero tambi\u00e9n, dado el car\u00e1cter cosmopolita de los autores, en el mundo\u201d.<\/p>\n\n\n\n<p class=\"wp-block-paragraph\">Adem\u00e1s, Rosario Castellanos ha dado su nombre a numerosas calles, colonias, parques, recintos culturales, bibliotecas e instituciones educativas, pero tambi\u00e9n a ella se le erigi\u00f3 un monumento en un parque dentro del Bosque de Chapultepec, realizado en 1976 por la escultora Mar\u00eda Lagunes. El Inbal, a trav\u00e9s de su Centro Nacional de Conservaci\u00f3n y Registro del Patrimonio Art\u00edstico Mueble (Cencropam) realiz\u00f3 obras de limpieza, conservaci\u00f3n y restauraci\u00f3n del parque y del monumento el a\u00f1o pasado<strong>,&nbsp;<\/strong>en el marco del proyecto Chapultepec, Naturaleza y Cultura.<\/p>\n\n\n\n<p class=\"wp-block-paragraph\">&#8230;<br><br>[Mensaje recortado]&nbsp;&nbsp;<a href=\"https:\/\/mail.google.com\/mail\/u\/1?ui=2&amp;ik=4476196920&amp;view=lg&amp;permmsgid=msg-f%3A1806685440017384577&amp;ser=1\">Ver todo el mensaje<\/a><\/p>\n\n\n\n<p class=\"wp-block-paragraph\"><strong>2 archivos adjuntos<\/strong>\u2022 Analizado por Gmail<\/p>\n","protected":false},"excerpt":{"rendered":"<p>Es recordada este 7 de agosto, en el 50 aniversario de su fallecimiento, como una de las escritoras mexicanas m\u00e1s destacadas del siglo XX &nbsp;Redacci\u00f3n SemM\u00e9xico, 7 de agosto, 2024.- El 7 de agosto de 2024 se cumplen 50 a\u00f1os del fallecimiento de la escritora mexicana Rosario Castellanos, ocurrido en 1974 en Tel Aviv, en [&hellip;]<\/p>\n","protected":false},"author":3,"featured_media":85320,"comment_status":"open","ping_status":"open","sticky":false,"template":"","format":"standard","meta":{"_monsterinsights_skip_tracking":false,"footnotes":""},"categories":[748],"tags":[],"class_list":["post-85319","post","type-post","status-publish","format-standard","has-post-thumbnail","category-cultura-feminista"],"_links":{"self":[{"href":"https:\/\/redsemlac.com\/semmexico\/wp-json\/wp\/v2\/posts\/85319","targetHints":{"allow":["GET"]}}],"collection":[{"href":"https:\/\/redsemlac.com\/semmexico\/wp-json\/wp\/v2\/posts"}],"about":[{"href":"https:\/\/redsemlac.com\/semmexico\/wp-json\/wp\/v2\/types\/post"}],"author":[{"embeddable":true,"href":"https:\/\/redsemlac.com\/semmexico\/wp-json\/wp\/v2\/users\/3"}],"replies":[{"embeddable":true,"href":"https:\/\/redsemlac.com\/semmexico\/wp-json\/wp\/v2\/comments?post=85319"}],"version-history":[{"count":0,"href":"https:\/\/redsemlac.com\/semmexico\/wp-json\/wp\/v2\/posts\/85319\/revisions"}],"wp:featuredmedia":[{"embeddable":true,"href":"https:\/\/redsemlac.com\/semmexico\/wp-json\/wp\/v2\/media\/85320"}],"wp:attachment":[{"href":"https:\/\/redsemlac.com\/semmexico\/wp-json\/wp\/v2\/media?parent=85319"}],"wp:term":[{"taxonomy":"category","embeddable":true,"href":"https:\/\/redsemlac.com\/semmexico\/wp-json\/wp\/v2\/categories?post=85319"},{"taxonomy":"post_tag","embeddable":true,"href":"https:\/\/redsemlac.com\/semmexico\/wp-json\/wp\/v2\/tags?post=85319"}],"curies":[{"name":"wp","href":"https:\/\/api.w.org\/{rel}","templated":true}]}}