{"id":85310,"date":"2024-08-07T13:51:12","date_gmt":"2024-08-07T19:51:12","guid":{"rendered":"https:\/\/redsemlac.com\/semmexico\/?p=85310"},"modified":"2024-08-07T13:51:12","modified_gmt":"2024-08-07T19:51:12","slug":"son-mujeres-el-52-de-la-poblacion-indigena-en-el-pais","status":"publish","type":"post","link":"https:\/\/redsemlac.com\/semmexico\/son-mujeres-el-52-de-la-poblacion-indigena-en-el-pais\/","title":{"rendered":"Son mujeres el 52 % de la poblaci\u00f3n ind\u00edgena en el pa\u00eds\u00a0"},"content":{"rendered":"\n<p class=\"wp-block-paragraph\">33.7 % est\u00e1 en edad reproductiva y tres es el promedio ideal de hijos e hijas que piensan tener a lo largo de su vida.&nbsp;&nbsp;&nbsp;<\/p>\n\n\n\n<p class=\"wp-block-paragraph\">9 de agosto&nbsp; D\u00eda Internacional de los Pueblos Ind\u00edgenas establecido por la ONU<\/p>\n\n\n\n<p class=\"wp-block-paragraph\">Elda Montiel&nbsp;<\/p>\n\n\n\n<p class=\"wp-block-paragraph\">SemM\u00e9xico. Ciudad de M\u00e9xico. 7 de agosto 2024.- De los 7.4 millones de personas hablantes de alguna lengua ind\u00edgena de m\u00e1s de 3 a\u00f1os de edad que se estima residen en M\u00e9xico, el 52.4 % son mujeres, de ellas 33.7 % en edad reproductiva y tres es el promedio ideal de hijos e hijas que piensan tener a lo largo de su vida.&nbsp;&nbsp;&nbsp;<\/p>\n\n\n\n<p class=\"wp-block-paragraph\">El Instituto Nacional de Estad\u00edstica y Geograf\u00eda (INEGI) presenta indicadores que caracterizan a la poblaci\u00f3n hablante de lengua ind\u00edgena a partir de los datos de la Encuesta Nacional de la Din\u00e1mica Demogr\u00e1fica (ENADID) 2023, en el marco del Dia Internacional de los Pueblos Ind\u00edgenas establecido el 9 de agosto por las Naciones&nbsp; Unidas con el objetivo de fortalecer la cooperaci\u00f3n internacional para la soluci\u00f3n de los problemas a los que se enfrentan las comunidades ind\u00edgenas.&nbsp;<\/p>\n\n\n\n<p class=\"wp-block-paragraph\">De los 1.9 millones de mujeres ind\u00edgenas en edad f\u00e9rtil, 84.6 % ya hab\u00eda iniciado su vida sexual a la edad de los 18 a\u00f1os. Aunque un mayor porcentaje de mujeres ind\u00edgenas, el 11.1 % iniciaron su vida sexual antes de cumplir los 15 a\u00f1os, con respecto a las no ind\u00edgenas, que es el 6.6 %.<\/p>\n\n\n\n<p class=\"wp-block-paragraph\">Del total de las mujeres ind\u00edgenas en edad f\u00e9rtil, 996 mil eran sexualmente activas. De ellas, 66.3 % usaba m\u00e9todos anticonceptivos, 12.4 % alguna vez los hab\u00eda utilizado y 21.3 %, nunca.<\/p>\n\n\n\n<p class=\"wp-block-paragraph\">Cinco son las entidades federativas con mayor porcentaje de poblaci\u00f3n hablante de lengua ind\u00edgena: Oaxaca, Yucat\u00e1n, Chiapas, Quintana Roo y Guerrero. Quienes hablan n\u00e1huatl, maya, tzeltal y zapoteco.&nbsp;<\/p>\n\n\n\n<p class=\"wp-block-paragraph\">De la poblaci\u00f3n de 3 a\u00f1os y m\u00e1s hablante de lengua ind\u00edgena, 23 de cada 100 ten\u00eda primaria incompleta. Seg\u00fan sexo, las cifras muestran un comportamiento similar: 23 de cada 100 hombres y 22 de cada 100 mujeres contaban con este grado.<\/p>\n\n\n\n<p class=\"wp-block-paragraph\">En el porcentaje de mujeres sin escolaridad (20.9 %) es mayor que el de los hombres (14.7 %), pero es mayor en primaria completa para las mujeres con 19.3&nbsp; por ciento y&nbsp; los hombres 18.9 %.<\/p>\n\n\n\n<p class=\"wp-block-paragraph\">En secundaria completa es casi similar hombres y mujeres con 19.4 y 18.5 %, respectivamente y en educaci\u00f3n media superior son m\u00e1s los hombres que mujeres con 12.5 y 9.8 por ciento, y en educaci\u00f3n superior es de 6.4 % para hombres&nbsp; y 5.1 % para mujeres.&nbsp;<\/p>\n\n\n\n<p class=\"wp-block-paragraph\">Del total de la poblaci\u00f3n hablante de lengua ind\u00edgena, 86.0 % resid\u00eda en la misma entidad donde naci\u00f3, 13.7 % cambi\u00f3 su lugar de residencia a otro estado y 0.3 % naci\u00f3 en otro pa\u00eds. Seg\u00fan sexo, 85.9 % de los hombres y 86.1 % de las mujeres viv\u00edan en el mismo estado donde nacieron (ver gr\u00e1fica 3). En cuanto a su lugar de residencia hace 5 a\u00f1os, 96.4 % de los hombres y 97.6 % de las mujeres no emigraron a otro estado o pa\u00eds.<\/p>\n","protected":false},"excerpt":{"rendered":"<p>33.7 % est\u00e1 en edad reproductiva y tres es el promedio ideal de hijos e hijas que piensan tener a lo largo de su vida.&nbsp;&nbsp;&nbsp; 9 de agosto&nbsp; D\u00eda Internacional de los Pueblos Ind\u00edgenas establecido por la ONU Elda Montiel&nbsp; SemM\u00e9xico. Ciudad de M\u00e9xico. 7 de agosto 2024.- De los 7.4 millones de personas hablantes [&hellip;]<\/p>\n","protected":false},"author":3,"featured_media":85311,"comment_status":"open","ping_status":"open","sticky":false,"template":"","format":"standard","meta":{"_monsterinsights_skip_tracking":false,"footnotes":""},"categories":[748],"tags":[],"class_list":["post-85310","post","type-post","status-publish","format-standard","has-post-thumbnail","category-cultura-feminista"],"_links":{"self":[{"href":"https:\/\/redsemlac.com\/semmexico\/wp-json\/wp\/v2\/posts\/85310","targetHints":{"allow":["GET"]}}],"collection":[{"href":"https:\/\/redsemlac.com\/semmexico\/wp-json\/wp\/v2\/posts"}],"about":[{"href":"https:\/\/redsemlac.com\/semmexico\/wp-json\/wp\/v2\/types\/post"}],"author":[{"embeddable":true,"href":"https:\/\/redsemlac.com\/semmexico\/wp-json\/wp\/v2\/users\/3"}],"replies":[{"embeddable":true,"href":"https:\/\/redsemlac.com\/semmexico\/wp-json\/wp\/v2\/comments?post=85310"}],"version-history":[{"count":0,"href":"https:\/\/redsemlac.com\/semmexico\/wp-json\/wp\/v2\/posts\/85310\/revisions"}],"wp:featuredmedia":[{"embeddable":true,"href":"https:\/\/redsemlac.com\/semmexico\/wp-json\/wp\/v2\/media\/85311"}],"wp:attachment":[{"href":"https:\/\/redsemlac.com\/semmexico\/wp-json\/wp\/v2\/media?parent=85310"}],"wp:term":[{"taxonomy":"category","embeddable":true,"href":"https:\/\/redsemlac.com\/semmexico\/wp-json\/wp\/v2\/categories?post=85310"},{"taxonomy":"post_tag","embeddable":true,"href":"https:\/\/redsemlac.com\/semmexico\/wp-json\/wp\/v2\/tags?post=85310"}],"curies":[{"name":"wp","href":"https:\/\/api.w.org\/{rel}","templated":true}]}}