{"id":85304,"date":"2024-08-07T08:52:08","date_gmt":"2024-08-07T14:52:08","guid":{"rendered":"https:\/\/redsemlac.com\/semmexico\/?p=85304"},"modified":"2024-08-07T08:52:08","modified_gmt":"2024-08-07T14:52:08","slug":"3-emprendimientos-de-mujeres-indigenas-que-debes-conocer","status":"publish","type":"post","link":"https:\/\/redsemlac.com\/semmexico\/3-emprendimientos-de-mujeres-indigenas-que-debes-conocer\/","title":{"rendered":"3 emprendimientos de mujeres ind\u00edgenas que debes conocer"},"content":{"rendered":"\n<p class=\"wp-block-paragraph\">Fotos: Cortes\u00edas<\/p>\n\n\n\n<p class=\"wp-block-paragraph\">Estas mujeres ind\u00edgenas se han organizado colectivamente para dar vida a emprendimientos<\/p>\n\n\n\n<p class=\"wp-block-paragraph\">Estas iniciativas permiten que obtengan n sus propios recursos econ\u00f3micos y desarrollan habilidades blandas o life skills.<\/p>\n\n\n\n<p class=\"wp-block-paragraph\">Ana Alicia Osorio<\/p>\n\n\n\n<p class=\"wp-block-paragraph\">SemM\u00e9xico, Cd. de M\u00e9xico, &nbsp; 7 de agosto,&nbsp; 2024.- En M\u00e9xico, 1 de cada 10 mujeres pertenece a alg\u00fan pueblo ind\u00edgena, de acuerdo con el Instituto Nacional de Estad\u00edstica y Geograf\u00eda. Ellas, adem\u00e1s de enfrentar retos sociales y econ\u00f3micos diferenciados por ser mujeres, tambi\u00e9n encaran otros retos muy espec\u00edficos por ser ind\u00edgenas. Algunas los han encarado creando empresas legalmente establecidas en las cuales emplean sus talentos, obtienen sus propios recursos, desarrollan habilidades blandas o&nbsp;<em>life skills<\/em>, y llevan su visi\u00f3n del mundo a otras regiones.<\/p>\n\n\n\n<p class=\"wp-block-paragraph\">El panorama de las mujeres ind\u00edgenas en el pa\u00eds es complejo. Tan solo algunos datos oficiales del Inegi (2020) y del Consejo Nacional de Poblaci\u00f3n (2023) lo revelan:<\/p>\n\n\n\n<ul class=\"wp-block-list\">\n<li>20% de las mujeres de 15 a\u00f1os y m\u00e1s residentes en hogares ind\u00edgenas no sabe leer ni escribir.<\/li>\n\n\n\n<li>42% de las mujeres de 25 a\u00f1os y m\u00e1s en hogares ind\u00edgenas no ha concluido ning\u00fan nivel educativo.<\/li>\n\n\n\n<li>32% de las mujeres de 15 a\u00f1os y m\u00e1s, apenas, es econ\u00f3micamente activa.<\/li>\n<\/ul>\n\n\n\n<p class=\"wp-block-paragraph\">Aun con tal escenario, algunas mujeres deciden emplear su talento, sus conocimientos y su visi\u00f3n de uni\u00f3n con el medio ambiente en el uso y aprovechamiento de los recursos naturales y crean redes comunitarias a trav\u00e9s de las cuales forjan emprendimientos.<\/p>\n\n\n\n<p class=\"wp-block-paragraph\">Noss acercamos a tres de estas redes comunitarias de mujeres para conocer sus historias de \u00e9xito.<\/p>\n\n\n\n<p class=\"wp-block-paragraph\">Dalia es una organizaci\u00f3n global que transforma personas y empresas a trav\u00e9s del desarrollo de habilidades blandas &#8211;<a href=\"https:\/\/daliaempower.com\/blog\/las-habilidades-definitivas-para-el-exito-profesional-y-personal-life-skills\/\">habilidades de vida o&nbsp;<em>life skills<\/em><\/a>, como las llama Dalia- y de un acompa\u00f1amiento hacia una&nbsp;<a href=\"https:\/\/daliaempower.com\/blog\/por-que-no-puede-existir-el-liderazgo-sin-la-inclusion\/\">cultura diversa, igualitaria e inclusiva.<\/a><\/p>\n\n\n\n<p class=\"wp-block-paragraph\"><strong>1 Carpinter\u00eda Lol Koopte\u2019<\/strong><\/p>\n\n\n\n<p class=\"wp-block-paragraph\"><img loading=\"lazy\" decoding=\"async\" alt=\"Un grupo de personas posando delante de pared de madera\n\nDescripci\u00f3n generada autom\u00e1ticamente\" src=\"https:\/\/lh7-rt.googleusercontent.com\/docsz\/AD_4nXe6ebcvw-GyeDM6N2NPtrceT1uSdrTPQUgBd6FuMl6MsoHRcQU44GJ34OPUkkmslrealki-njStJc09PmpDMhMqXt6md3EU_VEblANL-7bz7v3UFYe-6JeGs2STOy4BMMiTkW8NvgkMOcTEfXHQR-w6z-DiI6PUcoZOFiU2R8z3-Pa6Ia4iQdM?key=5udEBhmSYKppnPXuTKbV0A\" width=\"635\" height=\"476\">Las mujeres integrantes de la carpinter\u00eda Lol Koopte\u2019. Foto: Cortes\u00eda<\/p>\n\n\n\n<p class=\"wp-block-paragraph\">Con madera y herramientas, las mujeres de Lol Koopte\u2019 han vencido el machismo que enfrentaban y han encontrado en su emprendimiento una manera de obtener recursos econ\u00f3micos, mientras se ayudan entre ellas y ayudan al medio ambiente.<\/p>\n\n\n\n<p class=\"wp-block-paragraph\">Las ocho mujeres que conforman la empresa fueron invitadas por la comisar\u00eda ejidal en Felipe Carrillo Puerto, Quintana Roo, a conformar un proyecto de carpinter\u00eda, utilizando madera que proviene de los residuos del aserradero ejidal. Es decir, lo que otras industrias consideran un desperdicio para ellas se convertir\u00eda en materia prima.<\/p>\n\n\n\n<p class=\"wp-block-paragraph\">\u201cEra raro a que una que le d\u00e9 un apoyo a una carpinter\u00eda de mujeres, porque pues las carpinter\u00edas siempre han sido para hombres y por eso nos atrevimos a meterlo y pues gracias a Dios pues nos apoyaron y ahorita, pues ya estamos trabajando\u201d, cont\u00f3 Argelia D\u00edaz Cauich, representante del emprendimiento.<\/p>\n\n\n\n<p class=\"wp-block-paragraph\">En 2018, 10 mujeres -de quienes actualmente permanecen ocho- solicitaron y obtuvieron el apoyo de la Comisi\u00f3n Nacional Forestal por ser una empresa que ayudar\u00eda al medio ambiente al fabricar muebles con residuos.<\/p>\n\n\n\n<p class=\"wp-block-paragraph\">Hoy representan ya una carpinter\u00eda que genera muebles y art\u00edculos decorativos para el hogar y que ha ganado premios, como el galard\u00f3n Iconos del Dise\u00f1o 2020 en la categor\u00eda Dise\u00f1o Sustentable. Adem\u00e1s, est\u00e1 certificada en Manejo Forestal y Cadena de Custodia, que garantiza que la madera que utilizan proviene de bosques bien manejados.<\/p>\n\n\n\n<p class=\"wp-block-paragraph\">\u201cTuvimos capacitaciones y mucha ayuda de la gente del pueblo, pues aqu\u00ed algunos estaban de acuerdo, pero pues algunos no, pues tambi\u00e9n existe el machismo porque, pues, una mujer siempre debe de estar en la casa y no en la carpinter\u00eda. Por eso son, fueron muchos retos, lo que nosotros pasamos por primero, pues en nuestros hogares y ante la gente del pueblo. Tambi\u00e9n demostrar que, pues las mujeres tambi\u00e9n s\u00ed podemos, este, trabajar en otra cosa que no sea el hogar\u201d, expres\u00f3 D\u00edaz Cauich.<\/p>\n\n\n\n<p class=\"wp-block-paragraph\">En la zona hab\u00edan instalado algunos puntos de venta, pero debido a la pandemia de COVID-19 tuvieron que cerrarlos. En la actualidad, comercializan exclusivamente v\u00eda redes sociales, por lo que buscan reabrir esos espacios f\u00edsicos para incrementar sus ingresos.<\/p>\n\n\n\n<p class=\"wp-block-paragraph\">Lol Koopte\u2019 no solo ha servido a las mujeres para obtener sus propios recursos, tambi\u00e9n les ha abierto otras puertas, pues han aprendido habilidades de las que dicen, antes carec\u00edan.<\/p>\n\n\n\n<p class=\"wp-block-paragraph\">\u00abHe ido aprendiendo tambi\u00e9n a contestar las cosas y pues he ido aprendiendo mucho hablar en p\u00fablico [\u2026] aunque te pasas todo el d\u00eda haci\u00e9ndolo, no le sabes poner el precio porque pues t\u00fa mismo lo est\u00e1s haciendo \u00bfno? Tambi\u00e9n aprendemos en eso\u201d, se\u00f1al\u00f3 Argelia D\u00edaz Cauich.<\/p>\n\n\n\n<p class=\"wp-block-paragraph\"><strong>2 Hotel Taselotzin<\/strong><\/p>\n\n\n\n<p class=\"wp-block-paragraph\"><img loading=\"lazy\" decoding=\"async\" alt=\"Un grupo de personas posando por un foto\n\nDescripci\u00f3n generada autom\u00e1ticamente\" src=\"https:\/\/lh7-rt.googleusercontent.com\/docsz\/AD_4nXcYeZVa6MEidkFgeFKxxiVNGOj9vTH-f_iNqejge4i7sTeAgrx1UyeDH3af3H-B8Raqgbn1LZPYzGyEK-NeYZf-W1Jz1ob-AolDNu0Q3g0U8Oax4RJZRFM3XlXgrQf9XfxS1SkeeKUcmhcMXVnSFKMoY3yLGySTP9LEM4j5nMQqbSNLq4ULFA?key=5udEBhmSYKppnPXuTKbV0A\" width=\"588\" height=\"389\">Algunas de las integrantes del hotel. Foto: Cortes\u00eda<\/p>\n\n\n\n<p class=\"wp-block-paragraph\">Las mujeres de la zona de Cuetzalan, en Puebla, tienen una larga historia en cuanto a agruparse con el objetivo de ayudarse unas a otras. Desde los a\u00f1os 80 se organizaron para combatir la violencia de g\u00e9nero, reivindicar sus derechos y para conseguir recursos econ\u00f3micos a trav\u00e9s de su herencia cultural y sus conocimientos.<\/p>\n\n\n\n<p class=\"wp-block-paragraph\">Mujeres Ind\u00edgenas que se Apoyan o Masehual Siuamej Mosenyolchicauni es el nombre -en su natal nahua- de la organizaci\u00f3n. Se enfocaba en la venta de artesan\u00eda textil, cester\u00eda y medicina herbolaria, al tiempo que fomentaba el conocimiento de los derechos de las mujeres.<\/p>\n\n\n\n<p class=\"wp-block-paragraph\">\u201cNos dimos cuenta de que, por dedicarle mucho tiempo a la familia, a la casa y trabajo de campo, la mujer no ten\u00eda tiempo de estudiar. La mayor\u00eda de nuestras compa\u00f1eras no sab\u00eda leer y escribir. Una primera acci\u00f3n que realizamos fue ense\u00f1arles a leer y escribir. Nos dimos cuenta de que en alg\u00fan momento todas hab\u00edamos sufrido violencia y que era necesario trabajar sobre nuestros derechos para empezar a contrarrestar esas violencias\u201d, cont\u00f3 la representante de la organizaci\u00f3n, Rufina Edith Villa Hern\u00e1ndez.<\/p>\n\n\n\n<p class=\"wp-block-paragraph\">Hace casi 30 a\u00f1os, en 1995, las integrante de la organizaci\u00f3n se dieron cuenta que ten\u00edan otra oportunidad de negocio: explotar la zona como un atractivo tur\u00edstico. Entonces fundaron el Hotel Taselotzin.<\/p>\n\n\n\n<p class=\"wp-block-paragraph\">Villa Hern\u00e1ndez se\u00f1al\u00f3 que en aquel momento los hoteles eran muy escasos en la regi\u00f3n, en comparaci\u00f3n con la actualidad, cuando ya abundan los espacios para hospedarse.<\/p>\n\n\n\n<p class=\"wp-block-paragraph\">Las mujeres obtuvieron un cr\u00e9dito blando para construir las primeras habitaciones, cocina y dem\u00e1s espacios. Con los a\u00f1os y otros cr\u00e9ditos, esas primeras instalaciones se expandieron con instalaciones como el temazcal y actividades como talleres o la venta de productos de otras mujeres.<\/p>\n\n\n\n<p class=\"wp-block-paragraph\">\u201cLlama la atenci\u00f3n que es un hotel hecho por las mujeres; administrado por nosotras mismas y que tenemos un compromiso social, no solo con nuestras compa\u00f1eras, sino tambi\u00e9n con la comunidad, y que tenemos un gran compromiso tambi\u00e9n con el cuidado del ambiente\u201d, dijo la representante del hotel.<\/p>\n\n\n\n<p class=\"wp-block-paragraph\">Cont\u00f3 que el complejo utiliza energ\u00eda solar y materiales amigables para el medio ambiente, adem\u00e1s de que hace composta. Por otra parte hace part\u00edcipes a los hu\u00e9spedes de actividades sustentables. En cuanto a fuentes de empleo, genera 12 que son ocupadas principalmente por mujeres de la organizaci\u00f3n.<\/p>\n\n\n\n<p class=\"wp-block-paragraph\">Mujeres Ind\u00edgenas que se Apoyan est\u00e1 integrada por un total de 100 mujeres. Su mesa directiva se elige cada a\u00f1o, lo que da el turno a otras integrantes. Al tratarse de un emprendimiento comunitario, las utilidades son repartidas entre todas. Adem\u00e1s, brinda espacios para que algunas de ellas puedan comercializar sus artesan\u00edas, de forma que es una oportunidad de derrama para la zona.<\/p>\n\n\n\n<p class=\"wp-block-paragraph\">La colectividad, afirm\u00f3 Villa Hern\u00e1ndez, ha sido la clave para estas mujeres para sobreponerse a momentos dif\u00edciles como las pandemias -de influenza en 2019 y de COVID-19 en 2020- que provocaron cierres temporales del hotel.<\/p>\n\n\n\n<p class=\"wp-block-paragraph\">\u201cHemos sabido administrar nuestro hotel porque, pues, a veces tambi\u00e9n una va previendo c\u00f3mo se puede solucionar alg\u00fan problema, qu\u00e9 se tiene; entonces, eso nos ayuda; el hecho de que pensemos m\u00e1s en colectivo que en la forma personal, individual, de c\u00f3mo salir yo adelante, c\u00f3mo salimos todas adelante\u201d, sentenci\u00f3.<\/p>\n\n\n\n<p class=\"wp-block-paragraph\">Adem\u00e1s de continuar administrando el hotel como hasta ahora, las integrantes de Taselotzin est\u00e1n implementando un programa para que las personas turistas puedan albergarse una noche con mujeres de la comunidad y conocer sus costumbres, comida y trabajo. As\u00ed buscan brindar una nueva experiencia que pueda atraer a m\u00e1s personas.<\/p>\n\n\n\n<p class=\"wp-block-paragraph\"><strong>3 Artesan\u00edas y preservaci\u00f3n ambiental Artemali<\/strong><\/p>\n\n\n\n<p class=\"wp-block-paragraph\"><img loading=\"lazy\" decoding=\"async\" alt=\"Grupo de personas junto a un \u00e1rbol\n\nDescripci\u00f3n generada autom\u00e1ticamente\" src=\"https:\/\/lh7-rt.googleusercontent.com\/docsz\/AD_4nXfF6JXM9f2BbPMt9PqGynrojg4RYnMqzL2xbpe25OjLKDdtbqbmBrSIAAjVQNB87rNaCuPJNz23K6DlYRayTtT2z589PsskFX0lzYBb4OyjG4s1pYW_eSkVXKOUE2-6Z8B_Guze1ZGmuItkhnKKMfS6JNuJJglyJG6gQpp6HwwwEdHG_TpdTQ?key=5udEBhmSYKppnPXuTKbV0A\" width=\"616\" height=\"410\">Integrantes de Artemali. Foto: Cortes\u00eda<\/p>\n\n\n\n<p class=\"wp-block-paragraph\">La monta\u00f1a Malinche es el escenario en que naci\u00f3 esta empresa conformada por 14 mujeres, la cual busca tambi\u00e9n preservar el medio ambiente. All\u00ed realizan vigilancia comunitaria, recolectan basura y hacen labor de concientizaci\u00f3n. Adem\u00e1s obtienen su materia prima de lo que los \u00e1rboles \u00abbotan\u00bb.<\/p>\n\n\n\n<p class=\"wp-block-paragraph\">\u201cEs m\u00e1s all\u00e1 de hacer artesan\u00eda; es comprometernos con la monta\u00f1a, es comprometernos con el propio grupo y comprometernos para hacer las cosas diferentes. Es importante no solo vender por vender. Es justo llevar el mensaje de conservaci\u00f3n, que las artesan\u00edas sean esa voz, ese veh\u00edculo que nos acerque a muchas personas [\u2026]; a la gente la invitamos a pensar en un consumo responsable y un consumo que sume al mundo\u201d, dijo Socorro, una de las integrantes de la empresa<strong>.<\/strong><\/p>\n\n\n\n<p class=\"wp-block-paragraph\">Cada artesana utiliza los insumos que les regala el lugar para hacer sus propios dise\u00f1os, ya sea para joyer\u00eda o para art\u00edculos de decoraci\u00f3n del hogar. Hace cerca de 15 a\u00f1os comenzaron a aprender c\u00f3mo manejar su materia prima para convertirla en esas obras. Con el paso de los a\u00f1os han implementado diversas t\u00e9cnicas que ahora comparten con otros colectivos de mujeres de otras regiones.<\/p>\n\n\n\n<p class=\"wp-block-paragraph\">Durante ese tiempo tambi\u00e9n han dado batalla al machismo. \u201cSe tuvieron trabas, empezando por la mentalidad que todav\u00eda predomina en el pueblo de Tepatlaxco, Puebla, en el que el hombre es el que sale, el que provee, el que tiene que traer el sustento; y la mujer, dedicarse a sus hijos, al hogar, a quehaceres dom\u00e9sticos y las \u00fanicas salidas son al campo [&#8230;]; \u00e9sa fue la primera traba donde algunas compa\u00f1eras los esposo no las dejaban salir al taller, o si ten\u00edamos que salir a alguna reuni\u00f3n o lugar se presentaba alguna dificultad para algunas\u201d, cont\u00f3 Lourdes Garc\u00eda.<\/p>\n\n\n\n<p class=\"wp-block-paragraph\">Por otra parte, ir a la monta\u00f1a para ser sus vigilantes y obtener su materia prima les ha ganado cr\u00edticas, afirm\u00f3, porque las personas relacionan esa actividad con un trabajo \u2018de hombres\u2019. En ese sentido, dijo, esto ha sido otro obst\u00e1culo que han librado.<\/p>\n\n\n\n<p class=\"wp-block-paragraph\">Ser empresarias, por lo tanto, les ha hecho hacer frente al machismo comunitario; sin embargo, a muchas igualmente las ha llevado a romper con el machismo y la violencia en sus propios hogares.<\/p>\n\n\n\n<p class=\"wp-block-paragraph\">\u201cYo soy una de las personas que al principio, para entrar a este grupo de Artemali, mi esposo no me dejaba entrar, pero ya una vez que le dije que ten\u00eda yo una oportunidad de trabajar, pues entendi\u00f3 y ahora me apoya mucho [\u2026]; pues existe mucho machismo que los hombres dicen: &#8216;yo aqu\u00ed mando, t\u00fa no vales nada&#8217;. Pero habemos mujeres que no nos dejamos y vamos implementando todo esto para que nuestro pueblo deje a un lado el machismo y las mujeres salgamos adelante\u201d, sentenci\u00f3 Angela Torres.<\/p>\n\n\n\n<p class=\"wp-block-paragraph\">Las artesanas comercializan productos en ferias locales y han llevado sus productos a pa\u00edses como Italia y Estados Unidos. Adem\u00e1s, hacen trabajos bajo pedido. Por esa v\u00eda han recibido solicitudes desde Canad\u00e1.<\/p>\n\n\n\n<p class=\"wp-block-paragraph\">\u201cMe ha dejado mucho aprendizaje [\u2026]; puedo decir que soy empresaria, puedo decir que puedo tomar decisiones de voluntaria propia, sin esperar que alguien me tenga que decir qu\u00e9 puedo hacer y qu\u00e9 no puedo hacer. Perd\u00ed el miedo a viajar, perd\u00ed el miedo a hablar con otras personas y a tener mucho valor y creerme capaz de hacer las cosas [\u2026]; tengo 40 a\u00f1os y ahora estoy en la mejor etapa de mi vida\u201d, sentenci\u00f3 Mar\u00eda Crescencia Morales Morales, presidenta de Artemali.<\/p>\n\n\n\n<figure class=\"wp-block-image\"><img decoding=\"async\" src=\"https:\/\/lh7-rt.googleusercontent.com\/docsz\/AD_4nXe-yE08a9AyAAYw2i6mA8vlbee43m4CKNinV1Pa6cLhWCJN-U1pN4v14LybXnf_5YhqnL0KGjBMfQXLRVoW6asNf7dexqMwdwz8aWOpFr5QqkvH1fFZaHoDLkE_hbnSSIn-G9WwWasHcBXb-D2f2oxNILkry4hTo0GOIm91uYzEJmtSBI-4hSI?key=5udEBhmSYKppnPXuTKbV0A\" alt=\"Mujer sonriendo con lentes\n\nDescripci\u00f3n generada autom\u00e1ticamente\"\/><\/figure>\n\n\n\n<p class=\"wp-block-paragraph\">Ana Alicia Osorio, es colaborada de SemM\u00e9xico hace 7 a\u00f1os, este texto apareci\u00f3 en Dalia Empower, donde escribe&nbsp;<\/p>\n","protected":false},"excerpt":{"rendered":"<p>Fotos: Cortes\u00edas Estas mujeres ind\u00edgenas se han organizado colectivamente para dar vida a emprendimientos Estas iniciativas permiten que obtengan n sus propios recursos econ\u00f3micos y desarrollan habilidades blandas o life skills. Ana Alicia Osorio SemM\u00e9xico, Cd. de M\u00e9xico, &nbsp; 7 de agosto,&nbsp; 2024.- En M\u00e9xico, 1 de cada 10 mujeres pertenece a alg\u00fan pueblo ind\u00edgena, [&hellip;]<\/p>\n","protected":false},"author":3,"featured_media":85305,"comment_status":"open","ping_status":"open","sticky":false,"template":"","format":"standard","meta":{"_monsterinsights_skip_tracking":false,"footnotes":""},"categories":[694,63],"tags":[],"class_list":["post-85304","post","type-post","status-publish","format-standard","has-post-thumbnail","category-destacadas","category-reportajes"],"_links":{"self":[{"href":"https:\/\/redsemlac.com\/semmexico\/wp-json\/wp\/v2\/posts\/85304","targetHints":{"allow":["GET"]}}],"collection":[{"href":"https:\/\/redsemlac.com\/semmexico\/wp-json\/wp\/v2\/posts"}],"about":[{"href":"https:\/\/redsemlac.com\/semmexico\/wp-json\/wp\/v2\/types\/post"}],"author":[{"embeddable":true,"href":"https:\/\/redsemlac.com\/semmexico\/wp-json\/wp\/v2\/users\/3"}],"replies":[{"embeddable":true,"href":"https:\/\/redsemlac.com\/semmexico\/wp-json\/wp\/v2\/comments?post=85304"}],"version-history":[{"count":0,"href":"https:\/\/redsemlac.com\/semmexico\/wp-json\/wp\/v2\/posts\/85304\/revisions"}],"wp:featuredmedia":[{"embeddable":true,"href":"https:\/\/redsemlac.com\/semmexico\/wp-json\/wp\/v2\/media\/85305"}],"wp:attachment":[{"href":"https:\/\/redsemlac.com\/semmexico\/wp-json\/wp\/v2\/media?parent=85304"}],"wp:term":[{"taxonomy":"category","embeddable":true,"href":"https:\/\/redsemlac.com\/semmexico\/wp-json\/wp\/v2\/categories?post=85304"},{"taxonomy":"post_tag","embeddable":true,"href":"https:\/\/redsemlac.com\/semmexico\/wp-json\/wp\/v2\/tags?post=85304"}],"curies":[{"name":"wp","href":"https:\/\/api.w.org\/{rel}","templated":true}]}}