{"id":85299,"date":"2024-08-07T08:47:16","date_gmt":"2024-08-07T14:47:16","guid":{"rendered":"https:\/\/redsemlac.com\/semmexico\/?p=85299"},"modified":"2024-08-07T08:47:16","modified_gmt":"2024-08-07T14:47:16","slug":"rosario-castellanos-50-aniversario-luctuoso","status":"publish","type":"post","link":"https:\/\/redsemlac.com\/semmexico\/rosario-castellanos-50-aniversario-luctuoso\/","title":{"rendered":"Rosario Castellanos: 50 Aniversario Luctuoso"},"content":{"rendered":"\n<p class=\"wp-block-paragraph\">Elvira Hern\u00e1ndez Carballido&nbsp;<\/p>\n\n\n\n<p class=\"wp-block-paragraph\">SemM\u00e9xico, Pachuca, Hidalgo, 7&nbsp; de agosto, 2024.-Rosario, dicen que el d\u00eda de tu entierro llovi\u00f3 mucho en la ciudad de M\u00e9xico. Yo estoy segura que ese 7 de agosto de 1974 cayeron l\u00e1grimas del cielo para despedir a una poeta, gotas de rebeld\u00eda para empaparnos con tus reflexiones feministas, agua resplandeciente como tu iron\u00eda, tormenta que nos sacude como las personajes de tus inolvidables novelas. Imagino tu cuerpo envuelto en nubes llevado de Israel, Tel Aviv, hasta nuestro suelo patrio. \u00bfTendr\u00edas una sonrisa sabia porque al fin supiste qu\u00e9 se hace en ese momento como te preguntabas en tu poema \u201cAmanecer\u201d?<\/p>\n\n\n\n<p class=\"wp-block-paragraph\"><em>\u201c\u00bfQu\u00e9 se hace a la hora de morir?<\/em><\/p>\n\n\n\n<p class=\"wp-block-paragraph\"><em>\u00bfSe vuelve la cara a la pared?<\/em><\/p>\n\n\n\n<p class=\"wp-block-paragraph\"><em>\u00bfSe agarra por los hombros al que est\u00e1 cerca y oye?<\/em><\/p>\n\n\n\n<p class=\"wp-block-paragraph\"><em>\u00bfSe echa uno a correr, como el que tiene las ropas incendiadas,&nbsp;<\/em><\/p>\n\n\n\n<p class=\"wp-block-paragraph\"><em>para alcanzar el fin?\u201d<\/em><\/p>\n\n\n\n<p class=\"wp-block-paragraph\">&nbsp;\u201cAlcanzar el fin\u201d, hoy esa frase da t\u00edtulo a mi libro sobre las mujeres que, como t\u00fa, yacen en la Rotonda de Personas Ilustres. Siempre que enciendo una l\u00e1mpara, vienes a mi memoria, sin miedo, pero eternamente con una total tristeza, ese accidente fatal que te arrebat\u00f3 la vida. Una cosa tan simple te arranc\u00f3 para siempre de nosotras cuando solo ten\u00edas 49 a\u00f1os. En el final de la pel\u00edcula \u201cLos Adioses\u201d, la mirada de la directora del filme, Natalia Berist\u00e1in, te recupera con gran emotividad, por eso logra conmoverme y apachurrarme el alma, te ves gloriosa en esa escena donde tomas un ba\u00f1o en la tina y el coraz\u00f3n se detiene en ese \u00faltimo instante en que tu mano se acerca muy lentamente a encender esa l\u00e1mpara, \u201cdesperdiciada l\u00e1mpara de d\u00eda eras t\u00fa\u201d, como lament\u00f3 el poeta Jaime Sabines.<\/p>\n\n\n\n<p class=\"wp-block-paragraph\">Tengo un premio de periodismo con tu nombre, escribiste tanto tiempo en Exc\u00e9lsior y le diste un toque diferente a su p\u00e1gina editorial, donde siempre escrib\u00edan m\u00e1s hombres. En mi trabajo final de la especializaci\u00f3n sobre estudios de la mujer, en El Colegio de M\u00e9xico, analic\u00e9 esos textos period\u00edsticos, gracias a ese trabajo me atrapaste para siempre con tus art\u00edculos y ensayos originales, pod\u00edas escribir desde cuestiones pol\u00edticas hasta compartirnos las travesuras de tu hijo Gabriel. Contextos sociales y cotidianidad, reflexiones y provocaciones, memoric\u00e9 muchas frases de esos textos, a tal grado que ahora a mis alumnas les digo que pronto saldr\u00e1 dentro de ellas \u201cuna rebelde furibunda\u201d.<\/p>\n\n\n\n<p class=\"wp-block-paragraph\">Volv\u00ed espejo cada uno de tus poemas, memoric\u00e9 tantas frases que me delataban completa, te convertiste en mi compa\u00f1\u00eda solidaria, mi fil\u00f3sofa constante, eres la periodista que siempre he querido ser.&nbsp;<\/p>\n\n\n\n<p class=\"wp-block-paragraph\">Todos tus libros aguardan pacientes en mi librero porque saben que en cualquier momento vuelvo a abrirlos y parece que todo eso lo acabas de escribir, no dejas de sorprenderme, de encontrar algo nuevo en tus oraciones, aspectos que no hab\u00eda advertido, comentarios tan actuales, se\u00f1alamientos letales.&nbsp;<\/p>\n\n\n\n<p class=\"wp-block-paragraph\">La primera vez que visit\u00e9 la Rotonda de Personas Ilustres de inmediato me acerqu\u00e9 a esa tumba que te rinde un hermoso homenaje, ah\u00ed est\u00e1 tu nombre y t\u00fa, todita t\u00fa, una escultura que es tu imagen y semejanza, rostro generoso, una mano delata que eres escritora, la otra que carga un libro nos invita a leerte hasta el \u00faltimo instante. El epitafio de su tumba es una frase que hace referencia a la versi\u00f3n que t\u00fa misma hicieras de un texto de Emily Dickinson y que est\u00e1 integrado a la antolog\u00eda <em>Poes\u00eda no eres t\u00fa<\/em>, en el cap\u00edtulo titulado \u201cVersiones\u201d:<\/p>\n\n\n\n<p class=\"wp-block-paragraph\">Si no estuviese viva<br>cuando la primavera se anuncie,<br>dadle a aquel petirrojo<br>\u2014como recuerdo m\u00edo\u2014 una migaja.<\/p>\n\n\n\n<p class=\"wp-block-paragraph\">Si porque duermo, ay, tan profundamente<br>no puedo dar las gracias,<\/p>\n\n\n\n<p class=\"wp-block-paragraph\"><strong>sabed que<\/strong><strong><em> entre mis labios de granito quedaron detenidas las palabras<\/em><\/strong><strong>.<\/strong><\/p>\n\n\n\n<p class=\"wp-block-paragraph\">Hasta el d\u00eda de hoy gracias a tu obra literaria, period\u00edstica y filos\u00f3fica no dudo en que prefiero ser una mujer que sabe lat\u00edn o jugar ajedrez con el hombre elegido porque tengo la certeza de que somos amigos y a ratos nos amamos. Descubr\u00ed gracias a ti la delicia de ser:<\/p>\n\n\n\n<p class=\"wp-block-paragraph\"><em>\u201cMujer, pues, de palabra.<\/em><\/p>\n\n\n\n<p class=\"wp-block-paragraph\"><em>No, de palabra no.<\/em><\/p>\n\n\n\n<p class=\"wp-block-paragraph\"><em>Pero s\u00ed de palabras, muchas, contradictorias,<\/em><\/p>\n\n\n\n<p class=\"wp-block-paragraph\"><em>ay, insignificantes,<\/em><\/p>\n\n\n\n<p class=\"wp-block-paragraph\"><em>sonido puto,<\/em><\/p>\n\n\n\n<p class=\"wp-block-paragraph\"><em>vacuo cernido de arabescos,<\/em><\/p>\n\n\n\n<p class=\"wp-block-paragraph\"><em>juego de sal\u00f3n,<\/em><\/p>\n\n\n\n<p class=\"wp-block-paragraph\"><em>chisme,<\/em><\/p>\n\n\n\n<p class=\"wp-block-paragraph\"><em>espuma,<\/em><\/p>\n\n\n\n<p class=\"wp-block-paragraph\"><em>olvido\u2026\u201d<\/em><\/p>\n","protected":false},"excerpt":{"rendered":"<p>Elvira Hern\u00e1ndez Carballido&nbsp; SemM\u00e9xico, Pachuca, Hidalgo, 7&nbsp; de agosto, 2024.-Rosario, dicen que el d\u00eda de tu entierro llovi\u00f3 mucho en la ciudad de M\u00e9xico. Yo estoy segura que ese 7 de agosto de 1974 cayeron l\u00e1grimas del cielo para despedir a una poeta, gotas de rebeld\u00eda para empaparnos con tus reflexiones feministas, agua resplandeciente como [&hellip;]<\/p>\n","protected":false},"author":3,"featured_media":70197,"comment_status":"open","ping_status":"open","sticky":false,"template":"","format":"standard","meta":{"_monsterinsights_skip_tracking":false,"footnotes":""},"categories":[202,35],"tags":[],"class_list":["post-85299","post","type-post","status-publish","format-standard","has-post-thumbnail","category-elvira-hernandez-carballido","category-opinion"],"_links":{"self":[{"href":"https:\/\/redsemlac.com\/semmexico\/wp-json\/wp\/v2\/posts\/85299","targetHints":{"allow":["GET"]}}],"collection":[{"href":"https:\/\/redsemlac.com\/semmexico\/wp-json\/wp\/v2\/posts"}],"about":[{"href":"https:\/\/redsemlac.com\/semmexico\/wp-json\/wp\/v2\/types\/post"}],"author":[{"embeddable":true,"href":"https:\/\/redsemlac.com\/semmexico\/wp-json\/wp\/v2\/users\/3"}],"replies":[{"embeddable":true,"href":"https:\/\/redsemlac.com\/semmexico\/wp-json\/wp\/v2\/comments?post=85299"}],"version-history":[{"count":0,"href":"https:\/\/redsemlac.com\/semmexico\/wp-json\/wp\/v2\/posts\/85299\/revisions"}],"wp:featuredmedia":[{"embeddable":true,"href":"https:\/\/redsemlac.com\/semmexico\/wp-json\/wp\/v2\/media\/70197"}],"wp:attachment":[{"href":"https:\/\/redsemlac.com\/semmexico\/wp-json\/wp\/v2\/media?parent=85299"}],"wp:term":[{"taxonomy":"category","embeddable":true,"href":"https:\/\/redsemlac.com\/semmexico\/wp-json\/wp\/v2\/categories?post=85299"},{"taxonomy":"post_tag","embeddable":true,"href":"https:\/\/redsemlac.com\/semmexico\/wp-json\/wp\/v2\/tags?post=85299"}],"curies":[{"name":"wp","href":"https:\/\/api.w.org\/{rel}","templated":true}]}}