{"id":85291,"date":"2024-08-07T08:40:41","date_gmt":"2024-08-07T14:40:41","guid":{"rendered":"https:\/\/redsemlac.com\/semmexico\/?p=85291"},"modified":"2024-08-07T08:41:00","modified_gmt":"2024-08-07T14:41:00","slug":"analizan-el-poder-del-conocimiento-y-la-informacion","status":"publish","type":"post","link":"https:\/\/redsemlac.com\/semmexico\/analizan-el-poder-del-conocimiento-y-la-informacion\/","title":{"rendered":"Analizan el poder del conocimiento y la informaci\u00f3n"},"content":{"rendered":"\n<p class=\"wp-block-paragraph\">Empez\u00f3 en la UNAM el Mexican Information Global Forum<\/p>\n\n\n\n<p class=\"wp-block-paragraph\">Miguel Armando L\u00f3pez Leyva, Georgina Araceli Torres Vargas, Jonathan Hern\u00e1ndez P\u00e9rez, Leslie Weir, Sara Benson y Jeannette Lebr\u00f3n Ramos, participaron en la inauguraci\u00f3n<\/p>\n\n\n\n<p class=\"wp-block-paragraph\">Redacci\u00f3n&nbsp;<\/p>\n\n\n\n<p class=\"wp-block-paragraph\">SemM\u00e9xico, Cd. de M\u00e9xico, 7 de agosto, 2024.-El vertiginoso avance de la inteligencia artificial nos obliga a repensar en la l\u00f3gica de nuestro trabajo y abrir nuevas vetas de estudio, porque aumenta la complejidad de los fen\u00f3menos que aborda la bibliotecolog\u00eda y, en general, de los t\u00f3picos que abarcan a las ciencias sociales y a las humanidades.<\/p>\n\n\n\n<p class=\"wp-block-paragraph\">El coordinador de Humanidades de la UNAM, Miguel Armando L\u00f3pez Leyva, afirm\u00f3 lo anterior al inaugurar el Mexican Information Global Forum (MEXINFO), organizado por esta casa de estudios, a trav\u00e9s del Instituto de Investigaciones Bibliotecol\u00f3gicas y de la Informaci\u00f3n (IIBI), en colaboraci\u00f3n con el Advisory Committee on Freedom of Access to Information and Freedom of Expression (FAIFE-IFLA).<\/p>\n\n\n\n<p class=\"wp-block-paragraph\">En este contexto, consider\u00f3 que este encuentro, que se lleva a cabo a partir de hoy y hasta el 8 de este mes, ha tomado una ruta consistente con dos seminarios internacionales, igual n\u00famero de simposios y cuatro talleres. Se consideran debates p\u00fablicos contempor\u00e1neos e hist\u00f3ricos sobre el poder del conocimiento y la informaci\u00f3n mediante instituciones y personas con diferentes perfiles y trayectorias dentro de la investigaci\u00f3n, el activismo y la pr\u00e1ctica profesional en distintas partes del mundo que act\u00faan d\u00eda con d\u00eda para que la informaci\u00f3n sea libre e igualitaria.<\/p>\n\n\n\n<p class=\"wp-block-paragraph\">Cabe destacar que en ocasi\u00f3n de esta actividad se celebran el Seminario Internacional de la Divisi\u00f3n Regional de Am\u00e9rica Latina y el Caribe de la Federaci\u00f3n Internacional de Asociaciones de Bibliotecarios y Bibliotecas (IFLA, por sus siglas en ingl\u00e9s) \u201cNuevas tendencias en el entorno informativo a 50 a\u00f1os de Cooperaci\u00f3n Internacional con la IFLA\u201d; as\u00ed como el Simposio Internacional sobre Bibliotecas y Censura \u201cUnshelving Voices: Empowering Libraries Against Censorship\u201d.<\/p>\n\n\n\n<p class=\"wp-block-paragraph\">Adem\u00e1s, el Symposium on Indigenous Matters \u00abStewarding Indigenous Knowledge through Ethics, Law, and the Archive,\u201d y el Seminario Internacional sobre Inteligencia Artificial e Integridad de la Informaci\u00f3n \u201cBuilding Trust: Artificial Intelligence and the Future of Information Integrity\u201d.<\/p>\n\n\n\n<p class=\"wp-block-paragraph\">L\u00f3pez Leyva rememor\u00f3 que la IFLA tiene larga historia de defensa del trabajo de bibliotecas, personas bibliotecarias y sus \u00e1reas en el mundo. En la actualidad forman parte de esa federaci\u00f3n mil 500 instituciones y personas afiliadas de 150 pa\u00edses, adem\u00e1s de instituciones mexicanas, entre ellas el IIBI de la UNAM.<\/p>\n\n\n\n<p class=\"wp-block-paragraph\">Manifest\u00f3 que los avances en la bibliotecolog\u00eda y la necesidad de encarar nuevos problemas te\u00f3ricos y pr\u00e1cticos sobre la organizaci\u00f3n, recuperaci\u00f3n, almacenamiento, preservaci\u00f3n, registro y producci\u00f3n de la informaci\u00f3n y el conocimiento dieron paso al tr\u00e1nsito del CUIB (Centro Universitario de Investigaciones Bibliotecol\u00f3gicas) al IIBI, que ocurri\u00f3 en 2012.<\/p>\n\n\n\n<p class=\"wp-block-paragraph\">Al hacer uso de la palabra, la directora del IIBI,&nbsp;Georgina Araceli Torres Vargas, se\u00f1al\u00f3 que ese Instituto realiza investigaci\u00f3n de punta en materia de informaci\u00f3n para comprender y proporcionar alternativas a los retos e incidir en distintos \u00e1mbitos de la sociedad.<\/p>\n\n\n\n<p class=\"wp-block-paragraph\">En tanto que la IFLA, fundada en Edimburgo, Escocia, en 1927, es el principal organismo que representa los intereses de los servicios de las bibliotecas, la informaci\u00f3n y sus usuarios; es la voz global de esos recintos y de los profesionales de la informaci\u00f3n. \u201cCuenta con m\u00e1s de 90 a\u00f1os de trabajo y con numerosos miembros de m\u00e1s de 150 pa\u00edses, mantiene estrechas relaciones con organismos internacionales como la ONU y la Unesco\u201d.<\/p>\n\n\n\n<p class=\"wp-block-paragraph\">La colaboraci\u00f3n entre el IIBI y la secci\u00f3n de Am\u00e9rica Latina y el Caribe de IFLA data de 1985 y se estableci\u00f3 a trav\u00e9s del proyecto institucional INFOBILA.<\/p>\n\n\n\n<p class=\"wp-block-paragraph\">A su vez, Jonathan Hern\u00e1ndez P\u00e9rez, investigador del IIBI y Chair de IFLA Advisory Committee on Freedom of Access to Information and Freedom of Expression, subray\u00f3 que la libertad de expresi\u00f3n permear\u00e1 en las actividades. \u201cEse derecho humano fundamental que enfrenta nuevas amenazas en el entorno digital, donde algoritmos y plataformas limitan el acceso a la informaci\u00f3n, moldean la opini\u00f3n p\u00fablica y fomentan entornos de polarizaci\u00f3n\u201d.<\/p>\n\n\n\n<p class=\"wp-block-paragraph\">En al acto inaugural estuvieron, entre otros,&nbsp;Leslie Weir, directora de la Biblioteca y Archivos Nacionales de Canad\u00e1 y presidenta electa de la IFLA; Sara Benson, Copyright Librarian and Associate Professor, de la University of Illinois y representante de la IFLA Advisory Committee on Copyright and other Legal Matters; adem\u00e1s de Jeannette Lebr\u00f3n Ramos, del Sistema de Bibliotecas de la Universidad de Puerto Rico y Chair de la Divisi\u00f3n Regional de Am\u00e9rica Latina y el Caribe de la IFLA.<\/p>\n\n\n\n<p class=\"wp-block-paragraph\">\u2014o0o\u2014<\/p>\n\n\n\n<figure class=\"wp-block-table\"><table class=\"has-fixed-layout\"><tbody><tr><td>Conoce m\u00e1s de la<strong>&nbsp;Universidad Nacional,&nbsp;<\/strong>visita<strong>:&nbsp;<\/strong><a href=\"http:\/\/www.dgcs.unam.mx\/\"><strong><em>www.dgcs.unam.mx<\/em><\/strong><\/a><a href=\"http:\/\/www.unamglobal.unam.mx\/\"><strong><em>www.unamglobal.unam.mx<\/em><\/strong><\/a><\/td><\/tr><\/tbody><\/table><\/figure>\n","protected":false},"excerpt":{"rendered":"<p>Empez\u00f3 en la UNAM el Mexican Information Global Forum Miguel Armando L\u00f3pez Leyva, Georgina Araceli Torres Vargas, Jonathan Hern\u00e1ndez P\u00e9rez, Leslie Weir, Sara Benson y Jeannette Lebr\u00f3n Ramos, participaron en la inauguraci\u00f3n Redacci\u00f3n&nbsp; SemM\u00e9xico, Cd. de M\u00e9xico, 7 de agosto, 2024.-El vertiginoso avance de la inteligencia artificial nos obliga a repensar en la l\u00f3gica de [&hellip;]<\/p>\n","protected":false},"author":3,"featured_media":85292,"comment_status":"open","ping_status":"open","sticky":false,"template":"","format":"standard","meta":{"_monsterinsights_skip_tracking":false,"footnotes":""},"categories":[682],"tags":[],"class_list":["post-85291","post","type-post","status-publish","format-standard","has-post-thumbnail","category-noticias"],"_links":{"self":[{"href":"https:\/\/redsemlac.com\/semmexico\/wp-json\/wp\/v2\/posts\/85291","targetHints":{"allow":["GET"]}}],"collection":[{"href":"https:\/\/redsemlac.com\/semmexico\/wp-json\/wp\/v2\/posts"}],"about":[{"href":"https:\/\/redsemlac.com\/semmexico\/wp-json\/wp\/v2\/types\/post"}],"author":[{"embeddable":true,"href":"https:\/\/redsemlac.com\/semmexico\/wp-json\/wp\/v2\/users\/3"}],"replies":[{"embeddable":true,"href":"https:\/\/redsemlac.com\/semmexico\/wp-json\/wp\/v2\/comments?post=85291"}],"version-history":[{"count":0,"href":"https:\/\/redsemlac.com\/semmexico\/wp-json\/wp\/v2\/posts\/85291\/revisions"}],"wp:featuredmedia":[{"embeddable":true,"href":"https:\/\/redsemlac.com\/semmexico\/wp-json\/wp\/v2\/media\/85292"}],"wp:attachment":[{"href":"https:\/\/redsemlac.com\/semmexico\/wp-json\/wp\/v2\/media?parent=85291"}],"wp:term":[{"taxonomy":"category","embeddable":true,"href":"https:\/\/redsemlac.com\/semmexico\/wp-json\/wp\/v2\/categories?post=85291"},{"taxonomy":"post_tag","embeddable":true,"href":"https:\/\/redsemlac.com\/semmexico\/wp-json\/wp\/v2\/tags?post=85291"}],"curies":[{"name":"wp","href":"https:\/\/api.w.org\/{rel}","templated":true}]}}