{"id":85287,"date":"2024-08-07T08:36:57","date_gmt":"2024-08-07T14:36:57","guid":{"rendered":"https:\/\/redsemlac.com\/semmexico\/?p=85287"},"modified":"2024-08-07T08:36:58","modified_gmt":"2024-08-07T14:36:58","slug":"implementan-ine-y-unam-instrumentos-para-medir-nivel-de-riesgo-de-mujeres-que-presentan-una-queja-o-denuncia-por-vpmrg","status":"publish","type":"post","link":"https:\/\/redsemlac.com\/semmexico\/implementan-ine-y-unam-instrumentos-para-medir-nivel-de-riesgo-de-mujeres-que-presentan-una-queja-o-denuncia-por-vpmrg\/","title":{"rendered":"Implementan INE y UNAM instrumentos para medir nivel de riesgo de mujeres que presentan una queja o denuncia por VPMRG"},"content":{"rendered":"\n<p class=\"wp-block-paragraph\"><em>Hasta el 30 de septiembre, podr\u00e1n participar 150 mujeres precandidatas y\/o candidatas y 150 que hayan ocupado alg\u00fan cargo o lo ejerzan actualmente<\/em><\/p>\n\n\n\n<p class=\"wp-block-paragraph\">Redacci\u00f3n<\/p>\n\n\n\n<p class=\"wp-block-paragraph\">SemM\u00e9xico, Cd. de M\u00e9xico, 7 de agosto, 2024.- La Unidad T\u00e9cnica de lo Contencioso Electoral (UTCE) del Instituto Nacional Electoral (INE), en colaboraci\u00f3n con la Facultad de Psicolog\u00eda de la Universidad Nacional Aut\u00f3noma de M\u00e9xico (UNAM), desarrollaron dos instrumentos para medir el nivel de riesgo en el que se pueden encontrar mujeres que presentan una queja y\/o denuncia por Violencia Pol\u00edtica contra las Mujeres en Raz\u00f3n de G\u00e9nero (VPMRG).<\/p>\n\n\n\n<p class=\"wp-block-paragraph\">Los instrumentos, que consisten en dos cuestionarios, se enmarcan en el&nbsp;<em>Protocolo del INE para la atenci\u00f3n a v\u00edctimas y la elaboraci\u00f3n del an\u00e1lisis de riesgo en los casos de VPMRG<\/em>&nbsp;-herramienta altamente necesaria para proteger su seguridad e integridad- y se busca que sirvan para el dictado de las medidas de protecci\u00f3n id\u00f3neas en cada caso.<\/p>\n\n\n\n<p class=\"wp-block-paragraph\">El objetivo de estos tamizajes es identificar la existencia de riesgo y el nivel al que puede estar expuesta la mujer denunciante, su familia o equipo de trabajo, como consecuencia de expresiones y conductas de VPMRG, en el ejercicio de sus derechos pol\u00edticos y electorales.<\/p>\n\n\n\n<p class=\"wp-block-paragraph\">La implementaci\u00f3n se llevar\u00e1 a cabo mediante una prueba piloto en la que podr\u00e1n participar 300 mujeres: 150 que hayan sido precandidatas y\/o candidatas en los procesos electorales de 2021 y 2023-2024, as\u00ed como 150 que hayan ocupado alg\u00fan cargo de elecci\u00f3n popular o que lo ejerzan actualmente.<\/p>\n\n\n\n<figure class=\"wp-block-image\"><img decoding=\"async\" src=\"https:\/\/lh7-rt.googleusercontent.com\/docsz\/AD_4nXdBqCqWWOk6eAuMtwhHw5w3qyN5-RIC717HUwo8DBlWMh0MZVVGL0n0YNRto9tJSqXX0k9B-0yn4FaqP6hMhDU54V4XEzGfCAKo1OFVqFe3gn-KwvKPkMHGpj2QIihJp85uKyraG_srTRXaD_Vxe99-CwFVGqZaY5Qe-EXNJp3dcQnva5Ol3C4?key=qEjxMdYZWrPED1ynnD5pbg\" alt=\"C\u00f3digo QR\n\nDescripci\u00f3n generada autom\u00e1ticamente\"\/><\/figure>\n\n\n\n<p class=\"wp-block-paragraph\">La convocatoria para que las mujeres participantes respondan los cuestionarios, abarca del 15 de julio al 30 de septiembre de 2024. Para esto, deber\u00e1n acceder a las siguientes direcciones electr\u00f3nicas o a los c\u00f3digos&nbsp;<em>QR<\/em>:<\/p>\n\n\n\n<ul class=\"wp-block-list\">\n<li>Tamizaje de valoraci\u00f3n de riesgo de VPMRG, dirigido a mujeres precandidatas o candidatas para alg\u00fan cargo de elecci\u00f3n popular:\u00a0<a href=\"https:\/\/es.surveymonkey.com\/r\/XRGY9M5\">https:\/\/es.surveymonkey.com\/r\/XRGY9M5<\/a><\/li>\n<\/ul>\n\n\n\n<ul class=\"wp-block-list\">\n<li>Tamizaje de valoraci\u00f3n de riesgo de VPMRG, dirigido a mujeres que ejercen un cargo pol\u00edtico:\u00a0<a href=\"https:\/\/es.surveymonkey.com\/r\/ZWW2ZB8\">https:\/\/es.surveymonkey.com\/r\/ZWW2ZB8<\/a><\/li>\n<\/ul>\n\n\n\n<figure class=\"wp-block-image\"><img decoding=\"async\" src=\"https:\/\/lh7-rt.googleusercontent.com\/docsz\/AD_4nXdBqCqWWOk6eAuMtwhHw5w3qyN5-RIC717HUwo8DBlWMh0MZVVGL0n0YNRto9tJSqXX0k9B-0yn4FaqP6hMhDU54V4XEzGfCAKo1OFVqFe3gn-KwvKPkMHGpj2QIihJp85uKyraG_srTRXaD_Vxe99-CwFVGqZaY5Qe-EXNJp3dcQnva5Ol3C4?key=qEjxMdYZWrPED1ynnD5pbg\" alt=\"C\u00f3digo QR\n\nDescripci\u00f3n generada autom\u00e1ticamente\"\/><\/figure>\n\n\n\n<p class=\"wp-block-paragraph\">Esta acci\u00f3n forma parte del fortalecimiento de la metodolog\u00eda de los an\u00e1lisis de riesgo que se realizan a las mujeres que presentan una queja y\/o denuncia por VPMRG y se aplica en el marco del Convenio espec\u00edfico de colaboraci\u00f3n INE\/DJ\/168\/2023. Cabe mencionar que la informaci\u00f3n proporcionada en los cuestionarios ser\u00e1 tratada con absoluta confidencialidad y en forma an\u00f3nima.<\/p>\n","protected":false},"excerpt":{"rendered":"<p>Hasta el 30 de septiembre, podr\u00e1n participar 150 mujeres precandidatas y\/o candidatas y 150 que hayan ocupado alg\u00fan cargo o lo ejerzan actualmente Redacci\u00f3n SemM\u00e9xico, Cd. de M\u00e9xico, 7 de agosto, 2024.- La Unidad T\u00e9cnica de lo Contencioso Electoral (UTCE) del Instituto Nacional Electoral (INE), en colaboraci\u00f3n con la Facultad de Psicolog\u00eda de la Universidad [&hellip;]<\/p>\n","protected":false},"author":3,"featured_media":85288,"comment_status":"open","ping_status":"open","sticky":false,"template":"","format":"standard","meta":{"_monsterinsights_skip_tracking":false,"footnotes":""},"categories":[141],"tags":[],"class_list":["post-85287","post","type-post","status-publish","format-standard","has-post-thumbnail","category-elecciones-2020-2021"],"_links":{"self":[{"href":"https:\/\/redsemlac.com\/semmexico\/wp-json\/wp\/v2\/posts\/85287","targetHints":{"allow":["GET"]}}],"collection":[{"href":"https:\/\/redsemlac.com\/semmexico\/wp-json\/wp\/v2\/posts"}],"about":[{"href":"https:\/\/redsemlac.com\/semmexico\/wp-json\/wp\/v2\/types\/post"}],"author":[{"embeddable":true,"href":"https:\/\/redsemlac.com\/semmexico\/wp-json\/wp\/v2\/users\/3"}],"replies":[{"embeddable":true,"href":"https:\/\/redsemlac.com\/semmexico\/wp-json\/wp\/v2\/comments?post=85287"}],"version-history":[{"count":0,"href":"https:\/\/redsemlac.com\/semmexico\/wp-json\/wp\/v2\/posts\/85287\/revisions"}],"wp:featuredmedia":[{"embeddable":true,"href":"https:\/\/redsemlac.com\/semmexico\/wp-json\/wp\/v2\/media\/85288"}],"wp:attachment":[{"href":"https:\/\/redsemlac.com\/semmexico\/wp-json\/wp\/v2\/media?parent=85287"}],"wp:term":[{"taxonomy":"category","embeddable":true,"href":"https:\/\/redsemlac.com\/semmexico\/wp-json\/wp\/v2\/categories?post=85287"},{"taxonomy":"post_tag","embeddable":true,"href":"https:\/\/redsemlac.com\/semmexico\/wp-json\/wp\/v2\/tags?post=85287"}],"curies":[{"name":"wp","href":"https:\/\/api.w.org\/{rel}","templated":true}]}}