{"id":85274,"date":"2024-08-06T12:48:26","date_gmt":"2024-08-06T18:48:26","guid":{"rendered":"https:\/\/redsemlac.com\/semmexico\/?p=85274"},"modified":"2024-08-06T12:48:27","modified_gmt":"2024-08-06T18:48:27","slug":"si-hubo-tortura-en-la-detencion-de-dos-mujeres-de-la-okupaal-ser-desalojadas-de-la-cndh-hace-dos-anos","status":"publish","type":"post","link":"https:\/\/redsemlac.com\/semmexico\/si-hubo-tortura-en-la-detencion-de-dos-mujeres-de-la-okupaal-ser-desalojadas-de-la-cndh-hace-dos-anos\/","title":{"rendered":"S\u00ed hubo tortura en la detenci\u00f3n de dos mujeres de la \u00abOkupa\u00bbal ser desalojadas\u00a0 de la CNDH hace dos a\u00f1os"},"content":{"rendered":"\n<p class=\"wp-block-paragraph\">Hace tres a\u00f1os un grupo de mujeres tom\u00f3 la Comisi\u00f3n Nacional de Derechos Humanos \/ Archivo El Sol de M\u00e9xico<\/p>\n\n\n\n<p class=\"wp-block-paragraph\">Los actos de tortura se registraron el 15 de abril de 2022 hoy recomendaci\u00f3n de la misma CNDH<\/p>\n\n\n\n<p class=\"wp-block-paragraph\">Las autoridades de la ciudad deben resarcir el da\u00f1o por la detenci\u00f3n ilegal de las\u00a0dos manifestantes<\/p>\n\n\n\n<p class=\"wp-block-paragraph\">Karla Mora&nbsp;<\/p>\n\n\n\n<p class=\"wp-block-paragraph\">SemM\u00e9xico\/ El Sol de M\u00e9xico, Cd. de M\u00e9xico, 6 de agosto, 2024.- La&nbsp;Comisi\u00f3n de Derechos Humanos de la Ciudad de M\u00e9xico&nbsp;(CDHCM) emiti\u00f3 una&nbsp;recomendaci\u00f3n&nbsp;dirigida a la&nbsp;Secretar\u00eda de Seguridad Ciudadana y a la Fiscal\u00eda de Justicia, ambas locales, por&nbsp;cometer actos de tortura el 15 de abril del 2022, durante la&nbsp;detenci\u00f3n ilegal de dos mujeres que ten\u00edan ocupada la sede de la Comisi\u00f3n Nacional de Derechos Humanos, en el&nbsp;Centro Hist\u00f3rico.<\/p>\n\n\n\n<p class=\"wp-block-paragraph\">El organismo acredit\u00f3 que&nbsp;la Secretar\u00eda de Seguridad Ciudadana&nbsp;(SSC)&nbsp;vulner\u00f3 los derechos de Magdaeva Tamara Soberanes Flores y Karla Itzel Tello Iglesias, quienes se encontraban en el inmueble ubicado en la calle Rep\u00fablica de Cuba 60, cuando los elementos policiacos realizaron un cateo, con la intenci\u00f3n de&nbsp;recuperar el inmueble.<\/p>\n\n\n\n<p class=\"wp-block-paragraph\">Seg\u00fan las pruebas recabadas por la comisi\u00f3n, al momento de la detenci\u00f3n,&nbsp;las mujeres no fueron informadas sobre los motivos de \u00e9sta,&nbsp;adem\u00e1s de que&nbsp;sufrieron golpes,&nbsp;amenazas&nbsp;e&nbsp;insultos&nbsp;por parte de mujeres polic\u00edas.<\/p>\n\n\n\n<p class=\"wp-block-paragraph\">Incluso, cuando las trasladaban el&nbsp;Ministerio P\u00fablico&nbsp;a bordo de una patrulla, una de las uniformadas que las detuvo jal\u00f3 del cabello a Magdaeva y meti\u00f3 sus dedos en la boca, para evitar que continuara gritando.<\/p>\n\n\n\n<p class=\"wp-block-paragraph\">Ya en el Ministerio P\u00fablico al que las trasladaron, al hacerles una revisi\u00f3n f\u00edsica, las hicieron desnudarse, para tomarles fotograf\u00edas. Bajo pretexto de la inspecci\u00f3n, polic\u00edas de investigaci\u00f3n introdujeron sus dedos a las partes \u00edntimas de las v\u00edctimas, esto a pesar de que&nbsp;Magdaeva Soberanes&nbsp;les dijo que estaba menstruando.<\/p>\n\n\n\n<p class=\"wp-block-paragraph\">En abril de 2022&nbsp;se inici\u00f3 una investigaci\u00f3n en la Fiscal\u00eda para la Investigaci\u00f3n de los Delitos Cometidos por Servidores P\u00fablicos&nbsp;por el delito de&nbsp;ejercicio abusivo de funciones&nbsp;en el \u00e1mbito de la procuraci\u00f3n de justicia, derivado de las agresiones que recibieron las mujeres.<\/p>\n\n\n\n<p class=\"wp-block-paragraph\">La&nbsp;recomendaci\u00f3n&nbsp;de la&nbsp;CDHCM&nbsp;insta a la&nbsp;Fiscal\u00eda y a la SSC&nbsp;a inscribir a las dos mujeres, v\u00edctimas directas, y a otras nueve personas familiares de ellas, consideradas v\u00edctimas indirectas, en el&nbsp;Registro de V\u00edctimas de la Ciudad de M\u00e9xico&nbsp;en un&nbsp;plazo no mayor a 180 d\u00edas naturales.<\/p>\n\n\n\n<p class=\"wp-block-paragraph\">De acuerdo con la&nbsp;Ley de V\u00edctimas de la CdMx,&nbsp;la inscripci\u00f3n en dicho registro permite a las personas acceder a los recursos del Fondo de Ayuda, Asistencia y Reparaci\u00f3n Integral para la reparaci\u00f3n integral del da\u00f1o.&nbsp;Tambi\u00e9n&nbsp;les da derecho a mecanismos y procedimientos que permita a las v\u00edctimas acceder a la justicia.<\/p>\n\n\n\n<p class=\"wp-block-paragraph\">En un plazo que no exceda los 90 d\u00edas naturales a partir de haber aceptado la recomendaci\u00f3n, la&nbsp;SSC&nbsp;y la&nbsp;Fiscal\u00eda&nbsp;deber\u00e1n&nbsp;instruir a sus respectivas direcciones de asuntos internos para iniciar los procedimientos administrativos correspondiente&nbsp;y, si es el caso,&nbsp;sancionar a las polic\u00edas implicadas.<\/p>\n\n\n\n<p class=\"wp-block-paragraph\">En cuanto a la&nbsp;Fiscal\u00eda, en&nbsp;un plazo no mayor a 365 d\u00edas naturales&nbsp;contados a partir de que acepte la&nbsp;recomendaci\u00f3n&nbsp;realizar\u00e1 un&nbsp;acto p\u00fablico de reconocimiento de responsabilidad, dirigido a las&nbsp;v\u00edctimas&nbsp;directas. En el mismo periodo&nbsp;presentar\u00e1 el informe sobre patrones y modalidades de tortura.<\/p>\n","protected":false},"excerpt":{"rendered":"<p>Hace tres a\u00f1os un grupo de mujeres tom\u00f3 la Comisi\u00f3n Nacional de Derechos Humanos \/ Archivo El Sol de M\u00e9xico Los actos de tortura se registraron el 15 de abril de 2022 hoy recomendaci\u00f3n de la misma CNDH Las autoridades de la ciudad deben resarcir el da\u00f1o por la detenci\u00f3n ilegal de las\u00a0dos manifestantes Karla [&hellip;]<\/p>\n","protected":false},"author":3,"featured_media":85275,"comment_status":"open","ping_status":"open","sticky":false,"template":"","format":"standard","meta":{"_monsterinsights_skip_tracking":false,"footnotes":""},"categories":[694,48],"tags":[],"class_list":["post-85274","post","type-post","status-publish","format-standard","has-post-thumbnail","category-destacadas","category-no-mas-impunidad-no-mas-impunidad"],"_links":{"self":[{"href":"https:\/\/redsemlac.com\/semmexico\/wp-json\/wp\/v2\/posts\/85274","targetHints":{"allow":["GET"]}}],"collection":[{"href":"https:\/\/redsemlac.com\/semmexico\/wp-json\/wp\/v2\/posts"}],"about":[{"href":"https:\/\/redsemlac.com\/semmexico\/wp-json\/wp\/v2\/types\/post"}],"author":[{"embeddable":true,"href":"https:\/\/redsemlac.com\/semmexico\/wp-json\/wp\/v2\/users\/3"}],"replies":[{"embeddable":true,"href":"https:\/\/redsemlac.com\/semmexico\/wp-json\/wp\/v2\/comments?post=85274"}],"version-history":[{"count":0,"href":"https:\/\/redsemlac.com\/semmexico\/wp-json\/wp\/v2\/posts\/85274\/revisions"}],"wp:featuredmedia":[{"embeddable":true,"href":"https:\/\/redsemlac.com\/semmexico\/wp-json\/wp\/v2\/media\/85275"}],"wp:attachment":[{"href":"https:\/\/redsemlac.com\/semmexico\/wp-json\/wp\/v2\/media?parent=85274"}],"wp:term":[{"taxonomy":"category","embeddable":true,"href":"https:\/\/redsemlac.com\/semmexico\/wp-json\/wp\/v2\/categories?post=85274"},{"taxonomy":"post_tag","embeddable":true,"href":"https:\/\/redsemlac.com\/semmexico\/wp-json\/wp\/v2\/tags?post=85274"}],"curies":[{"name":"wp","href":"https:\/\/api.w.org\/{rel}","templated":true}]}}