{"id":85184,"date":"2024-08-05T18:14:15","date_gmt":"2024-08-06T00:14:15","guid":{"rendered":"https:\/\/redsemlac.com\/semmexico\/?p=85184"},"modified":"2024-08-05T18:14:16","modified_gmt":"2024-08-06T00:14:16","slug":"la-uam-propicio-el-impacto-en-politicas-universitarias-de-iniciativas-feministas","status":"publish","type":"post","link":"https:\/\/redsemlac.com\/semmexico\/la-uam-propicio-el-impacto-en-politicas-universitarias-de-iniciativas-feministas\/","title":{"rendered":"La UAM propici\u00f3 el impacto en pol\u00edticas universitarias de iniciativas feministas"},"content":{"rendered":"\n<p class=\"wp-block-paragraph\"><em>*<\/em>Feministas irrumpieron luego de emerger y desarrollarse en contextos sociales y pol\u00edticos muy limitados para desenvolverse a trav\u00e9s de la docencia<\/p>\n\n\n\n<p class=\"wp-block-paragraph\">&nbsp;Cuenta esta historia Ana Lau Jaiven, la historiadora de las feministas en M\u00e9xico<\/p>\n\n\n\n<p class=\"wp-block-paragraph\">Ana Mar\u00eda Lozada*<\/p>\n\n\n\n<p class=\"wp-block-paragraph\">SemM\u00e9xico, Cd. de M\u00e9xico, 5 de agosto, 2024.- La fundaci\u00f3n de la Universidad Aut\u00f3noma Metropolitana (UAM) propici\u00f3 la oportunidad para que las iniciativas de acad\u00e9micas feministas empezaran a impactar en las pol\u00edticas universitarias de la reci\u00e9n fundada Unidad Xochimilco, afirm\u00f3 la doctora &nbsp;e historiadora Ana Lau Jaiven, investigadora del Departamento de Pol\u00edtica y Cultura de esta casa de estudios.&nbsp;<\/p>\n\n\n\n<p class=\"wp-block-paragraph\">Al participar en el conversatorio&nbsp;<em>La trayectoria de las mujeres en su paso por la UAM 1974-2024<\/em>, como parte del Festival de Ciencias Sociales y Humanidades convocado por dicho plantel, abund\u00f3 en la forma que irrumpieron las feministas luego de emerger y desarrollarse en contextos sociales y pol\u00edticos muy limitados para desenvolverse a trav\u00e9s de la docencia, se\u00f1al\u00f3.&nbsp;<\/p>\n\n\n\n<p class=\"wp-block-paragraph\">En ese contexto, la especialista visibiliz\u00f3 que desde su fundaci\u00f3n se titulan m\u00e1s mujeres que hombres, \u201cpero no conocemos del todo c\u00f3mo se integran unos y otras al campo laboral\u201d.&nbsp;<\/p>\n\n\n\n<p class=\"wp-block-paragraph\">La coordinadora de la Maestr\u00eda en Estudios de la Mujer record\u00f3 que en los a\u00f1os 40 del siglo XX empezaron a registrarse titulaciones permanentes de poblaci\u00f3n femenina en diversas profesiones en las ciencias sociales y en la salud, pero la constituci\u00f3n de la UAM propici\u00f3 la oportunidad para que las iniciativas acad\u00e9micas feministas empezaran a impactar en las pol\u00edticas universitarias, a pesar de que trastocaban la masculinidad de docentes y autoridades.&nbsp;<\/p>\n\n\n\n<p class=\"wp-block-paragraph\">\u201cCobijadas por grupos feministas que se conformaron en M\u00e9xico desde los a\u00f1os 70 del siglo pasado y amparadas en la reciente fundaci\u00f3n de la Unidad Xochimilco, en noviembre de 1974 las profesoras feministas, que se hab\u00edan incorporado a esta sede, se reconocieron entre ellas e integraron en 1982 el Programa de la Mujer, para investigar y estudiar cuestiones de trabajo y violencia que impactaban a ese sector\u201d.<\/p>\n\n\n\n<figure class=\"wp-block-image size-large\"><a href=\"https:\/\/redsemlac.com\/semmexico\/wp-content\/uploads\/2024\/08\/uam-politicas-02.jpg\"><img decoding=\"async\" src=\"https:\/\/redsemlac.com\/semmexico\/wp-content\/uploads\/2024\/08\/uam-politicas-02-1024x682.jpg\" alt=\"\" class=\"wp-image-85185\"\/><\/a><\/figure>\n\n\n\n<p class=\"wp-block-paragraph\">La pionera del Doctorado en Estudios Feministas cit\u00f3 las estrategias para movilizar recursos e integrar el \u00e1rea de investigaci\u00f3n Mujer, identidad y poder, que en pr\u00f3ximos d\u00edas cumplir\u00e1 su 40 aniversario, siendo uno de los semilleros que abrieron brecha en este campo de estudios e investigaci\u00f3n en la capital.&nbsp;<\/p>\n\n\n\n<p class=\"wp-block-paragraph\">Desde su inauguraci\u00f3n en 1989, el \u00e1rea \u201ccongreg\u00f3 a una impresionante cantidad de alumnas \u00e1vidas de acercarse a la teor\u00eda feminista, primer curso de actualizaci\u00f3n en estudios de la mujer y del que debo apuntar fui egresada de la segunda generaci\u00f3n entre 1990 y 1991\u201d.&nbsp;<\/p>\n\n\n\n<p class=\"wp-block-paragraph\">M\u00e1s tarde, el posgrado del Departamento de Pol\u00edtica y Cultura ser\u00eda el primero en toda la Rep\u00fablica Mexicana que, aunque en 2012 se suprimi\u00f3 la especializaci\u00f3n para quedar como maestr\u00eda, hoy alcanza 13 generaciones y 26 a\u00f1os de vida con una aceptaci\u00f3n muy elevada y un excelente colectivo de docentes, para incidir en el programa de Doctorado en Ciencias Sociales, integrado por varias l\u00edneas de investigaci\u00f3n.&nbsp;<\/p>\n\n\n\n<p class=\"wp-block-paragraph\">En 1995 fue incorporada la L\u00ednea Mujer y relaciones de g\u00e9nero \u201cpara concentrarnos en la construcci\u00f3n y gesti\u00f3n del plan y programa del Doctorado en Estudios Feministas, segundo en esta materia en el pa\u00eds, aceptado en 2018 y con cuatro generaciones de egresados\u201d.<\/p>\n\n\n\n<p class=\"wp-block-paragraph\">La especialista en Historia del Feminismo Mexicano sostuvo que aun cuando esto demuestra la capacidad de avance e incidencia de la academia feminista en las pol\u00edticas p\u00fablicas de la Unidad, \u201cno podemos dar cuentas exitosas en t\u00e9rminos de prevenci\u00f3n, atenci\u00f3n y sanci\u00f3n de las m\u00faltiples violencias que vivimos las mujeres en el \u00e1mbito universitario\u201d.&nbsp;<\/p>\n\n\n\n<p class=\"wp-block-paragraph\">Sin embargo, \u201ces innegable que el pensamiento feminista encarnado en estudiantas (sic) y docentes perme\u00f3 entre sus cong\u00e9neres y se tradujo en acciones pol\u00edticas desde mediados del a\u00f1o 2000; las alumnas hartas de enfrentar violencia en las aulas iniciaron denuncias contra profesoras y profesores que hab\u00edan violentado a algunas de ellas\u201d.<\/p>\n\n\n\n<p class=\"wp-block-paragraph\">*Reportera&nbsp; de la UAM&nbsp;<\/p>\n\n\n\n<p class=\"wp-block-paragraph\"><\/p>\n","protected":false},"excerpt":{"rendered":"<p>*Feministas irrumpieron luego de emerger y desarrollarse en contextos sociales y pol\u00edticos muy limitados para desenvolverse a trav\u00e9s de la docencia &nbsp;Cuenta esta historia Ana Lau Jaiven, la historiadora de las feministas en M\u00e9xico Ana Mar\u00eda Lozada* SemM\u00e9xico, Cd. de M\u00e9xico, 5 de agosto, 2024.- La fundaci\u00f3n de la Universidad Aut\u00f3noma Metropolitana (UAM) propici\u00f3 la [&hellip;]<\/p>\n","protected":false},"author":3,"featured_media":85186,"comment_status":"open","ping_status":"open","sticky":false,"template":"","format":"standard","meta":{"_monsterinsights_skip_tracking":false,"footnotes":""},"categories":[748],"tags":[],"class_list":["post-85184","post","type-post","status-publish","format-standard","has-post-thumbnail","category-cultura-feminista"],"_links":{"self":[{"href":"https:\/\/redsemlac.com\/semmexico\/wp-json\/wp\/v2\/posts\/85184","targetHints":{"allow":["GET"]}}],"collection":[{"href":"https:\/\/redsemlac.com\/semmexico\/wp-json\/wp\/v2\/posts"}],"about":[{"href":"https:\/\/redsemlac.com\/semmexico\/wp-json\/wp\/v2\/types\/post"}],"author":[{"embeddable":true,"href":"https:\/\/redsemlac.com\/semmexico\/wp-json\/wp\/v2\/users\/3"}],"replies":[{"embeddable":true,"href":"https:\/\/redsemlac.com\/semmexico\/wp-json\/wp\/v2\/comments?post=85184"}],"version-history":[{"count":0,"href":"https:\/\/redsemlac.com\/semmexico\/wp-json\/wp\/v2\/posts\/85184\/revisions"}],"wp:featuredmedia":[{"embeddable":true,"href":"https:\/\/redsemlac.com\/semmexico\/wp-json\/wp\/v2\/media\/85186"}],"wp:attachment":[{"href":"https:\/\/redsemlac.com\/semmexico\/wp-json\/wp\/v2\/media?parent=85184"}],"wp:term":[{"taxonomy":"category","embeddable":true,"href":"https:\/\/redsemlac.com\/semmexico\/wp-json\/wp\/v2\/categories?post=85184"},{"taxonomy":"post_tag","embeddable":true,"href":"https:\/\/redsemlac.com\/semmexico\/wp-json\/wp\/v2\/tags?post=85184"}],"curies":[{"name":"wp","href":"https:\/\/api.w.org\/{rel}","templated":true}]}}